{"id":4633,"date":"2025-02-13T15:46:28","date_gmt":"2025-02-13T18:46:28","guid":{"rendered":"https:\/\/13.com.ar\/index.php\/pero-ahora-sera-electrico-y-en-formato-suv\/"},"modified":"2025-02-13T15:46:28","modified_gmt":"2025-02-13T18:46:28","slug":"pero-ahora-sera-electrico-y-en-formato-suv","status":"publish","type":"post","link":"https:\/\/13.com.ar\/index.php\/pero-ahora-sera-electrico-y-en-formato-suv\/","title":{"rendered":"pero ahora ser\u00e1 el\u00e9ctrico y en formato SUV"},"content":{"rendered":"<p> <br \/>\n<br \/><img decoding=\"async\" src=\"https:\/\/13.com.ar\/wp-content\/uploads\/2025\/02\/pero-ahora-sera-electrico-y-en-formato-SUV.jpg\" \/><\/p>\n<div>\n<p>General Motors anunci\u00f3 que este a\u00f1o volver\u00e1 a vender el Spark en Argentina.  Lo curioso es que este nuevo modelo no tiene nada que ver con aquel citadino importado de Corea del Sur que supo venderse entre 2008 y 2017, sino que es una &#8220;reinterpretaci\u00f3n&#8221; en <strong>formato SUV y 100% el\u00e9ctrica<\/strong>.<\/p>\n<\/div>\n<div>\n<p>La marca no precis\u00f3 cu\u00e1ndo arribar\u00e1 al pa\u00eds ni su precio estimado, pero s\u00ed que forma parte de las <strong>cinco novedades previstas para este a\u00f1o<\/strong> entre las que se encuentra el Blazer EV, el primer modelo el\u00e9ctrico que la compa\u00f1\u00eda comercializar\u00e1 en Argentina, y el renovado Trailblazer.<\/p>\n<\/div>\n<div>\n<p>El nuevo Chevrolet Spark EUV llegar\u00e1 importado de China. Es un producto de la alianza SAIC-GM-Wulling, que en ese mercado se comercializa bajo el nombre Baojun Yep Plus.<\/p>\n<\/div>\n<div>\n<p>General Motors es la primera automotriz que anuncia la llegada de un modelo el\u00e9ctrico bajo el nuevo esquema tributario que tiene como finalidad fomentar el uso de modelos con energ\u00eda alternativa. <\/p>\n<\/div>\n<div>\n<p>Este beneficio correr\u00e1 para veh\u00edculos que tengan un <strong>precio FOB menor a 16.000 d\u00f3lares<\/strong>. Esta sigla proviene del ingl\u00e9s Free On Board y representa el valor de la mercader\u00eda o producto puesta a bordo de un transporte mar\u00edtimo. A ese valor luego hay que a\u00f1adirle el costo de los aranceles de importaci\u00f3n y los impuestos de cada pa\u00eds.<\/p>\n<\/div>\n<div>\n<p>Y aunque resulta dif\u00edcil determinar el precio FOB de cada producto, ya que los acuerdos entre vendedor y comprador pueden tener m\u00faltiples variables, se podr\u00eda decir que un modelo con un FOB de 16.000 d\u00f3lares resultar\u00e1 luego en un veh\u00edculo cuyo precio de mercado estar\u00e1 entre los <strong>25 y los 30 millones de pesos<\/strong>. <\/p>\n<\/div>\n<div>\n<p>En la Argentina, todo veh\u00edculo que llega importado &#8220;extra zona&#8221;, es decir, que no provenga de pa\u00edses con los que hay acuerdo de libre comercio, como Brasil y M\u00e9xico, debe abonar un<strong> arancel del 35%<\/strong>. Con lo que esta modificaci\u00f3n reducir\u00eda notablemente el costo de importaci\u00f3n. <\/p>\n<\/div>\n<div>\n<p>Se trata de un SUV compacto que mide 4 metros de largo, tiene una distancia entre ejes de 2,56 metros y una capacidad de ba\u00fal de 385 litros.<\/p>\n<\/div>\n<div>\n<p>En el mercado chino est\u00e1 equipado con un motor el\u00e9ctrico que entrega una potencia de 101 caballos de fuerza, alcanza los 150 km\/h y ofrece una autonom\u00eda de hasta <strong>400 kil\u00f3metros.<\/strong><\/p>\n<\/div>\n<div>\n<p>En el habit\u00e1culo se destacan dos pantallas de 10.25 pulgadas (una para el instrumental y otra para el sistema multimedia). El equipamiento en China tambi\u00e9n incluye varias asistencias a la conducci\u00f3n (estacionamiento autom\u00e1tico y asistente de mantenimiento de carril) y un sistema de visi\u00f3n 360 grados, entre otros elementos. <\/p>\n<\/div>\n<div>\n<p>GM Argentina anticip\u00f3 que el modelo se ofrecer\u00e1 en una configuraci\u00f3n tope de gama y tendr\u00e1 una combinaci\u00f3n \u00fanica para satisfacer las nuevas preferencias del mercado. <\/p>\n<\/div>\n<div>\n<p>\u201cEl Spark EUV llegar\u00e1 a la regi\u00f3n en 2025 para acercar la tecnolog\u00eda y la innovaci\u00f3n a los consumidores que buscan alternativas divertidas y sustentables, y con el diferencial de la marca Chevrolet\u201d, expres\u00f3 en un comunicado Santiago Chamorro, presidente de GM Sudam\u00e9rica.<\/p>\n<\/div>\n<p><br \/>\n<br \/><a href=\"https:\/\/www.clarin.com\/autos\/vuelve-chevrolet-spark-mercado-argentino-ahora-electrico-formato-suv_0_E6RqMmqJfJ.html\">Fuente Clarin.com <\/a><\/p>\n","protected":false},"excerpt":{"rendered":"<p>General Motors anunci\u00f3 que este a\u00f1o volver\u00e1 a vender el Spark en Argentina. Lo curioso es que este nuevo modelo no tiene nada que ver con aquel citadino importado de Corea del Sur que supo venderse entre 2008 y 2017, sino que es una &#8220;reinterpretaci\u00f3n&#8221; en formato SUV y 100% el\u00e9ctrica. La marca no precis\u00f3 [&hellip;]<\/p>\n","protected":false},"author":1,"featured_media":4634,"comment_status":"open","ping_status":"open","sticky":false,"template":"","format":"standard","meta":{"footnotes":""},"categories":[2],"tags":[1412,6665,6666,265,153,6667],"class_list":["post-4633","post","type-post","status-publish","format-standard","has-post-thumbnail","hentry","category-ultimas-noticias","tag-ahora","tag-electrico","tag-formato","tag-pero","tag-sera","tag-suv"],"_links":{"self":[{"href":"https:\/\/13.com.ar\/index.php\/wp-json\/wp\/v2\/posts\/4633","targetHints":{"allow":["GET"]}}],"collection":[{"href":"https:\/\/13.com.ar\/index.php\/wp-json\/wp\/v2\/posts"}],"about":[{"href":"https:\/\/13.com.ar\/index.php\/wp-json\/wp\/v2\/types\/post"}],"author":[{"embeddable":true,"href":"https:\/\/13.com.ar\/index.php\/wp-json\/wp\/v2\/users\/1"}],"replies":[{"embeddable":true,"href":"https:\/\/13.com.ar\/index.php\/wp-json\/wp\/v2\/comments?post=4633"}],"version-history":[{"count":0,"href":"https:\/\/13.com.ar\/index.php\/wp-json\/wp\/v2\/posts\/4633\/revisions"}],"wp:featuredmedia":[{"embeddable":true,"href":"https:\/\/13.com.ar\/index.php\/wp-json\/wp\/v2\/media\/4634"}],"wp:attachment":[{"href":"https:\/\/13.com.ar\/index.php\/wp-json\/wp\/v2\/media?parent=4633"}],"wp:term":[{"taxonomy":"category","embeddable":true,"href":"https:\/\/13.com.ar\/index.php\/wp-json\/wp\/v2\/categories?post=4633"},{"taxonomy":"post_tag","embeddable":true,"href":"https:\/\/13.com.ar\/index.php\/wp-json\/wp\/v2\/tags?post=4633"}],"curies":[{"name":"wp","href":"https:\/\/api.w.org\/{rel}","templated":true}]}}