{"id":46319,"date":"2025-07-29T16:09:56","date_gmt":"2025-07-29T19:09:56","guid":{"rendered":"https:\/\/13.com.ar\/index.php\/una-baja-de-retenciones-que-no-resuelve-el-desastre-creado\/"},"modified":"2025-07-29T16:09:56","modified_gmt":"2025-07-29T19:09:56","slug":"una-baja-de-retenciones-que-no-resuelve-el-desastre-creado","status":"publish","type":"post","link":"https:\/\/13.com.ar\/index.php\/una-baja-de-retenciones-que-no-resuelve-el-desastre-creado\/","title":{"rendered":"Una baja de retenciones que no resuelve el desastre creado"},"content":{"rendered":"<p> <br \/>\n<br \/><img decoding=\"async\" src=\"https:\/\/13.com.ar\/wp-content\/uploads\/2025\/07\/Una-baja-de-retenciones-que-no-resuelve-el-desastre-creado.jpg\" \/><\/p>\n<div id=\"element-body-0\">\n<p>En un duro comunicado, la Secretar\u00eda de Asuntos Agrarios del Consejo Nacional del Partido Justicialista cuestion\u00f3 en\u00e9rgicamente el reciente anuncio del presidente Javier Milei sobre la baja de retenciones a las exportaciones agropecuarias. Lejos de considerarlo una medida beneficiosa, el espacio peronista acus\u00f3 al gobierno de <strong>desfinanciar al sector<\/strong> mientras mantiene pol\u00edticas que deterioran la rentabilidad del productor y golpean al consumo interno.<\/p>\n<\/div>\n<div id=\"element-body-1\">\n<p>Uno de los principales cuestionamientos apunta al \u201cr\u00e9cord\u201d de exportaciones de carne vacuna que el presidente celebr\u00f3 p\u00fablicamente. Seg\u00fan el PJ, <strong>ese hito de 900 mil toneladas exportadas se alcanz\u00f3 sacrificando el consumo local<\/strong>: \u201cLos argentinos dejamos de consumir 6 kilos per c\u00e1pita, lo que equivale a 250 mil toneladas menos en el mercado interno\u201d. En este sentido, denuncian que la baja en las retenciones -de 6,75% a 5% en carne y de 12% a 9,5% en ma\u00edz- no alcanza para equilibrar <strong>una estructura de costos cada vez m\u00e1s alta<\/strong>.<\/p>\n<\/div>\n<div id=\"element-body-2\">\n<p>\u201cEl costo de producci\u00f3n es mayor al beneficio que se obtiene\u201d, se\u00f1alan en el documento. Adem\u00e1s, se advierte sobre <strong>una crisis silenciosa en los frigor\u00edficos<\/strong>, muchos de los cuales -seg\u00fan el comunicado- han despedido o suspendido personal, con rentabilidades deterioradas por el aumento de tarifas en energ\u00eda y transporte. A esto se suma que \u201c<strong>no se ha registrado un incremento en el rodeo<\/strong> ni en el volumen total de carne producida\u201d.<\/p>\n<\/div>\n<div id=\"element-body-3\">\n<p>El documento tambi\u00e9n acusa al presidente de ignorar la situaci\u00f3n real del productor. \u201cUna vez m\u00e1s <strong>hace anuncios sin tener en cuenta la rentabilidad del campo<\/strong>\u201d, afirman desde el PJ y critican duramente las afirmaciones del mandatario sobre el supuesto \u201crelato antiempresa del peronismo\u201d. En respuesta, reivindican que <strong>los gobiernos justicialistas garantizaron m\u00e1rgenes positivos para los productores<\/strong>, con precios de combustibles controlados y un tipo de cambio competitivo.<\/p>\n<\/div>\n<div id=\"element-body-4\">\n<p>Como prueba de sus afirmaciones, el PJ cita un informe oficial elaborado por la Secretar\u00eda de Agricultura del Ministerio de Econom\u00eda, publicado en julio de 2025, que refleja<strong> una ca\u00edda generalizada de los m\u00e1rgenes netos para todos los cultivos <\/strong>respecto a informes anteriores y especialmente en los campos arrendados. El aumento en d\u00f3lares de insumos estrat\u00e9gicos como los fertilizantes y la baja en los precios de los cultivos empeoran la ecuaci\u00f3n productiva, \u201csumando p\u00e9rdidas en todas las regiones productivas\u201d, remarca el comunicado.<\/p>\n<\/div>\n<div id=\"element-body-5\">\n<p>En tono de denuncia, el escrito sostiene que la reducci\u00f3n de retenciones es <strong>\u201cun intento por enmendar el desastre que el propio gobierno gener\u00f3<\/strong>\u201d, y atribuye la p\u00e9rdida de rentabilidad a una combinaci\u00f3n de <strong>derechos de exportaci\u00f3n altos y un d\u00f3lar oficial artificialmente bajo<\/strong>, sostenido \u2014afirman\u2014 por la intervenci\u00f3n diaria del Banco Central. Tambi\u00e9n apuntan al endeudamiento externo por 22 mil millones de d\u00f3lares adicionales, la ca\u00edda del consumo popular y la par\u00e1lisis en sectores clave como las econom\u00edas regionales y la industria de maquinaria agr\u00edcola.<\/p>\n<\/div>\n<div id=\"element-body-6\">\n<p>En el plano pol\u00edtico, <strong>el PJ acusa al Presidente de dividir a la sociedad con discursos confrontativos<\/strong>, atacando sin fundamento a quienes defienden una Argentina \u201csolidaria y democr\u00e1tica\u201d. Ejemplifican con la reciente respuesta del mandatario a reclamos por infraestructura rural, inversi\u00f3n en el INTA y SENASA, y mejoras en la red vial, a lo que Milei  responsabiliz\u00f3 a la \u201cjusticia social\u201d y a los \u201cderechos constitucionales\u201d de haber obstaculizado la baja de retenciones en el pasado.<\/p>\n<\/div>\n<div id=\"element-body-7\">\n<p>En un p\u00e1rrafo especialmente cr\u00edtico, el documento sostiene que el Presidente &#8220;mostr\u00f3<strong> una bajeza nunca vista<\/strong>&#8221; al acusar sin pruebas a dirigentes pol\u00edticos de promover delitos rurales como la rotura de silobolsas o el robo de ganado. Tambi\u00e9n califican de \u201cdisparate\u201d el c\u00e1lculo presidencial seg\u00fan el cual devolver fondos a las provincias y mejorar jubilaciones implicar\u00eda un endeudamiento equivalente al 350% del PBI.<\/p>\n<\/div>\n<div id=\"element-body-8\">\n<p>En su tramo final, el comunicado enfatiza que<strong> la verdadera base econ\u00f3mica del pa\u00eds sigue siendo el agro<\/strong>: \u201cSeis de cada diez d\u00f3lares que ingresan al pa\u00eds provienen del campo. Pero con el festival de endeudamiento que usted est\u00e1 gestionando para sostener un d\u00f3lar bajo, el ajuste volver\u00e1, como siempre, sobre los que producen\u201d, cierra el texto.<\/p>\n<\/div>\n<p><br \/>\n<br \/><a href=\"https:\/\/www.clarin.com\/rural\/criticas-pj-politica-agropecuaria-milei-baja-retenciones-resuelve-desastre-creado_0_S5QbHpimXQ.html\">Fuente Clarin.com <\/a><\/p>\n","protected":false},"excerpt":{"rendered":"<p>En un duro comunicado, la Secretar\u00eda de Asuntos Agrarios del Consejo Nacional del Partido Justicialista cuestion\u00f3 en\u00e9rgicamente el reciente anuncio del presidente Javier Milei sobre la baja de retenciones a las exportaciones agropecuarias. Lejos de considerarlo una medida beneficiosa, el espacio peronista acus\u00f3 al gobierno de desfinanciar al sector mientras mantiene pol\u00edticas que deterioran la [&hellip;]<\/p>\n","protected":false},"author":1,"featured_media":46320,"comment_status":"open","ping_status":"open","sticky":false,"template":"","format":"standard","meta":{"footnotes":""},"categories":[2],"tags":[524,6363,3120,8179,525,73],"class_list":["post-46319","post","type-post","status-publish","format-standard","has-post-thumbnail","hentry","category-ultimas-noticias","tag-baja","tag-creado","tag-desastre","tag-resuelve","tag-retenciones","tag-una"],"_links":{"self":[{"href":"https:\/\/13.com.ar\/index.php\/wp-json\/wp\/v2\/posts\/46319","targetHints":{"allow":["GET"]}}],"collection":[{"href":"https:\/\/13.com.ar\/index.php\/wp-json\/wp\/v2\/posts"}],"about":[{"href":"https:\/\/13.com.ar\/index.php\/wp-json\/wp\/v2\/types\/post"}],"author":[{"embeddable":true,"href":"https:\/\/13.com.ar\/index.php\/wp-json\/wp\/v2\/users\/1"}],"replies":[{"embeddable":true,"href":"https:\/\/13.com.ar\/index.php\/wp-json\/wp\/v2\/comments?post=46319"}],"version-history":[{"count":0,"href":"https:\/\/13.com.ar\/index.php\/wp-json\/wp\/v2\/posts\/46319\/revisions"}],"wp:featuredmedia":[{"embeddable":true,"href":"https:\/\/13.com.ar\/index.php\/wp-json\/wp\/v2\/media\/46320"}],"wp:attachment":[{"href":"https:\/\/13.com.ar\/index.php\/wp-json\/wp\/v2\/media?parent=46319"}],"wp:term":[{"taxonomy":"category","embeddable":true,"href":"https:\/\/13.com.ar\/index.php\/wp-json\/wp\/v2\/categories?post=46319"},{"taxonomy":"post_tag","embeddable":true,"href":"https:\/\/13.com.ar\/index.php\/wp-json\/wp\/v2\/tags?post=46319"}],"curies":[{"name":"wp","href":"https:\/\/api.w.org\/{rel}","templated":true}]}}