{"id":4626,"date":"2025-02-13T15:19:43","date_gmt":"2025-02-13T18:19:43","guid":{"rendered":"https:\/\/13.com.ar\/index.php\/otro-obispo-de-san-rafael-mendoza-renuncia-anticipadamente\/"},"modified":"2025-02-13T15:19:43","modified_gmt":"2025-02-13T18:19:43","slug":"otro-obispo-de-san-rafael-mendoza-renuncia-anticipadamente","status":"publish","type":"post","link":"https:\/\/13.com.ar\/index.php\/otro-obispo-de-san-rafael-mendoza-renuncia-anticipadamente\/","title":{"rendered":"Otro obispo de San Rafael, Mendoza, renuncia anticipadamente"},"content":{"rendered":"<p> <br \/>\n<br \/><img decoding=\"async\" src=\"https:\/\/13.com.ar\/wp-content\/uploads\/2025\/02\/Otro-obispo-de-San-Rafael-Mendoza-renuncia-anticipadamente.jpg\" \/><\/p>\n<div id=\"cuerpo\">\n<div class=\"sc-80531b6b-0 chRIGJ container-text text-embed\">\n<p>El Papa Francisco acept\u00f3 la renuncia anticipada de monse\u00f1or Carlos Mar\u00eda Dom\u00ednguez como obispo de San Rafael, en la provincia de Mendoza, una di\u00f3cesis que desde hace d\u00e9cadas est\u00e1 atravesada por la presencia de un clero muy conservador, resistente a los aires renovadores en la Iglesia, que oblig\u00f3 al Vaticano a cerrar en 2020 su concurrido seminario. Dominguez invoc\u00f3 &#8220;cuestiones personales&#8221;. <\/p>\n<\/div>\n<div class=\"sc-80531b6b-0 chRIGJ container-text text-embed\">\n<p>Se trata de la segunda renuncia consecutiva anticipada de un obispo en la di\u00f3cesis mendocina -tiene 59 a\u00f1os y pod\u00eda haber seguido hasta los 75, seg\u00fan las normas eclesi\u00e1sticas- tras la dimisi\u00f3n en 2022 de Eduardo Taussig, enfrentado con parte de los sacerdotes que resist\u00edan su indicaci\u00f3n de dar la comunidad (la hostia consagrada) en la mano por razones sanitarias a ra\u00edz de la pandemia.<\/p>\n<\/div>\n<div class=\"sc-80531b6b-0 chRIGJ container-text text-embed\">\n<p>La noticia fue difundida simult\u00e1neamente por El Vaticano y la agencia informativa cat\u00f3lica argentina AICA, que consign\u00f3 que el pont\u00edfice design\u00f3 como administrador apost\u00f3lico de la di\u00f3cesis -hasta tanto nombre definitivamente al reemplazante- a monse\u00f1or Marcelo Mazzitelli, actual obispo auxiliar de Mendoza, para continuar con la tarea religiosa. <\/p>\n<\/div>\n<div class=\"sc-80531b6b-0 chRIGJ container-text text-embed\">\n<p>Monse\u00f1or Dom\u00ednguez, quien estuvo al frente de la di\u00f3cesis durante tres a\u00f1os \u2014uno como administrador apost\u00f3lico y dos como obispo diocesano\u2014, expres\u00f3 en un comunicado su profundo dolor por esta decisi\u00f3n, la cual fue tomada por cuestiones personales. <\/p>\n<\/div>\n<div class=\"sc-80531b6b-0 chRIGJ container-text text-embed\">\n<p>&#8220;Intuyo la perplejidad que cause en todos ustedes esta noticia. Pero, cr\u00e9anme, esta decisi\u00f3n me causa un profundo dolor&#8221;, expres\u00f3 el prelado, quien destac\u00f3 que durante su tiempo al frente de la di\u00f3cesis, se entreg\u00f3 &#8220;con todo el coraz\u00f3n&#8221; al servicio pastoral. <\/p>\n<\/div>\n<div class=\"sc-80531b6b-0 chRIGJ container-text text-embed\">\n<p>En su mensaje, Dom\u00ednguez agradeci\u00f3 adem\u00e1s las constantes muestras de afecto y la oraci\u00f3n de los fieles, y pidi\u00f3 perd\u00f3n por las fallas que pudo haber tenido en su gesti\u00f3n.<\/p>\n<\/div>\n<div class=\"sc-80531b6b-0 chRIGJ container-text text-embed\">\n<p>&#8220;Los llevo a todos y a cada uno de ustedes en mi coraz\u00f3n: a mis hermanos sacerdotes, a los seminaristas, a los religiosos, religiosas y consagrados, a los laicos y a tantos que Dios puso en mi camino episcopal&#8221;, afirm\u00f3.<\/p>\n<\/div>\n<div class=\"sc-80531b6b-0 chRIGJ container-text text-embed\">\n<p>Tambi\u00e9n pidi\u00f3 oraciones por \u00e9l, se\u00f1alando que en estos momentos, &#8220;me hace mucha falta&#8221;, y asegur\u00f3 que \u00e9l seguir\u00eda rezando por la di\u00f3cesis. Adem\u00e1s, le agradeci\u00f3 al Papa Francisco la confianza depositada en \u00e9l.<\/p>\n<\/div>\n<div class=\"sc-80531b6b-0 chRIGJ container-text text-embed\">\n<p>La noticia de su renuncia caus\u00f3 gran impacto entre los fieles y la comunidad sanrafaelina, que valoraba su dedicaci\u00f3n y cercan\u00eda, seg\u00fan destac\u00f3 la agencia AICA.<\/p>\n<\/div>\n<div class=\"sc-80531b6b-0 chRIGJ container-text text-embed\">\n<p>Monse\u00f1or Dom\u00ednguez encomend\u00f3 a la di\u00f3cesis a la protecci\u00f3n de la Virgen de Lourdes y a San Rafael, mientras asegura que su amor por la di\u00f3cesis se mantiene intacto.<\/p>\n<\/div>\n<\/div>\n<p><br \/>\n<br \/><a href=\"https:\/\/www.clarin.com\/sociedad\/obispo-san-rafael-mendoza-renuncia-anticipadamente_0_R4XG5pdfiH.html\">Fuente Clarin.com <\/a><\/p>\n","protected":false},"excerpt":{"rendered":"<p>El Papa Francisco acept\u00f3 la renuncia anticipada de monse\u00f1or Carlos Mar\u00eda Dom\u00ednguez como obispo de San Rafael, en la provincia de Mendoza, una di\u00f3cesis que desde hace d\u00e9cadas est\u00e1 atravesada por la presencia de un clero muy conservador, resistente a los aires renovadores en la Iglesia, que oblig\u00f3 al Vaticano a cerrar en 2020 su [&hellip;]<\/p>\n","protected":false},"author":1,"featured_media":4627,"comment_status":"open","ping_status":"open","sticky":false,"template":"","format":"standard","meta":{"footnotes":""},"categories":[2],"tags":[6658,642,1713,366,6657,5534,451],"class_list":["post-4626","post","type-post","status-publish","format-standard","has-post-thumbnail","hentry","category-ultimas-noticias","tag-anticipadamente","tag-mendoza","tag-obispo","tag-otro","tag-rafael","tag-renuncia","tag-san"],"_links":{"self":[{"href":"https:\/\/13.com.ar\/index.php\/wp-json\/wp\/v2\/posts\/4626","targetHints":{"allow":["GET"]}}],"collection":[{"href":"https:\/\/13.com.ar\/index.php\/wp-json\/wp\/v2\/posts"}],"about":[{"href":"https:\/\/13.com.ar\/index.php\/wp-json\/wp\/v2\/types\/post"}],"author":[{"embeddable":true,"href":"https:\/\/13.com.ar\/index.php\/wp-json\/wp\/v2\/users\/1"}],"replies":[{"embeddable":true,"href":"https:\/\/13.com.ar\/index.php\/wp-json\/wp\/v2\/comments?post=4626"}],"version-history":[{"count":0,"href":"https:\/\/13.com.ar\/index.php\/wp-json\/wp\/v2\/posts\/4626\/revisions"}],"wp:featuredmedia":[{"embeddable":true,"href":"https:\/\/13.com.ar\/index.php\/wp-json\/wp\/v2\/media\/4627"}],"wp:attachment":[{"href":"https:\/\/13.com.ar\/index.php\/wp-json\/wp\/v2\/media?parent=4626"}],"wp:term":[{"taxonomy":"category","embeddable":true,"href":"https:\/\/13.com.ar\/index.php\/wp-json\/wp\/v2\/categories?post=4626"},{"taxonomy":"post_tag","embeddable":true,"href":"https:\/\/13.com.ar\/index.php\/wp-json\/wp\/v2\/tags?post=4626"}],"curies":[{"name":"wp","href":"https:\/\/api.w.org\/{rel}","templated":true}]}}