{"id":4624,"date":"2025-02-13T15:02:30","date_gmt":"2025-02-13T18:02:30","guid":{"rendered":"https:\/\/13.com.ar\/index.php\/edenor-y-edesur-prometen-inversiones-por-us-2-150-millones-para-bajar-los-cortes-de-luz-en-medio-de-la-negociacion-por-tarifas\/"},"modified":"2025-02-13T15:02:30","modified_gmt":"2025-02-13T18:02:30","slug":"edenor-y-edesur-prometen-inversiones-por-us-2-150-millones-para-bajar-los-cortes-de-luz-en-medio-de-la-negociacion-por-tarifas","status":"publish","type":"post","link":"https:\/\/13.com.ar\/index.php\/edenor-y-edesur-prometen-inversiones-por-us-2-150-millones-para-bajar-los-cortes-de-luz-en-medio-de-la-negociacion-por-tarifas\/","title":{"rendered":"Edenor y Edesur prometen inversiones por US$ 2.150 millones para bajar los cortes de luz, en medio de la negociaci\u00f3n por tarifas"},"content":{"rendered":"<p> <br \/>\n<br \/><img decoding=\"async\" src=\"https:\/\/13.com.ar\/wp-content\/uploads\/2025\/02\/Edenor-y-Edesur-prometen-inversiones-por-US-2150-millones-para.jpg\" \/><\/p>\n<div id=\"cuerpo\">\n<div class=\"sc-80531b6b-0 chRIGJ container-text text-embed\">\n<p>Las distribuidoras el\u00e9ctricas <strong>Edenor y Edesur<\/strong>, que operan en la Ciudad de Buenos Aires y el conurbano, se comprometieron a destinar <strong>inversiones por unos 2.150 millones de d\u00f3lares en los pr\u00f3ximos 5 a\u00f1os<\/strong> para bajar la frecuencia y duraci\u00f3n de los <strong>cortes de luz<\/strong>.<\/p>\n<\/div>\n<div class=\"sc-80531b6b-0 chRIGJ container-text text-embed\">\n<p>As\u00ed surge de la decena de documentos que presentaron las empresas ante el Ente Nacional Regulador de la Electricidad (ENRE) de cara a la <strong>audiencia p\u00fablica del jueves 27 de febrero<\/strong> para definir la Revisi\u00f3n Quinquenal Tarifaria (RQT), que derivar\u00e1 en un <strong>aumento de tarifas a partir del 1\u00b0 de abril<\/strong>.<\/p>\n<\/div>\n<div class=\"sc-80531b6b-0 chRIGJ container-text text-embed\">\n<p><strong>Edenor,<\/strong> controlada por Energ\u00eda del Cono Sur (Edelcos, de los empresarios <strong>Jos\u00e9 Luis Manzano, Daniel Vila y Mauricio Filiberti<\/strong>), pondr\u00e1 unos US$ 1.275 millones entre 2025 y 2029 en su red, mientras que <strong>Edesur<\/strong>, de la multinacional italiana <strong>Enel<\/strong>, desembolsar\u00e1 unos US$ 875 millones.<\/p>\n<\/div>\n<p><h2><strong>Los cortes de luz y las tarifas, en la mira<\/strong><\/h2>\n<\/p>\n<div class=\"sc-80531b6b-0 chRIGJ container-text text-embed\">\n<p>Como cont\u00f3 <strong>Clar\u00edn<\/strong>, el Gobierno puso como <strong>objetivo que los cortes de luz se reduzcan entre un 40% y un 50%<\/strong> -dependiendo de las zonas- al final de este per\u00edodo regulatorio de 5 a\u00f1os.<\/p>\n<\/div>\n<div class=\"sc-80531b6b-0 chRIGJ container-text text-embed\">\n<p>La RQT significa el regreso a la &#8220;<strong>normalizaci\u00f3n<\/strong>&#8221; de los servicios p\u00fablicos regulados de transporte y distribuci\u00f3n de energ\u00eda el\u00e9ctrica y de gas natural por redes, despu\u00e9s de que <strong>a partir de octubre 2019 se incumpliera la Revisi\u00f3n Tarifaria Integral <\/strong>(RTI) que hizo el expresidente Mauricio Macri y se volviera a una larga etapa de congelamiento de tarifas.<\/p>\n<\/div>\n<div class=\"sc-80531b6b-0 chRIGJ container-text text-embed\">\n<p>Con acuerdos y contratos firmados con entes reguladores aut\u00e1rquicos, y un camino de ajustes peri\u00f3dicos de sus ingresos (ser\u00edan mensuales), las empresas como Edenor, Edesur y Transener -entre otras en el sector el\u00e9ctrico que tienen regulaci\u00f3n nacional- podr\u00e1n tener <strong>certezas de mediano plazo<\/strong> en su operaci\u00f3n y buscar <strong>financiamiento <\/strong>a tasas de inter\u00e9s m\u00e1s accesibles en el mercado local e internacional.<\/p>\n<\/div>\n<div class=\"sc-80531b6b-0 chRIGJ container-text text-embed\">\n<p>Por el impacto social, medi\u00e1tico y econ\u00f3mico sobre los \u00edndices de inflaci\u00f3n, con posibles efectos electorales, que tiene la cuesti\u00f3n de las tarifas, <strong>el Gobierno solamente autorizar\u00e1 un aumento de hasta 9,9% final en las boletas de los usuarios por encima de la evoluci\u00f3n de los precios en abril<\/strong>, que incluso podr\u00eda ser dividido en 2 o 3 cuotas.<\/p>\n<\/div>\n<div class=\"sc-80531b6b-0 chRIGJ container-text text-embed\">\n<p>En todo el primer trimestre, el ministro de Econom\u00eda, Luis Caputo, buscar\u00e1 marcar una &#8220;pauta&#8221; de inflaci\u00f3n descendente a partir de la suba de los precios regulados que dependen de la Naci\u00f3n. Y <strong>desde mayo 2025 hasta diciembre de 2029 habr\u00eda incrementos mensuales sobre la base de \u00edndices de precios <\/strong>mayoristas, minoristas y la evoluci\u00f3n pasada de los salarios.<\/p>\n<\/div>\n<div class=\"sc-80531b6b-0 chRIGJ container-text text-embed\">\n<p>Uno de los grandes temas en discusi\u00f3n, fuera de esta audiencia p\u00fablica, es la diferencias entre &#8220;activos regulatorios&#8221; y &#8220;pasivos regulatorios&#8221;.<\/p>\n<\/div>\n<div class=\"sc-80531b6b-0 chRIGJ container-text text-embed\">\n<p><strong>Edenor y Edesur reclaman que por los incumplimientos del Estado nacional en la revisi\u00f3n tarifaria anterior no llegaron a percibir el equivalente a m\u00e1s de US$ 3.000 millones en total (&#8220;activo&#8221;)<\/strong>, mientras que el Gobierno busca regularizar la deuda de las distribuidoras con la Compa\u00f1\u00eda Administradora del Mercado Mayorista El\u00e9ctrico (Cammesa), que en el caso de las empresas del AMBA suma unos US$ 450 millones en conjunto (&#8220;pasivo&#8221;).<\/p>\n<\/div>\n<div class=\"sc-80531b6b-0 chRIGJ container-text text-embed\">\n<p>Se espera una<strong> tensa negociaci\u00f3n<\/strong> en ese sentido, porque implicar\u00e1 para el Estado reconocer una deuda originada entre el final del gobierno de Mauricio Macri, todo el per\u00edodo de Alberto Fern\u00e1ndez y los primeros meses de Javier Milei por no haber aumentado las tarifas en l\u00ednea con el incremento de los costos internos.<\/p>\n<\/div>\n<div class=\"sc-80531b6b-0 chRIGJ container-text text-embed\">\n<p>Mientras tanto, tambi\u00e9n existen tensiones por la tasa de rentabilidad sobre activos que dispuso el Gobierno, del 6,22% anual despu\u00e9s de impuestos para Edenor y Edesur, mientras los privados sostienen que por el riesgo pa\u00eds y las proyecciones a futuro su rentabilidad <strong>deber\u00eda estar por encima del 8% anual.<\/strong><\/p>\n<\/div>\n<\/div>\n<p><br \/>\n<br \/><a href=\"https:\/\/www.clarin.com\/economia\/edenor-edesur-prometen-inversiones-us-2150-millones-bajar-cortes-luz-medio-negociacion-tarifas_0_6JuzxiI2Td.html\">Fuente Clarin.com <\/a><\/p>\n","protected":false},"excerpt":{"rendered":"<p>Las distribuidoras el\u00e9ctricas Edenor y Edesur, que operan en la Ciudad de Buenos Aires y el conurbano, se comprometieron a destinar inversiones por unos 2.150 millones de d\u00f3lares en los pr\u00f3ximos 5 a\u00f1os para bajar la frecuencia y duraci\u00f3n de los cortes de luz. As\u00ed surge de la decena de documentos que presentaron las empresas [&hellip;]<\/p>\n","protected":false},"author":1,"featured_media":4625,"comment_status":"open","ping_status":"open","sticky":false,"template":"","format":"standard","meta":{"footnotes":""},"categories":[2],"tags":[2861,2269,754,755,2574,28,2117,1224,1065,4720,16,142,6013,759],"class_list":["post-4624","post","type-post","status-publish","format-standard","has-post-thumbnail","hentry","category-ultimas-noticias","tag-bajar","tag-cortes","tag-edenor","tag-edesur","tag-inversiones","tag-los","tag-luz","tag-medio","tag-millones","tag-negociacion","tag-para","tag-por","tag-prometen","tag-tarifas"],"_links":{"self":[{"href":"https:\/\/13.com.ar\/index.php\/wp-json\/wp\/v2\/posts\/4624","targetHints":{"allow":["GET"]}}],"collection":[{"href":"https:\/\/13.com.ar\/index.php\/wp-json\/wp\/v2\/posts"}],"about":[{"href":"https:\/\/13.com.ar\/index.php\/wp-json\/wp\/v2\/types\/post"}],"author":[{"embeddable":true,"href":"https:\/\/13.com.ar\/index.php\/wp-json\/wp\/v2\/users\/1"}],"replies":[{"embeddable":true,"href":"https:\/\/13.com.ar\/index.php\/wp-json\/wp\/v2\/comments?post=4624"}],"version-history":[{"count":0,"href":"https:\/\/13.com.ar\/index.php\/wp-json\/wp\/v2\/posts\/4624\/revisions"}],"wp:featuredmedia":[{"embeddable":true,"href":"https:\/\/13.com.ar\/index.php\/wp-json\/wp\/v2\/media\/4625"}],"wp:attachment":[{"href":"https:\/\/13.com.ar\/index.php\/wp-json\/wp\/v2\/media?parent=4624"}],"wp:term":[{"taxonomy":"category","embeddable":true,"href":"https:\/\/13.com.ar\/index.php\/wp-json\/wp\/v2\/categories?post=4624"},{"taxonomy":"post_tag","embeddable":true,"href":"https:\/\/13.com.ar\/index.php\/wp-json\/wp\/v2\/tags?post=4624"}],"curies":[{"name":"wp","href":"https:\/\/api.w.org\/{rel}","templated":true}]}}