{"id":4623,"date":"2025-02-13T14:58:42","date_gmt":"2025-02-13T17:58:42","guid":{"rendered":"https:\/\/13.com.ar\/index.php\/el-reclamo-de-la-madre-del-joven-asesinado-por-policias-ante-la-chance-de-que-liberen-a-parte-de-los-detenidos\/"},"modified":"2025-02-13T14:58:42","modified_gmt":"2025-02-13T17:58:42","slug":"el-reclamo-de-la-madre-del-joven-asesinado-por-policias-ante-la-chance-de-que-liberen-a-parte-de-los-detenidos","status":"publish","type":"post","link":"https:\/\/13.com.ar\/index.php\/el-reclamo-de-la-madre-del-joven-asesinado-por-policias-ante-la-chance-de-que-liberen-a-parte-de-los-detenidos\/","title":{"rendered":"el reclamo de la madre del joven asesinado por polic\u00edas, ante la chance de que liberen a parte de los detenidos"},"content":{"rendered":"<p> <br \/>\n<\/p>\n<div id=\"cuerpo\">\n<div class=\"sc-80531b6b-0 chRIGJ container-text text-embed\">\n<p>&#8220;A Mat\u00edas no le gustaba el silencio y nosotros vamos a hacer todo el ruido que sea posible para que se haga justicia&#8221;, promete Micaela, pareja de Mat\u00edas Paredes, el joven de 26 a\u00f1os asesinado a balazos por polic\u00edas hace una semana en un operativo plagado de irregularidades. En la tarde de este jueves, la familia y amigos del joven marchar\u00e1n por las calles de su barrio <strong>&#8220;para que paguen los cinco polic\u00edas, no s\u00f3lo el que dispar\u00f3&#8221;.<\/strong><\/p>\n<\/div>\n<div class=\"sc-80531b6b-0 chRIGJ container-text text-embed\">\n<p>Es que las pericias, al menos las premilinares, indican que solo uno de los cinco polic\u00edas que intervinieron dispar\u00f3 su arma reglamentaria, por eso la familia del muchacho cree el fiscal podr\u00eda disponer la libertad del resto de los agentes. <strong>&#8220;Participaron todos&#8221;,<\/strong> recalcan los familiares.<\/p>\n<\/div>\n<div class=\"sc-80531b6b-0 chRIGJ container-text text-embed\">\n<p>Por lo pronto, por pedido del abogado de la familia, Maximiliano Orsini, la Justicia de Garant\u00edas aval\u00f3 que los autos en los que viajaban los efectivos policiales sean resguardados por la Polic\u00eda Federal. Es que hasta hoy estaban en un play\u00f3n de la comisar\u00eda 16\u00b0, a la que pertenec\u00edan dos de los polic\u00edas detenidos, <strong>incluido quien es se\u00f1alado como el autor de los disparos.<\/strong><\/p>\n<\/div>\n<div class=\"sc-80531b6b-0 chRIGJ container-text text-embed\">\n<p><strong>&#8220;Son pruebas, y que sean preservadas por los antiguos compa\u00f1eros de los detenidos preocupa&#8221;<\/strong>, explic\u00f3 a este diario el abogado, quien adem\u00e1s pidi\u00f3 que los celulares de los polic\u00edas sean peritados. Ocurre que despu\u00e9s del crimen del muchacho, se produjo un sugestivo silencio de radio. &#8220;No volvieron a hablar por la capa policial<strong> a pesar de la insistencia de la operadora para que informaran&#8221;<\/strong>, explic\u00f3.<\/p>\n<\/div>\n<div class=\"sc-80531b6b-0 chRIGJ container-text text-embed\">\n<p>El temor de la familia es que hayan intentado encubrir el crimen: los Polic\u00edas dijeron que vieron un arma en el auto y que por eso dispararon. Pero al revisar el auto<strong>, no se hall\u00f3 arma alguna<\/strong>. Los tel\u00e9fonos fueron secuestrados.<\/p>\n<\/div>\n<div class=\"sc-198be8ec-0 cynXbu image-embed  image-embed \"><picture class=\"sc-198be8ec-1 kOjRiQ\"><source media=\"(min-width: 975px)\" width=\"720\" height=\"480\" \/><img alt=\"Mat\u00edas Paredes, el joven asesinado en una persecuci\u00f3n policial. A una semana del crimen, la familia teme que liberen a la mayor\u00eda de los agentes involucrados. \" loading=\"lazy\" width=\"720\" height=\"480\" decoding=\"async\" data-nimg=\"1\" style=\"color:transparent\" src=\"https:\/\/13.com.ar\/wp-content\/uploads\/2025\/02\/1738893852_438_tenia-una-condena-y-era-buscado-por-otros-dos-asaltos.jpg\"\/><span class=\"epigraphe\">Mat\u00edas Paredes, el joven asesinado en una persecuci\u00f3n policial. A una semana del crimen, la familia teme que liberen a la mayor\u00eda de los agentes involucrados. <\/span><span class=\"bkg\"\/><span class=\"picture-open\"><button class=\"open-image\" aria-label=\"Open Image\"\/><\/span><\/picture><\/div>\n<div class=\"sc-80531b6b-0 chRIGJ container-text text-embed\">\n<p>Hasta no haber avanzado en algunos peritajes, el fiscal Alejandro Pellegrinelli no dispuso las detenciones de los polic\u00edas. Las orden\u00f3 el viernes y desde entonces los agentes Juan Molina, Julio Rufino, Yancamil Mas\u00eda, H\u00e9ctor Murray y Emilio Flores est\u00e1n <strong>alojados en la alcaid\u00eda 44 de Bat\u00e1n.<\/strong><\/p>\n<\/div>\n<div class=\"sc-80531b6b-0 chRIGJ container-text text-embed\">\n<p>Solos tres de ellos declararon. Molina y Flores se negaron a hacerlo. Seg\u00fan la pericia bal\u00edstica, en un informe preliminar, <strong>cuatro vainas servidas colectadas en la esquina de 39 y Polonia, tienen correspondencia con la pistola reglamentaria del polic\u00eda Molina<\/strong>, una Bersa Thunder Pro. Tambi\u00e9n la bala que fue hallada en el cuerpo de Paredes en la operaci\u00f3n de autopsia.<\/p>\n<\/div>\n<div class=\"sc-80531b6b-0 chRIGJ container-text text-embed\">\n<p>Molina est\u00e1 imputado por el delito de <strong>&#8220;homicidio agravado por el uso de arma de fuego y por la calidad de funcionario p\u00fablico&#8221;<\/strong>, en tanto que el resto de los polic\u00edas quedaron imputados como &#8220;part\u00edcipes necesarios&#8221; por el mismo delito, que contempla la misma pena:<strong> prisi\u00f3n perpetua.<\/strong><\/p>\n<\/div>\n<div class=\"sc-198be8ec-0 cynXbu image-embed  image-embed \"><picture class=\"sc-198be8ec-1 kOjRiQ\"><source media=\"(min-width: 975px)\" width=\"720\" height=\"480\" \/><img alt=\"Emanuel Astete, amigo de Mat\u00edas Paredes, manejaba el auto que fue baleado por polic\u00edas de civil en Mar del Plata. Foto. Diego Izquierdo. \" loading=\"lazy\" width=\"720\" height=\"480\" decoding=\"async\" data-nimg=\"1\" style=\"color:transparent\" src=\"https:\/\/13.com.ar\/wp-content\/uploads\/2025\/02\/el-reclamo-de-la-madre-del-joven-asesinado-por-policias.jpg\"\/><span class=\"epigraphe\">Emanuel Astete, amigo de Mat\u00edas Paredes, manejaba el auto que fue baleado por polic\u00edas de civil en Mar del Plata. Foto. Diego Izquierdo. <\/span><span class=\"bkg\"\/><span class=\"picture-open\"><button class=\"open-image\" aria-label=\"Open Image\"\/><\/span><\/picture><\/div>\n<p><h2>El hecho<\/h2>\n<\/p>\n<div class=\"sc-80531b6b-0 chRIGJ container-text text-embed\">\n<p>Pasada la 1.30 del jueves 6 de febrero, Mat\u00edas y dos amigos salieron a buscar un mazo de naipes a la casa de un amigo. Iban en el auto de uno de ellos, un Fiat Palio rojo, cuando los comenz\u00f3 a seguir una <strong>camioneta Ecosport negra con vidrios oscuros y sin chapa patente.<\/strong><\/p>\n<\/div>\n<div class=\"sc-80531b6b-0 chRIGJ container-text text-embed\">\n<p>Al frenar en un sem\u00e1foro en rojo en Fortunato de la Playa (Av. 39) y Polonia, la camioneta se les peg\u00f3 detr\u00e1s. En ese momento, otro auto, un VW Bora gris, parti\u00f3 veloz desde una estaci\u00f3n de servicio en la misma esquina y se les cruz\u00f3 adelante. <strong>De ese auto, dos hombres bajaron armados.<\/strong> Otro tres bajaron de la camioneta.<\/p>\n<\/div>\n<div class=\"sc-80531b6b-0 chRIGJ container-text text-embed\">\n<p>Todos los hombres vest\u00edan de civil; los autos no ten\u00edan balizas ni se\u00f1as policiales. Aunque eran polic\u00edas, semejante proceder no dej\u00f3 dudas a los j\u00f3venes del Fiat palio:<strong> pensaron que quienes los emboscaron eran delincuentes y que los quer\u00edan asaltar, e intentaron escapar.<\/strong><\/p>\n<\/div>\n<div class=\"sc-80531b6b-0 chRIGJ container-text text-embed\">\n<p>Conduc\u00eda Emanuel Astete, de 25 a\u00f1os, amigo de la infancia de Mat\u00edas. &#8220;Si no acelero, \u00e9ramos tres los muertos. \u00bfY qu\u00e9 iba a hacer? Nos segu\u00eda una camioneta, cuando paro en el sem\u00e1foro nos atraviesan un Bora, bajan dos tipos enfierrados, y aceler\u00e9. <strong>Ah\u00ed nom\u00e1s empezaron los tiros<\/strong>. Ni s\u00e9 cu\u00e1ntos tiraron. Despu\u00e9s ve\u00eda por el espejo a uno que segu\u00eda tirando con el cuerpo afuera del auto, una locura&#8221;, cont\u00f3 a <strong>Clar\u00edn.<\/strong><\/p>\n<\/div>\n<div class=\"sc-80531b6b-0 chRIGJ container-text text-embed\">\n<p>Un video tomado por la c\u00e1mara de una verduler\u00eda en esa esquina respalda los dichos de Astete, que se present\u00f3 en la causa como particular damnificado. <strong>El recibi\u00f3 un tiro en la espalda, del que le qued\u00f3 tan solo una quemadura:<\/strong> cree que el proyectil es uno de los que atraves\u00f3 el cuerpo de su amigo Mat\u00edas y luego el respaldo de su asiento y que por eso no lleg\u00f3 a impactarlo con fuerza. Hasta hoy, cont\u00f3 el abogado Orsini, no hab\u00eda sido revisado por m\u00e9dicos de la Polic\u00eda para determinar qu\u00e9 tipo de lesi\u00f3n presenta.<\/p>\n<\/div>\n<div class=\"sc-80531b6b-0 chRIGJ container-text text-embed\">\n<p>Los tres muchachos, Astete, Cristian Novas, que viajaba en el asiento del acompa\u00f1ante, y Mat\u00edas Paredes, en el trasero, hab\u00edan estado esa noche en la presentaci\u00f3n del plantel y <strong>las nuevas camisetas del Club Atl\u00e9tico Alvarado,<\/strong> del que eran hinchas. Por eso, cuando los polic\u00edas los emboscaron, vest\u00edan las camiseta del equipo.<\/p>\n<\/div>\n<div class=\"sc-80531b6b-0 chRIGJ container-text text-embed\">\n<p>Azul con vivos blancos,<strong> la misma camiseta que ten\u00eda puesta tres d\u00edas antes Cristian Monje, apodado &#8220;El guach\u00edn&#8221;<\/strong>, que asesin\u00f3 en un asalt\u00f3 y de un tiro a en la cabeza al comerciante Cristian Vel\u00e1zquez. Esa tarde el Ministerio de Seguridad dispuso remover la c\u00fapula policial de Mar del Plata.<\/p>\n<\/div>\n<div class=\"sc-80531b6b-0 chRIGJ container-text text-embed\">\n<p>Al asumir, el nuevo jefe departamental, comisario Edgardo Vulcano, orden\u00f3 la captura del homicida. Los polic\u00edas que declaraci\u00f3n ante Pellegrinelli contaron que esa noche estaban en la b\u00fasqueda, pero mataron a un inocente. Al otro d\u00eda del asesinato de Paredes, <strong>sin disparar un solo tiro<\/strong>, lo detuvieron a &#8220;Guach\u00edn&#8221; cuando caminaba en su barrio.<\/p>\n<\/div>\n<div class=\"sc-80531b6b-0 chRIGJ container-text text-embed\">\n<p>Mar\u00eda Elena Vera, madre de Mat\u00edas,<strong> convoc\u00f3 a la marcha que con velas y globos blancos y azules<\/strong> partir\u00e1 desde su casa en la tarde de este jueves. &#8220;El no ten\u00eda problemas con nadie. No nos dejen solos -pidi\u00f3-, que los cinco paguen&#8221;.<\/p>\n<\/div>\n<\/div>\n<p><br \/>\n<br \/><a href=\"https:\/\/www.clarin.com\/sociedad\/participaron-reclamo-madre-joven-asesinado-policias-chance-liberen-parte-detenidos_0_LreKdcjnfp.html\">Fuente Clarin.com <\/a><\/p>\n","protected":false},"excerpt":{"rendered":"<p>&#8220;A Mat\u00edas no le gustaba el silencio y nosotros vamos a hacer todo el ruido que sea posible para que se haga justicia&#8221;, promete Micaela, pareja de Mat\u00edas Paredes, el joven de 26 a\u00f1os asesinado a balazos por polic\u00edas hace una semana en un operativo plagado de irregularidades. En la tarde de este jueves, la [&hellip;]<\/p>\n","protected":false},"author":1,"featured_media":3131,"comment_status":"open","ping_status":"open","sticky":false,"template":"","format":"standard","meta":{"footnotes":""},"categories":[2],"tags":[2759,2102,1704,100,3791,2842,6656,28,1163,1647,2637,142,43],"class_list":["post-4623","post","type-post","status-publish","format-standard","has-post-thumbnail","hentry","category-ultimas-noticias","tag-ante","tag-asesinado","tag-chance","tag-del","tag-detenidos","tag-joven","tag-liberen","tag-los","tag-madre","tag-parte","tag-policias","tag-por","tag-reclamo"],"_links":{"self":[{"href":"https:\/\/13.com.ar\/index.php\/wp-json\/wp\/v2\/posts\/4623","targetHints":{"allow":["GET"]}}],"collection":[{"href":"https:\/\/13.com.ar\/index.php\/wp-json\/wp\/v2\/posts"}],"about":[{"href":"https:\/\/13.com.ar\/index.php\/wp-json\/wp\/v2\/types\/post"}],"author":[{"embeddable":true,"href":"https:\/\/13.com.ar\/index.php\/wp-json\/wp\/v2\/users\/1"}],"replies":[{"embeddable":true,"href":"https:\/\/13.com.ar\/index.php\/wp-json\/wp\/v2\/comments?post=4623"}],"version-history":[{"count":0,"href":"https:\/\/13.com.ar\/index.php\/wp-json\/wp\/v2\/posts\/4623\/revisions"}],"wp:featuredmedia":[{"embeddable":true,"href":"https:\/\/13.com.ar\/index.php\/wp-json\/wp\/v2\/media\/3131"}],"wp:attachment":[{"href":"https:\/\/13.com.ar\/index.php\/wp-json\/wp\/v2\/media?parent=4623"}],"wp:term":[{"taxonomy":"category","embeddable":true,"href":"https:\/\/13.com.ar\/index.php\/wp-json\/wp\/v2\/categories?post=4623"},{"taxonomy":"post_tag","embeddable":true,"href":"https:\/\/13.com.ar\/index.php\/wp-json\/wp\/v2\/tags?post=4623"}],"curies":[{"name":"wp","href":"https:\/\/api.w.org\/{rel}","templated":true}]}}