{"id":4621,"date":"2025-02-13T14:55:20","date_gmt":"2025-02-13T17:55:20","guid":{"rendered":"https:\/\/13.com.ar\/index.php\/alertan-por-la-rebelion-y-el-alzamiento-de-las-camaras-nacionales-contra-la-corte-suprema\/"},"modified":"2025-02-13T14:55:20","modified_gmt":"2025-02-13T17:55:20","slug":"alertan-por-la-rebelion-y-el-alzamiento-de-las-camaras-nacionales-contra-la-corte-suprema","status":"publish","type":"post","link":"https:\/\/13.com.ar\/index.php\/alertan-por-la-rebelion-y-el-alzamiento-de-las-camaras-nacionales-contra-la-corte-suprema\/","title":{"rendered":"Alertan por &#8220;la rebeli\u00f3n&#8221; y el &#8220;alzamiento&#8221; de las C\u00e1maras Nacionales contra la Corte Suprema"},"content":{"rendered":"<p> <br \/>\n<br \/><img decoding=\"async\" src=\"https:\/\/13.com.ar\/wp-content\/uploads\/2025\/02\/Alertan-por-la-rebelion-y-el-alzamiento-de-las-Camaras.jpg\" \/><\/p>\n<div id=\"cuerpo\">\n<div class=\"sc-80531b6b-0 chRIGJ container-text text-embed\">\n<p>La rebeli\u00f3n de las C\u00e1maras Nacionales, que se niegan a cumplir un fallo de la Corte Suprema que da m\u00e1s poder a la justicia porte\u00f1a, constituye &#8220;un alzamiento&#8221; y &#8220;una rebeli\u00f3n&#8221; contra la m\u00e1xima instancia judicial de la naci\u00f3n, seg\u00fan la opini\u00f3n coincidente de los especialistas consultados por <strong>Clar\u00edn<\/strong>; aunque dos entidades plantearon la necesidad de buscar &#8220;caminos&#8221; y llegar a &#8220;consensos&#8221; para salir de esta situaci\u00f3n de &#8220;incertidumbre&#8221;. <\/p>\n<\/div>\n<div class=\"sc-80531b6b-0 chRIGJ container-text text-embed\">\n<p>Es que, a partir del caso Levinas, la Corte Suprema resolvi\u00f3 que los fallos de las C\u00e1maras Nacionales con asiento en la Capital Federal <strong>deben ser apeladas ante el Tribunal Superior de Justicia de la Ciudad Aut\u00f3noma de Buenos Aires, y no ante la Corte Suprema.<\/strong><\/p>\n<\/div>\n<div class=\"sc-80531b6b-0 chRIGJ container-text text-embed\">\n<p>Pero los camaristas civiles, penales y del trabajo <strong>resolvieron no acatar ese fallo judicial y firmaron dur\u00edsimos acuerdos plenarios,<\/strong> esta semana, en los que resolvieron que no enviar\u00e1n sus fallos para que sean revisados como instancia de apelaci\u00f3n al Tribunal Superior de Justicia de CABA.<\/p>\n<\/div>\n<div class=\"sc-80531b6b-0 chRIGJ container-text text-embed\">\n<p>&#8220;Los camaristas se rebelaron contra esa decisi\u00f3n, pero no tienen raz\u00f3n. <strong>Ese acto de rebeld\u00eda es una inconducta impropia de jueces,<\/strong> que deben respetar las decisiones del m\u00e1ximo tribunal, a riesgo de incurrir en mal desempe\u00f1o. Adem\u00e1s, porque la justicia nacional ordinaria de la Capital, en realidad no es verdaderamente nacional, sino que es tan com\u00fan como la de las provincias&#8221;, sostuvo a<strong> Clar\u00edn <\/strong>el constitucionalista<strong> F\u00e9lix Lonigro.<\/strong><\/p>\n<\/div>\n<div class=\"sc-80531b6b-0 chRIGJ container-text text-embed\">\n<p><strong>Alberto Garay<\/strong>, presidente del Colegio de Abogados de la Ciudad de Buenos Aires, dijo a<strong> Clar\u00edn<\/strong> que esos acuerdos plenarios de las C\u00e1maras Nacionales son <strong>&#8220;un alzamiento contra la autoridad de una sentencia de la Corte.<\/strong> Los jueces de instancias inferiores pueden discrepar con la jurisprudencia de la Corte, pueden expresar su disconformidad en sus sentencias, pero no pueden bajo ning\u00fan concepto rebelarse contra las sentencias de la Corte. Simplemente, deben acatarla, m\u00e1s all\u00e1 del acierto o error de la decisi\u00f3n&#8221;.<\/p>\n<\/div>\n<p><h2>La b\u00fasqueda de consensos<\/h2>\n<\/p>\n<div class=\"sc-80531b6b-0 chRIGJ container-text text-embed\">\n<p>El Foro de Estudios sobre la Administraci\u00f3n de Justicia (Fores) y el Colegio P\u00fablico de la Abogac\u00eda de la Capital Federal plantearon la necesidad de buscar caminos y &#8220;consensos&#8221;, que permitan revertir esta situaci\u00f3n de conflicto y enfrentamiento entre las C\u00e1maras Nacionales y la Corte Suprema.<\/p>\n<\/div>\n<div class=\"sc-80531b6b-0 chRIGJ container-text text-embed\">\n<p><strong>Ricardo Gil Lavedra<\/strong>, presidente del Colegio P\u00fablico, dijo que &#8220;la ciudadan\u00eda y sus abogados y abogadas son los principales perjudicados por el conflicto que se suscit\u00f3 entre la Corte y las C\u00e1maras Nacionales. No est\u00e1 en juego la estabilidad de los jueces nacionales, si no ante quien se recurren las decisiones de las c\u00e1maras de apelaciones. Es imprescindible que, en el menor tiempo posible, <strong>se consolide o no lo decidido por la Corte en el caso Levinas&#8221;<\/strong>.<\/p>\n<\/div>\n<div class=\"sc-80531b6b-0 chRIGJ container-text text-embed\">\n<p>&#8220;Mientras tanto, <strong>hay que buscar los caminos para que se disipe esta situaci\u00f3n de incertidumbre <\/strong>que da\u00f1a a una instituci\u00f3n fundamental para la rep\u00fablica como es la justicia. La abogac\u00eda no puede resolver el conflicto y no debe estar en esta disputa&#8221;, sostuvo Gil Lavedra, ante una consulta de <strong>Clar\u00edn<\/strong>.<\/p>\n<\/div>\n<div class=\"sc-80531b6b-0 chRIGJ container-text text-embed\">\n<p>Fores difundi\u00f3 un comunicado firmado por su presidente <strong>Pablo Pirovano<\/strong> y su secretaria <strong>Mar\u00eda Julia Fornari<\/strong>. All\u00ed plante\u00f3 que, &#8220;pese a que estim\u00e1bamos posible que hubiere resistencia de aquellas corporaciones que ven\u00edan oponi\u00e9ndose al traspaso de la justicia nacional a CABA, nunca imaginamos que ello se transformase en conductas tendientes a desestabilizar el sistema recursivo de los procesos judiciales nacionales, en<strong> un verdadero &#8216;alzamiento&#8217; contra la autoridad de la Corte como m\u00e1ximo tribunal de la Naci\u00f3n&#8221;.<\/strong><\/p>\n<\/div>\n<div class=\"sc-80531b6b-0 chRIGJ container-text text-embed\">\n<p>Fores concluy\u00f3 que &#8220;son los ciudadanos los que terminan siendo rehenes de una disputa que no debiera existir y, por ello, exhorta a que prontamente <strong>puedan encontrarse los consensos necesarios<\/strong> para salir de este lugar en el que la Justicia no debi\u00f3 haberse ca\u00eddo&#8221;.<\/p>\n<\/div>\n<p><h2>El fallo de la Corte Suprema<\/h2>\n<\/p>\n<div class=\"sc-80531b6b-0 chRIGJ container-text text-embed\">\n<p>El 27 de diciembre pasado, la Corte Suprema resolvi\u00f3 el caso &#8220;Levinas&#8221;, donde produjo<strong> &#8220;la modificaci\u00f3n jur\u00eddica y de competencia m\u00e1s importante desde que inici\u00f3 su funcionamiento en 1863<\/strong>. A partir de ahora, el Tribunal Superior de Justicia de la CABA ser\u00e1 el encargado de revisar las sentencias de toda la Justicia Nacional con asiento en la Ciudad de Buenos Aires&#8221;, explic\u00f3 el especialista Carlos Laplacette en una columna en Clar\u00edn.<\/p>\n<\/div>\n<div class=\"sc-80531b6b-0 chRIGJ container-text text-embed\">\n<p>Esa sentencia en el caso Levinas cont\u00f3 con el voto favorable de los jueces <strong>Horacio Rosatti, Juan Carlos Maqueda<\/strong> y <strong>Ricardo Lorenzetti<\/strong>, mientras que vot\u00f3 en disidencia <strong>Carlos Rosenkrantz<\/strong>. Dos d\u00edas despu\u00e9s de dictado ese fallo, Maqueda se jubil\u00f3 de la Corte, por llegar ese d\u00eda a los 75 a\u00f1os de edad.<\/p>\n<\/div>\n<div class=\"sc-80531b6b-0 chRIGJ container-text text-embed\">\n<p>El constitucionalista <strong>Andr\u00e9s Gil Dom\u00ednguez<\/strong> destac\u00f3 que, &#8220;seg\u00fan nuestra Constituci\u00f3n, el m\u00e1ximo y \u00faltimo int\u00e9rprete de la Constituci\u00f3n es la Corte Suprema de Justicia. Los fallos de la Corte, en los casos concretos, se aplican y se respetan. En los casos an\u00e1logos se debe seguir la jurisprudencia de la Corte, salvo que existan nuevos argumentos o ciertas particularidades del caso que no lo hace igual. Pero esto lo tienen que hacer en casos concretos&#8221;.<\/p>\n<\/div>\n<div class=\"sc-80531b6b-0 chRIGJ container-text text-embed\">\n<p><strong>&#8220;Las C\u00e1maras no pueden usar un plenario para, de manera abstracta y sin ning\u00fan caso concreto, apartarse de la jurisprudencia de la Corte.<\/strong> As\u00ed ha funcionado el Poder Judicial desde que se instal\u00f3 el poder judicial en el siglo XIX. Siempre fue as\u00ed&#8221;, agreg\u00f3 Gil Dom\u00ednguez, en di\u00e1logo con Clar\u00edn.<\/p>\n<\/div>\n<div class=\"sc-80531b6b-0 chRIGJ container-text text-embed\">\n<p>Los integrantes de las C\u00e1maras Nacionales dejan de ser la \u00faltima instancia previa a la apelaci\u00f3n ante la Corte Suprema de Justicia de la Naci\u00f3n, si acatan el fallo Levinas, ya que sus sentencias ahora son recurridas ante el Tribunal Supremo de Justicia porte\u00f1o. Contra esa decisi\u00f3n de la m\u00e1xima instancia judicial se rebelaron los camaristas civiles, penales y del trabajo.<\/p>\n<\/div>\n<div class=\"sc-80531b6b-0 chRIGJ container-text text-embed\">\n<p>\u201cLos fallos de la Corte Suprema deben ser cumplidos.<strong> Es inadmisible que no se respete la autonom\u00eda de la Ciudad de Buenos Aires\u201d, afirm\u00f3 Marcelo Meis<\/strong>, consejero de la Magistratura porte\u00f1a y miembro de Abogados por Argentina. \u201cEl respeto a los fallos de la Corte Suprema es un principio fundamental del sistema institucional. La resistencia de jueces nacionales a transferir competencias a la Justicia de CABA eleva preocupaciones por el cumplimiento de leyes y decisiones en Argentina\u201d, a\u00f1adi\u00f3 Meis.<\/p>\n<\/div>\n<div class=\"sc-80531b6b-0 chRIGJ container-text text-embed\">\n<p>Y Lonigro concluy\u00f3: &#8220;La Constituci\u00f3n Nacional, desde 1994, dispone que la Ciudad de Buenos Aires debe tener su propia justicia, y por lo tanto, <strong>toda la justicia mal llamada nacional de la Capital, debe pasar a la CABA,<\/strong> tal como ocurri\u00f3, en su momento, con la polic\u00eda, el juego y los subtes&#8221;.<\/p>\n<\/div>\n<\/div>\n<p><br \/>\n<br \/><a href=\"https:\/\/www.clarin.com\/politica\/alertan-rebelion-alzamiento-camaras-nacionales-corte-suprema_0_c3UOQHppO7.html\">Fuente Clarin.com <\/a><\/p>\n","protected":false},"excerpt":{"rendered":"<p>La rebeli\u00f3n de las C\u00e1maras Nacionales, que se niegan a cumplir un fallo de la Corte Suprema que da m\u00e1s poder a la justicia porte\u00f1a, constituye &#8220;un alzamiento&#8221; y &#8220;una rebeli\u00f3n&#8221; contra la m\u00e1xima instancia judicial de la naci\u00f3n, seg\u00fan la opini\u00f3n coincidente de los especialistas consultados por Clar\u00edn; aunque dos entidades plantearon la necesidad [&hellip;]<\/p>\n","protected":false},"author":1,"featured_media":4622,"comment_status":"open","ping_status":"open","sticky":false,"template":"","format":"standard","meta":{"footnotes":""},"categories":[2],"tags":[6653,6655,4703,835,297,48,2543,142,6654,2357],"class_list":["post-4621","post","type-post","status-publish","format-standard","has-post-thumbnail","hentry","category-ultimas-noticias","tag-alertan","tag-alzamiento","tag-camaras","tag-contra","tag-corte","tag-las","tag-nacionales","tag-por","tag-rebelion","tag-suprema"],"_links":{"self":[{"href":"https:\/\/13.com.ar\/index.php\/wp-json\/wp\/v2\/posts\/4621","targetHints":{"allow":["GET"]}}],"collection":[{"href":"https:\/\/13.com.ar\/index.php\/wp-json\/wp\/v2\/posts"}],"about":[{"href":"https:\/\/13.com.ar\/index.php\/wp-json\/wp\/v2\/types\/post"}],"author":[{"embeddable":true,"href":"https:\/\/13.com.ar\/index.php\/wp-json\/wp\/v2\/users\/1"}],"replies":[{"embeddable":true,"href":"https:\/\/13.com.ar\/index.php\/wp-json\/wp\/v2\/comments?post=4621"}],"version-history":[{"count":0,"href":"https:\/\/13.com.ar\/index.php\/wp-json\/wp\/v2\/posts\/4621\/revisions"}],"wp:featuredmedia":[{"embeddable":true,"href":"https:\/\/13.com.ar\/index.php\/wp-json\/wp\/v2\/media\/4622"}],"wp:attachment":[{"href":"https:\/\/13.com.ar\/index.php\/wp-json\/wp\/v2\/media?parent=4621"}],"wp:term":[{"taxonomy":"category","embeddable":true,"href":"https:\/\/13.com.ar\/index.php\/wp-json\/wp\/v2\/categories?post=4621"},{"taxonomy":"post_tag","embeddable":true,"href":"https:\/\/13.com.ar\/index.php\/wp-json\/wp\/v2\/tags?post=4621"}],"curies":[{"name":"wp","href":"https:\/\/api.w.org\/{rel}","templated":true}]}}