{"id":4619,"date":"2025-02-13T14:51:03","date_gmt":"2025-02-13T17:51:03","guid":{"rendered":"https:\/\/13.com.ar\/index.php\/o-te-vas-por-las-buenas-o-por-las-malas\/"},"modified":"2025-02-13T14:51:03","modified_gmt":"2025-02-13T17:51:03","slug":"o-te-vas-por-las-buenas-o-por-las-malas","status":"publish","type":"post","link":"https:\/\/13.com.ar\/index.php\/o-te-vas-por-las-buenas-o-por-las-malas\/","title":{"rendered":"O te vas por las buenas o por las malas"},"content":{"rendered":"<p> <br \/>\n<br \/><img decoding=\"async\" src=\"https:\/\/13.com.ar\/wp-content\/uploads\/2025\/02\/O-te-vas-por-las-buenas-o-por-las-malas.jpg\" \/><\/p>\n<div>\n<p><em>&#8220;O te vas por las buenas o te vas por las malas&#8221;&#8230;<\/em><\/p>\n<\/div>\n<div>\n<p>El comisario retirado Alejandro Sandoval, a cargo del ministerio de seguridad de Mendoza, ingres\u00f3 a la popular Norte del Malvinas Argentinas, se par\u00f3 al lado de <strong>Ariel &#8220;Pato&#8221; Calvici<\/strong> y pronunci\u00f3 esas palabras. El partido entre <strong>Godoy Cruz <\/strong>y <strong>River<\/strong>, por la quinta fecha del torneo <strong>Apertura<\/strong>, que terminar\u00eda igualado 0 a 0, todav\u00eda no hab\u00eda empezado y la tensi\u00f3n dominaba el ambiente en la tribuna asignada a los hinchas riverplatenses.<\/p>\n<\/div>\n<div>\n<p>Calvici, un barra de primera l\u00ednea de <strong>Los Borrachos del Tabl\u00f3n<\/strong>, no pod\u00eda ni deb\u00eda estar ah\u00ed. Tiene <strong>derecho de admisi\u00f3n<\/strong>, con la prohibici\u00f3n de ingresar a cualquier estadio del pa\u00eds. Sin embargo, para estos barras se hizo costumbre pararse en los paravalanchas de las canchas del Interior. Se los ha visto en partidos de <strong>Copa Argentina<\/strong> y en finales de <strong>Supercopa <\/strong>y <strong>Trofeo de Campeones<\/strong>. Parec\u00eda que, fuera de la <strong>Ciudad de Buenos Aires<\/strong>, contaban con luz verde.<\/p>\n<\/div>\n<div>\n<p>Pero el mi\u00e9rcoles a la noche<strong> le pusieron un freno en Mendoza<\/strong>. Si bien Calvici y otros siete barras lograron en primera instancia burlar los controles, luego, a trav\u00e9s de las c\u00e1maras de seguridad lograron identificarlos y la <strong>Polic\u00eda <\/strong>mendocina los detuvo en plena tribuna y los sac\u00f3 del estadio. Ni el &#8220;Pato&#8221; ni el resto de los barras pusieron resistencia y se retiraron.<\/p>\n<\/div>\n<div>\n<p>Hab\u00edan violado el derecho de admisi\u00f3n que les rige hace ya bastante tiempo y ahora deber\u00e1n someterse al proceso judicial correspondiente. Se les ratificar\u00e1 la condena y a los que no lo tengan se les pondr\u00e1 el &#8220;tiempo indeterminado&#8221;, una instancia superior al l\u00edmite de cuatro a\u00f1os de sanci\u00f3n sin ingresar a las canchas.<\/p>\n<\/div>\n<div>\n<p>Los barras de River tuvieron la chance de estar en la tribuna porque en Mendoza habilitaron la posibilidad de que vayan los visitantes bajo <strong>el eufemismo de &#8220;neutrales&#8221;.<\/strong> Y llegaron a tierra cuyana un rato antes del encuentro que jug\u00f3 el equipo de Marcelo Gallardo l<strong>uego de viajar en dos micros que salieron de Monroe y Avenida Libertador<\/strong> en la madrugada del mi\u00e9rcoles.<\/p>\n<\/div>\n<div>\n<p>En los accesos hab\u00eda 15 efectivos del programa<strong> Tribuna Segura<\/strong> para evitar que entren aquellos con prohibici\u00f3n, pero bien temprano algunos lograron escabullirse y pasaron igual. Pero, a diferencia de lo que sucedi\u00f3 otras veces, una vez adentro se les complic\u00f3.<\/p>\n<\/div>\n<div>\n<p>Ya no pudieron estar como si nada o tomarse fotos como lo hicieron con <strong>Exequiel Palacios<\/strong> en el Madre de Ciudades de Santiago del Estero en la final del Trofeo de Campeones de 2023 cuando River le gan\u00f3 a Rosario Central. Esta vez les pusieron los puntos y los obligaron a retirarse de la tribuna.<\/p>\n<\/div>\n<p><br \/>\n<br \/><a href=\"https:\/\/www.clarin.com\/deportes\/conocido-barra-river-burlaba-derecho-admision-pudo-policia-mendoza-vas-buenas-malas_0_ivXMQfhWmz.html\">Fuente Clarin.com <\/a><\/p>\n","protected":false},"excerpt":{"rendered":"<p>&#8220;O te vas por las buenas o te vas por las malas&#8221;&#8230; El comisario retirado Alejandro Sandoval, a cargo del ministerio de seguridad de Mendoza, ingres\u00f3 a la popular Norte del Malvinas Argentinas, se par\u00f3 al lado de Ariel &#8220;Pato&#8221; Calvici y pronunci\u00f3 esas palabras. El partido entre Godoy Cruz y River, por la quinta [&hellip;]<\/p>\n","protected":false},"author":1,"featured_media":4620,"comment_status":"open","ping_status":"open","sticky":false,"template":"","format":"standard","meta":{"footnotes":""},"categories":[2],"tags":[6652,48,4058,142,6651],"class_list":["post-4619","post","type-post","status-publish","format-standard","has-post-thumbnail","hentry","category-ultimas-noticias","tag-buenas","tag-las","tag-malas","tag-por","tag-vas"],"_links":{"self":[{"href":"https:\/\/13.com.ar\/index.php\/wp-json\/wp\/v2\/posts\/4619","targetHints":{"allow":["GET"]}}],"collection":[{"href":"https:\/\/13.com.ar\/index.php\/wp-json\/wp\/v2\/posts"}],"about":[{"href":"https:\/\/13.com.ar\/index.php\/wp-json\/wp\/v2\/types\/post"}],"author":[{"embeddable":true,"href":"https:\/\/13.com.ar\/index.php\/wp-json\/wp\/v2\/users\/1"}],"replies":[{"embeddable":true,"href":"https:\/\/13.com.ar\/index.php\/wp-json\/wp\/v2\/comments?post=4619"}],"version-history":[{"count":0,"href":"https:\/\/13.com.ar\/index.php\/wp-json\/wp\/v2\/posts\/4619\/revisions"}],"wp:featuredmedia":[{"embeddable":true,"href":"https:\/\/13.com.ar\/index.php\/wp-json\/wp\/v2\/media\/4620"}],"wp:attachment":[{"href":"https:\/\/13.com.ar\/index.php\/wp-json\/wp\/v2\/media?parent=4619"}],"wp:term":[{"taxonomy":"category","embeddable":true,"href":"https:\/\/13.com.ar\/index.php\/wp-json\/wp\/v2\/categories?post=4619"},{"taxonomy":"post_tag","embeddable":true,"href":"https:\/\/13.com.ar\/index.php\/wp-json\/wp\/v2\/tags?post=4619"}],"curies":[{"name":"wp","href":"https:\/\/api.w.org\/{rel}","templated":true}]}}