{"id":4617,"date":"2025-02-13T14:47:11","date_gmt":"2025-02-13T17:47:11","guid":{"rendered":"https:\/\/13.com.ar\/index.php\/los-descubridores-del-pez-abisal-negro-revelaron-como-encontraron-al-animal-nos-pusimos-a-gritar\/"},"modified":"2025-02-13T14:47:11","modified_gmt":"2025-02-13T17:47:11","slug":"los-descubridores-del-pez-abisal-negro-revelaron-como-encontraron-al-animal-nos-pusimos-a-gritar","status":"publish","type":"post","link":"https:\/\/13.com.ar\/index.php\/los-descubridores-del-pez-abisal-negro-revelaron-como-encontraron-al-animal-nos-pusimos-a-gritar\/","title":{"rendered":"Los descubridores del pez abisal negro revelaron c\u00f3mo encontraron al animal: &#8220;Nos pusimos a gritar&#8221;"},"content":{"rendered":"<p> <br \/>\n<br \/><img decoding=\"async\" src=\"https:\/\/13.com.ar\/wp-content\/uploads\/2025\/02\/Los-descubridores-del-pez-abisal-negro-revelaron-como-encontraron-al.jpg\" \/><\/p>\n<div>\n<p>A d\u00edas de la aparici\u00f3n en la superficie del oc\u00e9ano del pez diablo abisal, sus descubridores se refirieron al revuelo que caus\u00f3 su video viral.<\/p>\n<\/div>\n<div>\n<p><strong>Laia Valor<\/strong> y <strong>Antonio Sabuco <\/strong>son los especialistas en biolog\u00eda marina que tuvieron la fortuna de cruzarse con el misterioso ejemplar y la lucidez de capturarlo en im\u00e1genes cuando se encontraban volviendo de una campa\u00f1a de muestreo de tiburones en Tenerife. Los acompa\u00f1aban el bi\u00f3logo <strong>Marc Mart\u00edn<\/strong> y el fot\u00f3grafo <strong>David Jara<\/strong>.<\/p>\n<\/div>\n<div>\n<p>\u201c<strong>Fue impactante. <\/strong>Detectamos a este pez durante la primera salida del a\u00f1o de la campa\u00f1a de tiburones con Condrik-Tenerife, y no hab\u00edamos encontrado nada\u201d, dijeron en conversaci\u00f3n con <em>National Geographic<\/em>.<\/p>\n<\/div>\n<div>\n<p>Laia fue la primera que se dio cuenta de la extra\u00f1a presencia al notar \u201cuna mancha negra inusual\u201d en el agua. Cuando el equipo se acerc\u00f3 not\u00f3 que se trataba de una especie realmente dif\u00edcil de encontrar. \u201c<strong>Nos pusimos a gritar<\/strong>, fue un momento muy emocionante para compartir entre bi\u00f3logos porque es un animal que nunca te esperabas ver\u201d.<\/p>\n<\/div>\n<div>\n<p>Los bi\u00f3logos decidieron \u201ccontarlo y registrarlo\u201d porque entendieron que, al tratarse de una especie que vive a m\u00e1s de 1.000 metros de profundidad, seguramente no exist\u00edan videos de un individuo vivo cerca de la superficie.<\/p>\n<\/div>\n<div>\n<p>El pez diablo abisal muri\u00f3 poco despu\u00e9s del avistamiento. En seguida, los especialistas lo llevaron al <strong>Museo de Naturaleza y Arqueolog\u00eda (MUNA)<\/strong> de Santa Cruz de Tenerife para que pudieran estudiarlo bien.<\/p>\n<\/div>\n<div>\n<p>Los expertos creen que su muerte pudo deberse a tres factores: <strong>cambios s\u00fabitos en las corrientes oce\u00e1nicas, condiciones ambientales adversas o incluso enfermedades que lo debilitaron<\/strong>, lo que lo obligaron a abandonar el fondo del mar.<\/p>\n<\/div>\n<div>\n<p>De esta manera, advierten, su organismo no habr\u00eda soportado las condiciones de la superficie debido a que no est\u00e1 acostumbrado a sobrevivir fuera de su h\u00e1bitat extremo.<\/p>\n<\/div>\n<div>\n<p>La investigaci\u00f3n sobre la causa exacta de su deceso contin\u00faa su curso.<\/p>\n<\/div>\n<p><br \/>\n<br \/><a href=\"https:\/\/www.clarin.com\/internacional\/descubridores-pez-abisal-negro-revelaron-encontraron-animal-pusimos-gritar_0_EKJFt6Gn2D.html\">Fuente Clarin.com <\/a><\/p>\n","protected":false},"excerpt":{"rendered":"<p>A d\u00edas de la aparici\u00f3n en la superficie del oc\u00e9ano del pez diablo abisal, sus descubridores se refirieron al revuelo que caus\u00f3 su video viral. Laia Valor y Antonio Sabuco son los especialistas en biolog\u00eda marina que tuvieron la fortuna de cruzarse con el misterioso ejemplar y la lucidez de capturarlo en im\u00e1genes cuando se [&hellip;]<\/p>\n","protected":false},"author":1,"featured_media":4618,"comment_status":"open","ping_status":"open","sticky":false,"template":"","format":"standard","meta":{"footnotes":""},"categories":[2],"tags":[6309,6648,66,100,6647,633,6650,28,229,1248,1222,6649,6058],"class_list":["post-4617","post","type-post","status-publish","format-standard","has-post-thumbnail","hentry","category-ultimas-noticias","tag-abisal","tag-animal","tag-como","tag-del","tag-descubridores","tag-encontraron","tag-gritar","tag-los","tag-negro","tag-nos","tag-pez","tag-pusimos","tag-revelaron"],"_links":{"self":[{"href":"https:\/\/13.com.ar\/index.php\/wp-json\/wp\/v2\/posts\/4617","targetHints":{"allow":["GET"]}}],"collection":[{"href":"https:\/\/13.com.ar\/index.php\/wp-json\/wp\/v2\/posts"}],"about":[{"href":"https:\/\/13.com.ar\/index.php\/wp-json\/wp\/v2\/types\/post"}],"author":[{"embeddable":true,"href":"https:\/\/13.com.ar\/index.php\/wp-json\/wp\/v2\/users\/1"}],"replies":[{"embeddable":true,"href":"https:\/\/13.com.ar\/index.php\/wp-json\/wp\/v2\/comments?post=4617"}],"version-history":[{"count":0,"href":"https:\/\/13.com.ar\/index.php\/wp-json\/wp\/v2\/posts\/4617\/revisions"}],"wp:featuredmedia":[{"embeddable":true,"href":"https:\/\/13.com.ar\/index.php\/wp-json\/wp\/v2\/media\/4618"}],"wp:attachment":[{"href":"https:\/\/13.com.ar\/index.php\/wp-json\/wp\/v2\/media?parent=4617"}],"wp:term":[{"taxonomy":"category","embeddable":true,"href":"https:\/\/13.com.ar\/index.php\/wp-json\/wp\/v2\/categories?post=4617"},{"taxonomy":"post_tag","embeddable":true,"href":"https:\/\/13.com.ar\/index.php\/wp-json\/wp\/v2\/tags?post=4617"}],"curies":[{"name":"wp","href":"https:\/\/api.w.org\/{rel}","templated":true}]}}