{"id":46160,"date":"2025-07-29T06:30:59","date_gmt":"2025-07-29T09:30:59","guid":{"rendered":"https:\/\/13.com.ar\/index.php\/sergio-massa-se-mete-en-la-campana-y-define-si-se-postulara-a-diputado-nacional-en-octubre\/"},"modified":"2025-07-29T06:30:59","modified_gmt":"2025-07-29T09:30:59","slug":"sergio-massa-se-mete-en-la-campana-y-define-si-se-postulara-a-diputado-nacional-en-octubre","status":"publish","type":"post","link":"https:\/\/13.com.ar\/index.php\/sergio-massa-se-mete-en-la-campana-y-define-si-se-postulara-a-diputado-nacional-en-octubre\/","title":{"rendered":"Sergio Massa se mete en la campa\u00f1a y define si se postular\u00e1 a diputado nacional en octubre"},"content":{"rendered":"<p> <br \/>\n<br \/><img decoding=\"async\" src=\"https:\/\/13.com.ar\/wp-content\/uploads\/2025\/07\/Sergio-Massa-se-mete-en-la-campana-y-define-si.jpg\" \/><\/p>\n<div id=\"element-body-0\">\n<p>Decidido a ponerle el cuerpo a la campa\u00f1a, Axel Kicillof arranc\u00f3 acompa\u00f1ado de los candidatos de su sector y luego comparti\u00f3 actividades con Mayra Mendoza, Facundo Tignanelli y Federico Oterm\u00edn, alineados con Cristina Kirchner. Los postulantes del kirchnerismo a su vez armaron actos aparte y en algunos apareci\u00f3 la voz de la ex presidenta, por audio, desde la prisi\u00f3n domiciliaria en su departamento de Constituci\u00f3n. Por el momento sin exposici\u00f3n p\u00fablica, Sergio Massa, la<strong> tercera pata del frente Fuerza Patria<\/strong>, define su rol en el proceso electoral.<\/p>\n<\/div>\n<div id=\"element-body-1\">\n<p><strong>\u201cVoy a ayudar, como vengo haciendo hasta ac\u00e1. Si me necesitan, voy a estar. No peleo protagonismo\u201d<\/strong>, avis\u00f3 el ex ministro de Econom\u00eda ante sus dirigentes de confianza. En lo posible buscar\u00e1 evitar los actos con formato tradicional. Con los candidatos del Frente Renovador -10 para legisladores provinciales, la mitad \u201centrables\u201d- har\u00e1 campa\u00f1a \u201cen modo visita\u201d. Tambi\u00e9n <strong>compartir\u00eda una actividad con Kicillof<\/strong>, aunque todav\u00eda no est\u00e1 confirmada en la agenda de ambos.<\/p>\n<\/div>\n<div id=\"element-body-2\">\n<p>Sui nivel de exhibici\u00f3n p\u00fablica depender\u00e1 en buena medida de una decisi\u00f3n que tendr\u00e1 que tomar en los pr\u00f3ximos 20 d\u00edas:<strong> si encabezar\u00e1 la lista a diputados nacionales<\/strong> por Fuerza Patria. El cierre de listas ser\u00e1 el 17 de agosto, en plena campa\u00f1a para la elecci\u00f3n provincial desdoblada. En caso de asumir ese rol el ex postulante a presidente pasar\u00e1 de un <strong>perfil baj\u00edsimo desde su derrota en el balotaje de 2023<\/strong> -finalmente no present\u00f3 su libro y \u00fanicamente se mostr\u00f3 en marchas contra el Gobierno o en plenarios cerrados del Frente Renovador y del PJ- a un raid de alta exposici\u00f3n.<\/p>\n<\/div>\n<div id=\"element-body-4\">\n<p>Cr\u00edtico de la feroz interna peronista -en especial con Kicillof, por acelerar la puja de cara a 2027-, <strong>Massa procur\u00f3 hacer equilibrio y ubicarse como mediador aunque mantuvo su alianza con M\u00e1ximo Kirchner<\/strong>. Del lado del gobernador consideraban que se mov\u00eda en t\u00e1ndem con el l\u00edder de La C\u00e1mpora durante las negociaciones. <strong>Los planes presidenciales de ambos fogonean las desconfianzas mutuas.<\/strong><\/p>\n<\/div>\n<div id=\"element-body-5\">\n<p>\u201cSergio hace un a\u00f1o traz\u00f3 una hoja de ruta, en la que hab\u00eda que laburar para sumar dirigentes y armar algo potente. <strong>Perdimos tiempo. Si la regla va a ser la interna, no va a estar.<\/strong> Si quieren construir una alternativa hay que discutir toda la estrategia\u201d, plantearon en el Frente Renovador, sin descartar una candidatura a diputado nacional.<\/p>\n<\/div>\n<div id=\"element-body-6\">\n<p>Massa integr\u00f3 la mesa de las definiciones del peronismo bonaerense como una de las tres patas, aunque en el reparto de los lugares le toc\u00f3 una porci\u00f3n menor. Malena Galmarini, su mujer, qued\u00f3 segunda en la Primera Secci\u00f3n. El contexto de la discusi\u00f3n para la lista de octubre ser\u00e1 distinto. En ese caso Kicillof adelant\u00f3 que no se opondr\u00e1 a que el kirchnerismo defina los lugares preponderantes de la boleta.<\/p>\n<\/div>\n<p><br \/>\n<br \/><a href=\"https:\/\/www.clarin.com\/politica\/negociador-candidato-sergio-massa-mete-campana-define-postulara-diputado-nacional-octubre_0_YmdDhVQino.html\">Fuente Clarin.com <\/a><\/p>\n","protected":false},"excerpt":{"rendered":"<p>Decidido a ponerle el cuerpo a la campa\u00f1a, Axel Kicillof arranc\u00f3 acompa\u00f1ado de los candidatos de su sector y luego comparti\u00f3 actividades con Mayra Mendoza, Facundo Tignanelli y Federico Oterm\u00edn, alineados con Cristina Kirchner. Los postulantes del kirchnerismo a su vez armaron actos aparte y en algunos apareci\u00f3 la voz de la ex presidenta, por [&hellip;]<\/p>\n","protected":false},"author":1,"featured_media":46161,"comment_status":"open","ping_status":"open","sticky":false,"template":"","format":"standard","meta":{"footnotes":""},"categories":[2],"tags":[2813,4568,2439,11128,1804,2349,9511,24816,1607],"class_list":["post-46160","post","type-post","status-publish","format-standard","has-post-thumbnail","hentry","category-ultimas-noticias","tag-campana","tag-define","tag-diputado","tag-massa","tag-mete","tag-nacional","tag-octubre","tag-postulara","tag-sergio"],"_links":{"self":[{"href":"https:\/\/13.com.ar\/index.php\/wp-json\/wp\/v2\/posts\/46160","targetHints":{"allow":["GET"]}}],"collection":[{"href":"https:\/\/13.com.ar\/index.php\/wp-json\/wp\/v2\/posts"}],"about":[{"href":"https:\/\/13.com.ar\/index.php\/wp-json\/wp\/v2\/types\/post"}],"author":[{"embeddable":true,"href":"https:\/\/13.com.ar\/index.php\/wp-json\/wp\/v2\/users\/1"}],"replies":[{"embeddable":true,"href":"https:\/\/13.com.ar\/index.php\/wp-json\/wp\/v2\/comments?post=46160"}],"version-history":[{"count":0,"href":"https:\/\/13.com.ar\/index.php\/wp-json\/wp\/v2\/posts\/46160\/revisions"}],"wp:featuredmedia":[{"embeddable":true,"href":"https:\/\/13.com.ar\/index.php\/wp-json\/wp\/v2\/media\/46161"}],"wp:attachment":[{"href":"https:\/\/13.com.ar\/index.php\/wp-json\/wp\/v2\/media?parent=46160"}],"wp:term":[{"taxonomy":"category","embeddable":true,"href":"https:\/\/13.com.ar\/index.php\/wp-json\/wp\/v2\/categories?post=46160"},{"taxonomy":"post_tag","embeddable":true,"href":"https:\/\/13.com.ar\/index.php\/wp-json\/wp\/v2\/tags?post=46160"}],"curies":[{"name":"wp","href":"https:\/\/api.w.org\/{rel}","templated":true}]}}