{"id":46158,"date":"2025-07-29T06:27:59","date_gmt":"2025-07-29T09:27:59","guid":{"rendered":"https:\/\/13.com.ar\/index.php\/me-queria-ir-del-pais-ahora-quiero-ser-la-voz-del-vecino-necesitado\/"},"modified":"2025-07-29T06:27:59","modified_gmt":"2025-07-29T09:27:59","slug":"me-queria-ir-del-pais-ahora-quiero-ser-la-voz-del-vecino-necesitado","status":"publish","type":"post","link":"https:\/\/13.com.ar\/index.php\/me-queria-ir-del-pais-ahora-quiero-ser-la-voz-del-vecino-necesitado\/","title":{"rendered":"Me quer\u00eda ir del pa\u00eds, ahora quiero ser la voz del vecino necesitado"},"content":{"rendered":"<p> <br \/>\n<\/p>\n<div id=\"cuerpo\">\n<div class=\"sc-45461e9c-0 eqiBeF container-text text-embed \" id=\"element-body-0\">\n<p>Nicol\u00e1s Sabo (29) sonr\u00ede en este nuevo ciclo de su vida. La \u00faltima vez que hab\u00eda hablado con <strong>Clar\u00edn<\/strong>, hace tres a\u00f1os, ten\u00eda l\u00e1grimas recorriendo su rostro, transmit\u00eda angustia y <strong>anunciaba que cerrar\u00eda su kiosco y se ir\u00eda del pa\u00eds<\/strong>. El joven es hijo de Roberto Sabo (48), el recordado y querido kiosquero asesinado a balazos en noviembre de 2021 en su local de Ramos Mej\u00eda, un caso que gener\u00f3 indignaci\u00f3n y conmoci\u00f3n a nivel nacional.<\/p>\n<\/div>\n<div class=\"sc-45461e9c-0 eqiBeF container-text text-embed \" id=\"element-body-1\">\n<p>Pasaron casi cuatro a\u00f1os y la familia transit\u00f3 el luto por Roberto, aunque nunca se terminaron de ir las intenciones de partir hacia otras latitudes. &#8220;Despu\u00e9s de lo de mi viejo, <strong>el cagazo no se fue nunca<\/strong>, pero no quedaba otra que volver abrir el kiosco donde mi pap\u00e1 qued\u00f3 tirado y seguir laburando&#8221;, confiesa Nicol\u00e1s.<\/p>\n<\/div>\n<div class=\"sc-45461e9c-0 eqiBeF container-text text-embed \" id=\"element-body-2\">\n<p>&#8220;Tambi\u00e9n tuvimos mi hermano (Tom\u00e1s) y yo la necesidad de pensar y buscar nuestro futuro en otro lugar. Pero hoy siento que la historia es diferente, quiero pelearla desde ac\u00e1, otro lugar y espero que no se me malinterprete&#8221;, cuenta.<\/p>\n<\/div>\n<div class=\"sc-45461e9c-0 eqiBeF container-text text-embed \" id=\"element-body-3\">\n<p>Ahora, Nicol\u00e1s dice que &#8220;la historia es diferente&#8221; y que quiere &#8220;pelearla desde otro lugar&#8221;. Es que <strong>ser\u00e1 candidato a concejal por el partido Potencia<\/strong>, espacio conducido por Mar\u00eda Eugenia Talerico -ex vicepresidente de la Unidad de Informaci\u00f3n Financiera durante el gobierno de Mauricio Macri-, en las elecciones bonaerenses del pr\u00f3ximo 7 de septiembre.<\/p>\n<\/div>\n<div class=\"sc-45461e9c-0 eqiBeF container-text text-embed \" id=\"element-body-4\">\n<p>&#8220;Es verdad que yo dije en su momento que<strong> no confiaba en los que nos ten\u00edan que cuidar.<\/strong> Y lo sostengo. Por eso me quiero meter en pol\u00edtica, para intentar modificar algunas cosas&#8221;, expresa con cautela.<\/p>\n<\/div>\n<div class=\"sc-98b114a2-0 bkqiHH image-embed  image-embed \" id=\"element-body-5\"><picture class=\"sc-98b114a2-1 jRUlDm\"><source media=\"(min-width: 975px)\" width=\"720\" height=\"480\" \/><img fetchpriority=\"high\" alt=\"Nicol\u00e1s Sabo (29), junto a la referente del espacio Potencia, Mar\u00eda Eugenia Talerico.\" loading=\"eager\" width=\"720\" height=\"480\" decoding=\"async\" data-nimg=\"1\" style=\"color:transparent\" src=\"https:\/\/13.com.ar\/wp-content\/uploads\/2025\/07\/Me-queria-ir-del-pais-ahora-quiero-ser-la-voz.jpg\"\/><span class=\"epigraphe\">Nicol\u00e1s Sabo (29), junto a la referente del espacio Potencia, Mar\u00eda Eugenia Talerico.<\/span><span class=\"picture-open\"><button class=\"open-image\" aria-label=\"Open Image\"\/><\/span><\/picture><\/div>\n<div class=\"sc-45461e9c-0 eqiBeF container-text text-embed \" id=\"element-body-6\">\n<p>Despu\u00e9s del asesinato de su padre, que result\u00f3 como una bomba medi\u00e1tica por lo que moviliz\u00f3 p\u00fablicamente a los vecinos de Ramos Mej\u00eda y alrededores, a Nicol\u00e1s se le acercaron desde distintos espacios pol\u00edticos para intentar sumarlo. &#8220;<strong>Yo no quer\u00eda saber nada, <\/strong>estaba muy triste, indignado y me parec\u00eda oportunista. Necesitaba estar con mi familia y despedir a mi viejo como se pudiera&#8221;, recuerda.<\/p>\n<\/div>\n<div class=\"sc-45461e9c-0 eqiBeF container-text text-embed \" id=\"element-body-7\">\n<p>El inter\u00e9s desde distintos <em>bunkers<\/em> continu\u00f3 y la respuesta fue siempre negativa, Incluso amigos de su padre procuraron persuadirlo para que Sabo hijo, a quien le ve\u00edan <em>pasta<\/em>, se metiera en pol\u00edtica. El joven insist\u00eda en que a\u00fan no era el momento.<\/p>\n<\/div>\n<div class=\"sc-45461e9c-0 eqiBeF container-text text-embed \" id=\"element-body-8\">\n<p>Sigui\u00f3 trabajando en el kiosco familiar de Ramos Mej\u00eda junto a sus abuelos paternos y tuvieron la posibilidad de abrir otro comercio en Villa Luro, atendido por su hermano Tom\u00e1s y otros parientes. &#8220;All\u00e1 por abril, una ma\u00f1ana me cay\u00f3 la ficha de que <strong>quer\u00eda un cambio en mi vida, <\/strong>me envalenton\u00e9, estaba preparado para ser \u00fatil desde el otro lado del mostrador y me comuniqu\u00e9 con esos amigos de mi viejo que me lo hab\u00edan ofrecido y que ten\u00edan algunos contactos en la pol\u00edtica&#8221;, relata.<\/p>\n<\/div>\n<div class=\"sc-45461e9c-0 eqiBeF container-text text-embed \" id=\"element-body-9\">\n<p>Y agrega: &#8220;As\u00ed fue c\u00f3mo me presentaron a Mar\u00eda Eugenia Talerico, con quien tuve algunas reuniones y despu\u00e9s de unas semanas <em>craneando<\/em>, acept\u00e9 su propuesta.&#8221;<\/p>\n<\/div>\n<div class=\"sc-98b114a2-0 bkqiHH image-embed  image-embed \" id=\"element-body-10\"><picture class=\"sc-98b114a2-1 jRUlDm\"><source media=\"(min-width: 975px)\" width=\"720\" height=\"480\" \/><img alt=\"\u00daltimas vacaciones de Nicol\u00e1s y Tom\u00e1s con su pap\u00e1 Roberto (en el medio).\" loading=\"eager\" width=\"720\" height=\"480\" decoding=\"async\" data-nimg=\"1\" style=\"color:transparent\" src=\"https:\/\/13.com.ar\/wp-content\/uploads\/2025\/07\/1753781279_777_Me-queria-ir-del-pais-ahora-quiero-ser-la-voz.jpg\"\/><span class=\"epigraphe\">\u00daltimas vacaciones de Nicol\u00e1s y Tom\u00e1s con su pap\u00e1 Roberto (en el medio).<\/span><span class=\"picture-open\"><button class=\"open-image\" aria-label=\"Open Image\"\/><\/span><\/picture><\/div>\n<div class=\"sc-45461e9c-0 eqiBeF container-text text-embed \" id=\"element-body-11\">\n<p>Nicol\u00e1s habla sereno y convencido. Tambi\u00e9n lo hace con prudencia, para no herir susceptibilidades: &#8220;Me sent\u00ed identificado con la ideolog\u00eda, la \u00e9tica y los valores que a m\u00ed me ense\u00f1aron y, sobre todo, me sedujo con la oportunidad que le quer\u00eda dar a los j\u00f3venes.&#8221;<\/p>\n<\/div>\n<div class=\"sc-45461e9c-0 eqiBeF container-text text-embed \" id=\"element-body-12\">\n<p>&#8220;Muchas veces se dice que a los j\u00f3venes se los tiene en cuenta, pero despu\u00e9s quedan a la deriva. Mar\u00eda Eugenia me puso primero en la lista del espacio Potencia, dentro de<strong> <\/strong>una lista en la que hay <strong>otros trabajadores y vecinos de La Matanza como yo. <\/strong>Y empec\u00e9 a moverme, a caminar las calles, sin dejar de laburar en el kiosco&#8221;.<\/p>\n<\/div>\n<div class=\"sc-45461e9c-0 eqiBeF container-text text-embed \" id=\"element-body-13\">\n<p>Sabe que su vida pegar\u00e1 un <em>volantazo<\/em> y seguramente el kiosco, esa faena que mam\u00f3 de su padre, tenga que dejarlo. &#8220;S\u00e9 que todo ser\u00e1 diferente. Por un lado, empezar\u00e9 a ser m\u00e1s conocido, por otro tambi\u00e9n <strong>entiendo que me <em>pegar\u00e1n y putear\u00e1n <\/em>por todos lados.<\/strong> Forma parte de nuestro folclore pol\u00edtico, pero sobre todo debo tener en claro qu\u00e9 es lo que quiero hacer yo dentro de la pol\u00edtica&#8221;, se\u00f1ala.<\/p>\n<\/div>\n<div class=\"sc-45461e9c-0 eqiBeF container-text text-embed \" id=\"element-body-14\">\n<p> Y para Nicol\u00e1s &#8220;justamente se trata de todo lo opuesto&#8221; a lo que vio hasta ahora: &#8220;Por eso me propuse como primera medida ayudar a combatir la inseguridad y a <strong>ser la voz de los vecinos comunes&#8221;.<\/strong><\/p>\n<\/div>\n<div class=\"sc-98b114a2-0 bkqiHH image-embed  image-embed \" id=\"element-body-15\"><picture class=\"sc-98b114a2-1 jRUlDm\"><source media=\"(min-width: 975px)\" width=\"720\" height=\"480\" \/><img alt=\"El abrazo de Nicol\u00e1s y Tom\u00e1s, en 2022, cuando condenaron al asesino de su padre. Foto: Juan Manuel Foglia.\" loading=\"eager\" width=\"720\" height=\"480\" decoding=\"async\" data-nimg=\"1\" style=\"color:transparent\" src=\"https:\/\/13.com.ar\/wp-content\/uploads\/2025\/07\/1753781279_312_Me-queria-ir-del-pais-ahora-quiero-ser-la-voz.jpg\"\/><span class=\"epigraphe\">El abrazo de Nicol\u00e1s y Tom\u00e1s, en 2022, cuando condenaron al asesino de su padre. Foto: Juan Manuel Foglia.<\/span><span class=\"picture-open\"><button class=\"open-image\" aria-label=\"Open Image\"\/><\/span><\/picture><\/div>\n<div class=\"sc-45461e9c-0 eqiBeF container-text text-embed \" id=\"element-body-16\">\n<p>Como candidato a concejal, Sabo calcula que necesitar\u00e1 unos cincuenta mil sufragios de los potenciales 750 mil votantes de La Matanza. &#8220;El dolor de la p\u00e9rdida de mi viejo se transform\u00f3 en este impulso, en este empuj\u00f3n para intentar, aunque sea m\u00ednimamente, cambiarle la realidad al vecino.<strong> \u00bfSab\u00e9s cu\u00e1l ser\u00e1 mi primer trabajo? Ganarme la confianza de la gente&#8221;<\/strong>, sostiene.<\/p>\n<\/div>\n<div class=\"sc-45461e9c-0 eqiBeF container-text text-embed \" id=\"element-body-17\">\n<p>&#8220;Yo decid\u00ed ser parte, tambi\u00e9n, por la memoria de mi viejo y no estoy dispuesto para nada en exponer y ensuciar el apellido Sabo. Por eso creo que <strong>ser\u00e1 importante cortar la distancia que existe entre el pol\u00edtico y el vecino<\/strong>, que hoy es abismal&#8221;, indica.<\/p>\n<\/div>\n<div class=\"sc-45461e9c-0 eqiBeF container-text text-embed \" id=\"element-body-18\">\n<p>Consultado sobre qu\u00e9 dir\u00eda su pap\u00e1 sobre su candidatura a concejal Nicol\u00e1s responde: &#8220;<strong>El viejo me dir\u00eda &#8216;dejate de joder, <\/strong>qu\u00e9 ganas de meterte en quilombos ten\u00e9s&#8217;. Y yo le responder\u00eda: <em>pa, dejame probar al menos, si est\u00e1 todo mal as\u00ed&#8230; quiz\u00e1s pueda ayudar a cambiar algo<\/em>. Seguro que \u00e9l no se quedar\u00eda callado y me devolver\u00eda &#8216;ponete a estudiar, viaj\u00e1 junto a la familia, protegete&#8217;.<\/p>\n<\/div>\n<div class=\"sc-45461e9c-0 eqiBeF container-text text-embed \" id=\"element-body-19\">\n<p>&#8220;Le retrucar\u00eda que tengo la ilusi\u00f3n de <strong>aportar mi granito de arena<\/strong> para que nadie m\u00e1s sufra como nos toc\u00f3 sufrir a nosotros. Y \u00e9l terminar\u00eda diciendo: &#8216;Dale, hacelo, conf\u00edo en vos&#8217;. Pens\u00e9 todo ese di\u00e1logo y adem\u00e1s tuve el apoyo de toda mi familia&#8221;, agrega.<\/p>\n<\/div>\n<div class=\"sc-45461e9c-0 eqiBeF container-text text-embed \" id=\"element-body-20\">\n<p>Estar al tope de la lista del espacio Potencia lo coloca a Sabo con chances de entrar como concejal: &#8220;Creo que con mi candidatura, viendo lo que me pas\u00f3 y mi laburo como vecino y comerciante, <strong>siendo el primero de la lista genera un mensaje de transformaci\u00f3n.<\/strong> Hay una clara intenci\u00f3n del espacio a querer cambiar algo, as\u00ed lo vi yo, as\u00ed lo entend\u00ed y me convenc\u00ed en que es una oportunidad que no quiero desaprovechar.&#8221;<\/p>\n<\/div>\n<div class=\"sc-98b114a2-0 bkqiHH image-embed  image-embed \" id=\"element-body-21\"><picture class=\"sc-98b114a2-1 jRUlDm\"><source media=\"(min-width: 975px)\" width=\"720\" height=\"480\" \/><img alt=\"Una de las tantas y multitudinarias marchas pidiendo justicia por el crimen de Roberto. Foto: Constanza Niscovolos.\" loading=\"eager\" width=\"720\" height=\"480\" decoding=\"async\" data-nimg=\"1\" style=\"color:transparent\" src=\"https:\/\/13.com.ar\/wp-content\/uploads\/2025\/07\/1753781279_868_Me-queria-ir-del-pais-ahora-quiero-ser-la-voz.jpg\"\/><span class=\"epigraphe\">Una de las tantas y multitudinarias marchas pidiendo justicia por el crimen de Roberto. Foto: Constanza Niscovolos.<\/span><span class=\"picture-open\"><button class=\"open-image\" aria-label=\"Open Image\"\/><\/span><\/picture><\/div>\n<div class=\"sc-45461e9c-0 eqiBeF container-text text-embed \" id=\"element-body-22\">\n<p>No hay que descartar a los esc\u00e9pticos, a los mal pensados y a los que creen que lo acomodaron para \u00bfsilenciarlo? &#8220;Es entendible que se piense as\u00ed, porque yo lo pensar\u00eda. Pero voy a demostrar que <strong>mi inclusi\u00f3n tiene argumento, tiene convicci\u00f3n y siento que tambi\u00e9n futuro<\/strong>&#8220;, afirma.<\/p>\n<\/div>\n<div class=\"sc-45461e9c-0 eqiBeF container-text text-embed \" id=\"element-body-23\">\n<p>&#8220;Yo pretendo, m\u00e1s que nadie, hacer las cosas bien, de haber querido ser oportunista, hubiera aceptado la cantidad de propuestas que tuve, algunas muy cerca de elecciones pasadas. Pero siempre me mantuve al margen porque no estaba convencido. Ahora s\u00ed creo que <strong>me lleg\u00f3 el momento<\/strong>&#8220;, considera.<\/p>\n<\/div>\n<div class=\"sc-45461e9c-0 eqiBeF container-text text-embed \" id=\"element-body-24\">\n<p>Sobre cu\u00e1l ser\u00eda su primer sue\u00f1o dentro de la pol\u00edtica, Nicol\u00e1s contesta: &#8220;Poder llegar a los j\u00f3venes, que son los m\u00e1s esc\u00e9pticos y tambi\u00e9n a aquellos muchos que se quieren ir de Argentina, como pensaba yo hasta hace muy poco tiempo. <strong>Quiero convertirme en un referente<\/strong>, en que se puede llegar a estar de este lado del mostrador y hacer cosas. Es lo que le digo a mi hermano Tom\u00e1s, que es menor y se quiere ir&#8230; Pero me est\u00e1 escuchando.&#8221; <\/p>\n<\/div>\n<div class=\"sc-45461e9c-0 eqiBeF container-text text-embed \" id=\"element-body-25\">\n<p>En cuanto a los que no se quieran meter en pol\u00edtica, porque no les interesa, el joven candidato dice: &#8220;Okey, pero<strong> d\u00e9jenme tener una oportunidad de estar cerca.<\/strong> Yo voy estar al lado del vecino que me necesita, del vecino invisibilizado y vulnerable.&#8221;<\/p>\n<\/div>\n<div class=\"sc-45461e9c-0 eqiBeF container-text text-embed \" id=\"element-body-26\">\n<p>Y antes de finalizar vuelve a aparecer la memoria de su pap\u00e1 Roberto. &#8220;Cada d\u00eda pienso en \u00e9l, lo extra\u00f1o mucho, pero desde la alegr\u00eda, como era \u00e9l, siempre estaba sonriente el guacho, era un tipo copado, a veces pendejo divertido, era su ADN&#8230;&#8221;, rememora.<\/p>\n<\/div>\n<div class=\"sc-45461e9c-0 eqiBeF container-text text-embed \" id=\"element-body-27\">\n<p><strong>&#8220;Para mi hermano y para m\u00ed, pap\u00e1 era un planazo&#8230; que una pizza, un partido al truco, desaf\u00edos en la play<\/strong>, se calentaba cuando perd\u00eda. Nos hac\u00edamos unos partidos en los que nos sac\u00e1bamos chispas. Yo jugaba con el Aston Villa y \u00e9l con \u00e9l Bayern Munich por Lewandowski, que se llama Robert, como \u00e9l&#8230; Pap\u00e1 era mi mejor amigo&#8221;, concluye.<\/p>\n<\/div>\n<\/div>\n<p><br \/>\n<br \/><a href=\"https:\/\/www.clarin.com\/sociedad\/asesinaron-padre-kiosquero-candidato-concejal-queria-ir-pais-ahora-quiero-voz-vecino-necesitado_0_O2AF7jYsHZ.html\">Fuente Clarin.com <\/a><\/p>\n","protected":false},"excerpt":{"rendered":"<p>Nicol\u00e1s Sabo (29) sonr\u00ede en este nuevo ciclo de su vida. La \u00faltima vez que hab\u00eda hablado con Clar\u00edn, hace tres a\u00f1os, ten\u00eda l\u00e1grimas recorriendo su rostro, transmit\u00eda angustia y anunciaba que cerrar\u00eda su kiosco y se ir\u00eda del pa\u00eds. El joven es hijo de Roberto Sabo (48), el recordado y querido kiosquero asesinado a [&hellip;]<\/p>\n","protected":false},"author":1,"featured_media":46159,"comment_status":"open","ping_status":"open","sticky":false,"template":"","format":"standard","meta":{"footnotes":""},"categories":[2],"tags":[1412,100,24815,134,691,12614,1234,2688,5518],"class_list":["post-46158","post","type-post","status-publish","format-standard","has-post-thumbnail","hentry","category-ultimas-noticias","tag-ahora","tag-del","tag-necesitado","tag-pais","tag-queria","tag-quiero","tag-ser","tag-vecino","tag-voz"],"_links":{"self":[{"href":"https:\/\/13.com.ar\/index.php\/wp-json\/wp\/v2\/posts\/46158","targetHints":{"allow":["GET"]}}],"collection":[{"href":"https:\/\/13.com.ar\/index.php\/wp-json\/wp\/v2\/posts"}],"about":[{"href":"https:\/\/13.com.ar\/index.php\/wp-json\/wp\/v2\/types\/post"}],"author":[{"embeddable":true,"href":"https:\/\/13.com.ar\/index.php\/wp-json\/wp\/v2\/users\/1"}],"replies":[{"embeddable":true,"href":"https:\/\/13.com.ar\/index.php\/wp-json\/wp\/v2\/comments?post=46158"}],"version-history":[{"count":0,"href":"https:\/\/13.com.ar\/index.php\/wp-json\/wp\/v2\/posts\/46158\/revisions"}],"wp:featuredmedia":[{"embeddable":true,"href":"https:\/\/13.com.ar\/index.php\/wp-json\/wp\/v2\/media\/46159"}],"wp:attachment":[{"href":"https:\/\/13.com.ar\/index.php\/wp-json\/wp\/v2\/media?parent=46158"}],"wp:term":[{"taxonomy":"category","embeddable":true,"href":"https:\/\/13.com.ar\/index.php\/wp-json\/wp\/v2\/categories?post=46158"},{"taxonomy":"post_tag","embeddable":true,"href":"https:\/\/13.com.ar\/index.php\/wp-json\/wp\/v2\/tags?post=46158"}],"curies":[{"name":"wp","href":"https:\/\/api.w.org\/{rel}","templated":true}]}}