{"id":46156,"date":"2025-07-29T06:24:57","date_gmt":"2025-07-29T09:24:57","guid":{"rendered":"https:\/\/13.com.ar\/index.php\/bajar-del-coche-en-movimiento\/"},"modified":"2025-07-29T06:24:57","modified_gmt":"2025-07-29T09:24:57","slug":"bajar-del-coche-en-movimiento","status":"publish","type":"post","link":"https:\/\/13.com.ar\/index.php\/bajar-del-coche-en-movimiento\/","title":{"rendered":"Bajar del coche en movimiento"},"content":{"rendered":"<p> <br \/>\n<br \/><img decoding=\"async\" src=\"https:\/\/13.com.ar\/wp-content\/uploads\/2025\/07\/Bajar-del-coche-en-movimiento.jpg\" \/><\/p>\n<div id=\"element-body-0\">\n<p>\u201cLos ladrones saben silbar, bajarse de los coches en movimiento y bailar el vals\u201d. As\u00ed afirma el poema de Gonz\u00e1lez Tu\u00f1\u00f3n y a m\u00ed me ha parecido siempre la <strong>s\u00edntesis perfecta de la elegancia<\/strong>. Los ladrones de Tu\u00f1\u00f3n sab\u00edan ser elegantes, justamente por ladrones, aunque para serlo tuvieran que desvalijar el Asilo de las Ancianas. Eso formaba parte de la profesi\u00f3n, pero ten\u00edan el garbo de subir y bajar de los colectivos con levedad de bailadores de vals, y alejarse silbando, las manos en los bolsillos.<\/p>\n<\/div>\n<div id=\"element-body-1\">\n<p>Los tiempos han cambiado, <strong>los ladrones ya no son lo que eran<\/strong>, muestran con impudicia su vanidad en la televisi\u00f3n y hace rato que en todo transporte p\u00fablico advierten que no se puede bajar del veh\u00edculo en movimiento. Am\u00e9n de que la mayor\u00eda tienen alturas asesinas, no abren las puertas hasta detenerse y trepar a ellos ya no es cuesti\u00f3n de elegancia.<\/p>\n<\/div>\n<div id=\"element-body-2\">\n<p>Pero hubo un tiempo en que cualquier joven que se preciara deb\u00eda aprender el <strong>arte de viajar en colectivo<\/strong>. Que inclu\u00eda subir asi\u00e9ndose de la barra y que el movimiento del veh\u00edculo lo alzara del suelo. Y al bajar, tomarse de ambas barras de espaldas a la calle, soltar la mano derecha y caer en la vereda con breve carrerita que acompasara los \u00faltimos metros del bondi.<\/p>\n<\/div>\n<div id=\"element-body-3\">\n<p>Y as\u00ed, hasta el infinito, incluyendo la etiqueta de mantenerse parado sin asirse de los pasamanos, y leyendo el diario.<\/p>\n<\/div>\n<div id=\"element-body-4\">\n<p>Dominar ese arte era obtener<strong> patente de porte\u00f1o.<\/strong><\/p>\n<\/div>\n<div id=\"element-body-5\">\n<p>Una breve digresi\u00f3n. No nac\u00ed porte\u00f1o. Llegu\u00e9 a serlo, como tantos otros. Esto incluye el hecho de no haber viajado en colectivo hasta la edad de trece a\u00f1os. Se me notaba lo pajuerano ni bien levantaba la mano para detenerlos.<\/p>\n<\/div>\n<div id=\"element-body-6\">\n<p>La incomodidad ante lo que para otros era habitual me abrumaba. El modo en que mis compa\u00f1eros de colegio sub\u00edan y bajaban de los colectivos, sab\u00edan de combinaciones, recordaban l\u00edneas e intersecciones me fascinaba. La velocidad con que esa brecha fue saldada result\u00f3 pasmosa. Cosa de chicos, como se dice.<\/p>\n<\/div>\n<div id=\"element-body-7\">\n<p>Pero de esa incomodidad inicial, de esa ignorancia de c\u00f3digos previa, me qued\u00f3 tal vez la observaci\u00f3n para entender los modos de viajar, los gestos que para otros pueden ser cotidianos, pero para quien debe adquirirlos toman dimensi\u00f3n de misterio.<\/p>\n<\/div>\n<div id=\"element-body-8\">\n<p>Modos y maneras de viajar por Buenos Aires que acaso se han perdido, e incluso invisibles para muchos, a m\u00ed me requirieron un aprendizaje concienzudo, y un recuerdo v\u00edvido.<\/p>\n<\/div>\n<div id=\"element-body-9\">\n<p>Tal vez por eso, de vez en cuando, viendo una vieja pel\u00edcula, un documental nostalgioso, me pierdo el hilo del relato y me quedo colgado de la manera en que <strong>los viejos porte\u00f1os corr\u00edan los colectivos, se encaramaban de un salto en el pescante, o iban colgados en racimos de las puertas,<\/strong> para bajarse luego con la liviana elegancia de los ladrones de Gonz\u00e1lez Tu\u00f1\u00f3n.<\/p>\n<\/div>\n<p><br \/>\n<br \/><a href=\"https:\/\/www.clarin.com\/opinion\/bajar-coche-movimiento_0_TNM6VdKdNH.html\">Fuente Clarin.com <\/a><\/p>\n","protected":false},"excerpt":{"rendered":"<p>\u201cLos ladrones saben silbar, bajarse de los coches en movimiento y bailar el vals\u201d. As\u00ed afirma el poema de Gonz\u00e1lez Tu\u00f1\u00f3n y a m\u00ed me ha parecido siempre la s\u00edntesis perfecta de la elegancia. Los ladrones de Tu\u00f1\u00f3n sab\u00edan ser elegantes, justamente por ladrones, aunque para serlo tuvieran que desvalijar el Asilo de las Ancianas. [&hellip;]<\/p>\n","protected":false},"author":1,"featured_media":46157,"comment_status":"open","ping_status":"open","sticky":false,"template":"","format":"standard","meta":{"footnotes":""},"categories":[2],"tags":[2861,8717,100,10235],"class_list":["post-46156","post","type-post","status-publish","format-standard","has-post-thumbnail","hentry","category-ultimas-noticias","tag-bajar","tag-coche","tag-del","tag-movimiento"],"_links":{"self":[{"href":"https:\/\/13.com.ar\/index.php\/wp-json\/wp\/v2\/posts\/46156","targetHints":{"allow":["GET"]}}],"collection":[{"href":"https:\/\/13.com.ar\/index.php\/wp-json\/wp\/v2\/posts"}],"about":[{"href":"https:\/\/13.com.ar\/index.php\/wp-json\/wp\/v2\/types\/post"}],"author":[{"embeddable":true,"href":"https:\/\/13.com.ar\/index.php\/wp-json\/wp\/v2\/users\/1"}],"replies":[{"embeddable":true,"href":"https:\/\/13.com.ar\/index.php\/wp-json\/wp\/v2\/comments?post=46156"}],"version-history":[{"count":0,"href":"https:\/\/13.com.ar\/index.php\/wp-json\/wp\/v2\/posts\/46156\/revisions"}],"wp:featuredmedia":[{"embeddable":true,"href":"https:\/\/13.com.ar\/index.php\/wp-json\/wp\/v2\/media\/46157"}],"wp:attachment":[{"href":"https:\/\/13.com.ar\/index.php\/wp-json\/wp\/v2\/media?parent=46156"}],"wp:term":[{"taxonomy":"category","embeddable":true,"href":"https:\/\/13.com.ar\/index.php\/wp-json\/wp\/v2\/categories?post=46156"},{"taxonomy":"post_tag","embeddable":true,"href":"https:\/\/13.com.ar\/index.php\/wp-json\/wp\/v2\/tags?post=46156"}],"curies":[{"name":"wp","href":"https:\/\/api.w.org\/{rel}","templated":true}]}}