{"id":46154,"date":"2025-07-29T06:21:58","date_gmt":"2025-07-29T09:21:58","guid":{"rendered":"https:\/\/13.com.ar\/index.php\/el-desafio-medico-de-una-combinacion-frecuente\/"},"modified":"2025-07-29T06:21:58","modified_gmt":"2025-07-29T09:21:58","slug":"el-desafio-medico-de-una-combinacion-frecuente","status":"publish","type":"post","link":"https:\/\/13.com.ar\/index.php\/el-desafio-medico-de-una-combinacion-frecuente\/","title":{"rendered":"el desaf\u00edo m\u00e9dico de una combinaci\u00f3n frecuente"},"content":{"rendered":"<p> <br \/>\n<br \/><img decoding=\"async\" src=\"https:\/\/13.com.ar\/wp-content\/uploads\/2025\/07\/el-desafio-medico-de-una-combinacion-frecuente.jpg\" \/><\/p>\n<div id=\"element-body-0\">\n<p>Existe una frecuente relaci\u00f3n en las mujeres que padecen c\u00e1ncer de mama con la depresi\u00f3n: <strong>las estad\u00edsticas indican que la padecen un 40-50% de las pacientes.<\/strong> A veces, porque padecen de depresi\u00f3n antes del diagn\u00f3stico de c\u00e1ncer, otras como reacci\u00f3n al recibir el diagn\u00f3stico o, si no, como consecuencia al tratamiento que deben realizar.<\/p>\n<\/div>\n<div id=\"element-body-1\">\n<p>La depresi\u00f3n en oncolog\u00eda <strong>es con frecuencia subdiagnosticada y no es tratada como tal<\/strong> ya que suele ser considerada una reacci\u00f3n normal por recibir el diagn\u00f3stico o por tener que someterse a tratamientos que suelen no ser sencillos aunque s\u00ed imprescindibles.<\/p>\n<\/div>\n<div id=\"element-body-2\">\n<p>Por otro lado, <strong>muchos s\u00edntomas se superponen<\/strong> entre los que son propios del c\u00e1ncer y del cuadro depresivo. Se pueden mencionar la p\u00e9rdida del apetito, disminuci\u00f3n de peso, trastornos del sue\u00f1o, fatiga, falta de energ\u00eda, dificultad para concentrarse y enlentecimiento psicomotor, lo que puede generar confusi\u00f3n a la hora de realizar un preciso diagn\u00f3stico.<\/p>\n<\/div>\n<div id=\"element-body-3\">\n<p>Las consecuencias de una depresi\u00f3n no diagnosticada y\/o no tratada en este contexto son importantes e incluyen desde <strong>mayores dificultades para seguir el tratamiento oncol\u00f3gico<\/strong> con la debida prolijidad, hasta complicaciones tales como sentir m\u00e1s dolor, dificultades en la movilizaci\u00f3n, padecer de una mala alimentaci\u00f3n o arrastrar una peor calidad de vida.<\/p>\n<\/div>\n<div id=\"element-body-5\">\n<p>Un dato de vital importancia es que<strong> la presencia de depresi\u00f3n puede incrementar la mortalidad.<\/strong><\/p>\n<\/div>\n<div id=\"element-body-7\">\n<p>El tratamiento de la depresi\u00f3n es imprescindible, pero al mismo tiempo todo un desaf\u00edo para <strong>compatibilizar ambos tratamientos: el oncol\u00f3gico con el antidepresivo.<\/strong><\/p>\n<\/div>\n<div id=\"element-body-8\">\n<p>Un ejemplo de lo mencionado es en el caso de la paciente que recibe tamoxifeno y al mismo se le debe indicar un antidepresivo.<\/p>\n<\/div>\n<div id=\"element-body-9\">\n<p><strong>El tamoxifeno suele ser muy utilizado<\/strong> en las mujeres con c\u00e1ncer de mama y cuyo tumor tiene receptores hormonales.<\/p>\n<\/div>\n<div id=\"element-body-10\">\n<p>La funci\u00f3n del tamoxifeno es impedir la acci\u00f3n de los estr\u00f3genos sobre la mama evitando as\u00ed el crecimiento tumoral. De esta manera, <strong>se reduce la tasa de recurrencia en casi 40%, y de mortalidad en 30%<\/strong> durante los primeros 15 a\u00f1os.<\/p>\n<\/div>\n<div id=\"element-body-11\">\n<p>Para ejercer su acci\u00f3n el tamoxifeno es un prof\u00e1rmaco y se debe transformar en el h\u00edgado en endoxifeno y la dificultad estriba en que algunos antidepresivos bloquean este mecanismo, por la cual el tamoxifeno puede perder eficacia. <\/p>\n<\/div>\n<div id=\"element-body-13\">\n<p>Y es una de las razones por la cual <strong>muchos onc\u00f3logos son prudentes o hasta reacios a que sus pacientes usen antidepresivos<\/strong> ya que la protecci\u00f3n que brinda el tamoxifeno se podr\u00eda volver menos efectiva.<\/p>\n<\/div>\n<div id=\"element-body-14\">\n<p>Sin embargo, tambi\u00e9n conviene se\u00f1alar que esto no ocurre con todos los antidepresivos: <strong>algunos no tienen ninguna interacci\u00f3n<\/strong> perjudicial con el tamoxifeno y se pueden prescribir libremente (mirtazapina, vortioxetina, trazodona, milnacipram), con otros la interacci\u00f3n es m\u00ednima (venlafaxina, desvelafaxina, citalopram, escitalopram, fluvoxanina), <\/p>\n<\/div>\n<div id=\"element-body-15\">\n<p>en algunos la interacci\u00f3n es moderada y se deben indicar con precauci\u00f3n (sertralina, duloxetina, bupropi\u00f3n) mientras <strong>otros ejercen una fuerte interacci\u00f3n negativa<\/strong> y no deben administrarse ya que pueden anular el efecto del tamoxifeno (fluoxetina, paroxetina, amitriptilina).<\/p>\n<\/div>\n<div id=\"element-body-16\">\n<p>En conclusi\u00f3n, no se debe ignorar la depresi\u00f3n sino <strong>priorizar la selecci\u00f3n cuidadosa del antidepresivo<\/strong> para evitar interacciones perjudiciales.<\/p>\n<\/div>\n<p><br \/>\n<br \/><a href=\"https:\/\/www.clarin.com\/viva\/cancer-mama-depresion-desafio-medico-combinacion-frecuente_0_QT8koXBWrs.html\">Fuente Clarin.com <\/a><\/p>\n","protected":false},"excerpt":{"rendered":"<p>Existe una frecuente relaci\u00f3n en las mujeres que padecen c\u00e1ncer de mama con la depresi\u00f3n: las estad\u00edsticas indican que la padecen un 40-50% de las pacientes. A veces, porque padecen de depresi\u00f3n antes del diagn\u00f3stico de c\u00e1ncer, otras como reacci\u00f3n al recibir el diagn\u00f3stico o, si no, como consecuencia al tratamiento que deben realizar. La [&hellip;]<\/p>\n","protected":false},"author":1,"featured_media":46155,"comment_status":"open","ping_status":"open","sticky":false,"template":"","format":"standard","meta":{"footnotes":""},"categories":[2],"tags":[8444,559,7335,4094,73],"class_list":["post-46154","post","type-post","status-publish","format-standard","has-post-thumbnail","hentry","category-ultimas-noticias","tag-combinacion","tag-desafio","tag-frecuente","tag-medico","tag-una"],"_links":{"self":[{"href":"https:\/\/13.com.ar\/index.php\/wp-json\/wp\/v2\/posts\/46154","targetHints":{"allow":["GET"]}}],"collection":[{"href":"https:\/\/13.com.ar\/index.php\/wp-json\/wp\/v2\/posts"}],"about":[{"href":"https:\/\/13.com.ar\/index.php\/wp-json\/wp\/v2\/types\/post"}],"author":[{"embeddable":true,"href":"https:\/\/13.com.ar\/index.php\/wp-json\/wp\/v2\/users\/1"}],"replies":[{"embeddable":true,"href":"https:\/\/13.com.ar\/index.php\/wp-json\/wp\/v2\/comments?post=46154"}],"version-history":[{"count":0,"href":"https:\/\/13.com.ar\/index.php\/wp-json\/wp\/v2\/posts\/46154\/revisions"}],"wp:featuredmedia":[{"embeddable":true,"href":"https:\/\/13.com.ar\/index.php\/wp-json\/wp\/v2\/media\/46155"}],"wp:attachment":[{"href":"https:\/\/13.com.ar\/index.php\/wp-json\/wp\/v2\/media?parent=46154"}],"wp:term":[{"taxonomy":"category","embeddable":true,"href":"https:\/\/13.com.ar\/index.php\/wp-json\/wp\/v2\/categories?post=46154"},{"taxonomy":"post_tag","embeddable":true,"href":"https:\/\/13.com.ar\/index.php\/wp-json\/wp\/v2\/tags?post=46154"}],"curies":[{"name":"wp","href":"https:\/\/api.w.org\/{rel}","templated":true}]}}