{"id":46152,"date":"2025-07-29T05:48:56","date_gmt":"2025-07-29T08:48:56","guid":{"rendered":"https:\/\/13.com.ar\/index.php\/las-internas-en-el-vestuario-el-referente-apuntado-y-el-dt-con-los-dias-contados\/"},"modified":"2025-07-29T05:48:56","modified_gmt":"2025-07-29T08:48:56","slug":"las-internas-en-el-vestuario-el-referente-apuntado-y-el-dt-con-los-dias-contados","status":"publish","type":"post","link":"https:\/\/13.com.ar\/index.php\/las-internas-en-el-vestuario-el-referente-apuntado-y-el-dt-con-los-dias-contados\/","title":{"rendered":"las internas en el vestuario, el referente apuntado y \u00bfel DT con los d\u00edas contados?"},"content":{"rendered":"<p> <br \/>\n<\/p>\n<div id=\"cuerpo\">\n<div class=\"sc-45461e9c-0 eqiBeF container-text text-embed \" id=\"element-body-0\">\n<p>El cambio de <strong>Miguel Merentiel<\/strong> es apenas una muestra gratis del caos reinante. Una situaci\u00f3n que expone la fractura del vestuario y a un t\u00e9cnico al que empiezan a mirar de reojo. La consecuencia es <strong>el peor Boca de la historia<\/strong>. Al menos, en cuanto a los resultados.<\/p>\n<\/div>\n<div class=\"sc-45461e9c-0 eqiBeF container-text text-embed \" id=\"element-body-1\">\n<p><strong>Nunca antes en 120 a\u00f1os de vida, desde su fundaci\u00f3n en la Plaza Sol\u00eds, hab\u00edan pasado once partidos consecutivos sin victorias<\/strong>. Ni siquiera cuando el club estuvo intervenido por Federico Polak en 1984 y tuvo que apelar a juveniles para enfrentar a Atlanta con los n\u00fameros de su camiseta pintados con un fibr\u00f3n.<\/p>\n<\/div>\n<div class=\"sc-45461e9c-0 eqiBeF container-text text-embed \" id=\"element-body-2\">\n<p>La crisis es tan grande como esa camiseta que hoy les pesa a los futbolistas. Y <strong>el gran responsable es Juan Rom\u00e1n Riquelme<\/strong>, un presidente que decidi\u00f3 bajarse del p\u00f3ster y est\u00e1 empezando a sentir que el cr\u00e9dito que reuni\u00f3 como un eximio futbolista empieza a disolverse lentamente.<\/p>\n<\/div>\n<div class=\"sc-45461e9c-0 eqiBeF container-text text-embed \" id=\"element-body-3\">\n<p>Los rumores son constantes a orillas del Riachuelo, pero se generan en el b\u00fanker de Ezeiza, donde Riquelme instal\u00f3 su base de operaciones. <strong>Si fuera por Russo, el plantel deber\u00eda entrenarse en Casa Amarilla o en la Bombonera<\/strong>, pero el presidente los quiere cerca. \u00bfCu\u00e1nto tiempo tendr\u00e1 el veterano entrenador para dar vuelta la p\u00e1gina? Ayer, justo en el primer d\u00eda libre, comenzaron a circular versiones de ciclo cumplido.<\/p>\n<\/div>\n<div class=\"sc-98b114a2-0 bkqiHH image-embed  image-embed \" id=\"element-body-4\"><picture class=\"sc-98b114a2-1 jRUlDm\"><source media=\"(min-width: 975px)\" width=\"720\" height=\"480\" \/><img fetchpriority=\"high\" alt=\"Por ahora, Paredes no puede revertir el mal funcionamiento de Boca.&#10;Foto: Fernando de la Orden\" loading=\"eager\" width=\"720\" height=\"480\" decoding=\"async\" data-nimg=\"1\" style=\"color:transparent\" src=\"https:\/\/13.com.ar\/wp-content\/uploads\/2025\/07\/las-internas-en-el-vestuario-el-referente-apuntado-y-\u00bfel.jpg\"\/><span class=\"epigraphe\">Por ahora, Paredes no puede revertir el mal funcionamiento de Boca.<br \/>\nFoto: Fernando de la Orden<\/span><span class=\"picture-open\"><button class=\"open-image\" aria-label=\"Open Image\"\/><\/span><\/picture><\/div>\n<div class=\"sc-45461e9c-0 eqiBeF container-text text-embed \" id=\"element-body-5\">\n<p>S\u00ed, aunque Russo asumi\u00f3 su cargo una semana antes del Mundial de Clubes, hace apenas un mes y algunos d\u00edas, puertas adentro lo ven desgastado. Se sabe que pele\u00f3 duro contra una dura enfermedad y el impulso de aquellos primeros d\u00edas en su tercera etapa como t\u00e9cnico de Boca fue disminuyendo. Se lo ve m\u00e1s activo, incluso dando indicaciones a su ayudante Claudio Ubeda que al propio Miguel. Y los resultados, claro, no ayudan.<\/p>\n<\/div>\n<div class=\"sc-45461e9c-0 eqiBeF container-text text-embed \" id=\"element-body-6\">\n<p>El parate del fin de semana -producto de una programaci\u00f3n que contempl\u00f3 la realizaci\u00f3n de las PASO, finalmente canceladas- sirvi\u00f3 para ganar tiempo. <strong>\u00bfC\u00f3mo reaccionar\u00e1 el hincha de Boca ante Racing despu\u00e9s de la eliminaci\u00f3n de la Copa Argentina ante Atl\u00e9tico Tucum\u00e1n y esta derrota frente a Hurac\u00e1n?<\/strong><\/p>\n<\/div>\n<div class=\"sc-45461e9c-0 eqiBeF container-text text-embed \" id=\"element-body-7\">\n<p>Sin dudas, habr\u00e1 un cabildo abierto y un s\u00e1bado negativo podr\u00eda desembocar en una salida prematura del entrenador. <strong>Hay quienes se preguntan en el c\u00edrculo \u00edntimo de Russo si vale la pena quedar en el frente de una tormenta sin paraguas<\/strong>. Su familia no estaba muy convencida cuando Miguel les dijo que Rom\u00e1n lo hab\u00eda llamado para volver a Boca.<\/p>\n<\/div>\n<div class=\"sc-45461e9c-0 eqiBeF container-text text-embed \" id=\"element-body-8\">\n<p>\u201cMiguel est\u00e1 golpeado, pero tiene fuerza\u201d, dijo Mauricio Serna antes del partido contra el Globo, al que calific\u00f3 de \u201cuna final\u201d. Seg\u00fan pudo averiguar <strong>Clar\u00edn<\/strong>, <em>Chicho <\/em>habl\u00f3 sin consentimiento de Riquelme. El respaldo p\u00fablico para el entrenador reci\u00e9n llegado estuvo lejos de calmar las aguas.<\/p>\n<\/div>\n<div class=\"sc-45461e9c-0 eqiBeF container-text text-embed \" id=\"element-body-9\">\n<p>Russo lleva 15 partidos sin victorias, 8 de su segundo ciclo -que arranc\u00f3 con la presidencia de Jorge Amor Ameal- y 7 en esta nueva aventura, ahora con Rom\u00e1n como primer mandatario. El \u00faltimo triunfo de Miguel data del 26 de mayo de 2021, por la Libertadores, cuando Boca gan\u00f3 3 a 0 ante The Strongest. Sebasti\u00e1n Villa marc\u00f3 uno de los goles. <\/p>\n<\/div>\n<div class=\"sc-98b114a2-0 bkqiHH image-embed  image-embed \" id=\"element-body-10\"><picture class=\"sc-98b114a2-1 jRUlDm\"><source media=\"(min-width: 975px)\" width=\"720\" height=\"480\" \/><img alt=\"Boca es en desconcierto total.&#10;Foto: Fernando de la Orden\" loading=\"eager\" width=\"720\" height=\"480\" decoding=\"async\" data-nimg=\"1\" style=\"color:transparent\" src=\"https:\/\/13.com.ar\/wp-content\/uploads\/2025\/07\/1753778936_141_las-internas-en-el-vestuario-el-referente-apuntado-y-\u00bfel.jpg\"\/><span class=\"epigraphe\">Boca es en desconcierto total.<br \/>\nFoto: Fernando de la Orden<\/span><span class=\"picture-open\"><button class=\"open-image\" aria-label=\"Open Image\"\/><\/span><\/picture><\/div>\n<div class=\"sc-45461e9c-0 eqiBeF container-text text-embed \" id=\"element-body-11\">\n<p>El colombiano, condenado por violencia de g\u00e9nero, ayer sum\u00f3 m\u00e1s problemas con una demanda por \u201cdespido indirecto\u201d. El delantero de Independiente Rivadavia, que jug\u00f3 172 partidos y marc\u00f3 29 goles con la camiseta xeneize, reclama 236 millones de pesos y 2 millones de d\u00f3lares.<\/p>\n<\/div>\n<div class=\"sc-45461e9c-0 eqiBeF container-text text-embed \" id=\"element-body-12\">\n<p>Los t\u00e9cnicos cada vez le duran menos a Riquelme porque su influencia en el armado es innegable. Y as\u00ed como tuvo problemas con el propio Russo en el primer ciclo, pero sobre todo con Sebasti\u00e1n Battaglia, Hugo Ibarra, Jorge Almir\u00f3n, Diego Mart\u00ednez y Fernando Gago, la tendencia se repite ahora. <\/p>\n<\/div>\n<div class=\"sc-45461e9c-0 eqiBeF container-text text-embed \" id=\"element-body-13\">\n<p><strong>Marcos Rojo y Marcelo Saracchi no juegan por decisi\u00f3n del presidente<\/strong>. Milton Delgado volvi\u00f3 a ser parte del equipo porque Rom\u00e1n le levant\u00f3 el pulgar despu\u00e9s de algunas discusiones con su representante. Alan <strong>Velasco es titular, muy a pesar de su floj\u00edsimo nivel, porque Riquelme invirti\u00f3 10 millones de d\u00f3lares<\/strong>. Edinson Cavani -cuando est\u00e1 sano- forma parte del once inicial -y luce la cinta de capit\u00e1n- porque se trata del jugador franquicia. <strong>\u00bfY porque fue uno de los soplones del asado que el plantel realiz\u00f3 en su casa, donde Rojo se quej\u00f3 del Consejo de F\u00fatbol?<\/strong><\/p>\n<\/div>\n<div class=\"sc-45461e9c-0 eqiBeF container-text text-embed \" id=\"element-body-14\">\n<p>\u201c<strong>Hasta que no vuelen algunas cabezas&#8230;<\/strong>\u201d, le dijo a <strong>Clar\u00edn <\/strong>un integrante del cuerpo t\u00e9cnico de Russo. <strong>\u00bfSe refer\u00eda a Carlos Palacios, el jugador que gener\u00f3 el primer chispazo con Gago cuando regres\u00f3 tarde de Chile?<\/strong> Aunque es cierto que est\u00e1 lesionado, no lleg\u00f3 en las mejores condiciones a la pr\u00e1ctica del lunes pasado. Fue justo despu\u00e9s de festejar su cumple. Sus compa\u00f1eros observan que hay una preferencia de Riquelme por el enganche de 25 a\u00f1os.<\/p>\n<\/div>\n<div class=\"sc-98b114a2-0 bkqiHH image-embed  image-embed \" id=\"element-body-15\"><picture class=\"sc-98b114a2-1 jRUlDm\"><source media=\"(min-width: 975px)\" width=\"720\" height=\"480\" \/><img alt=\"Palacios tuvo conflictos con Gago y ya gener\u00f3 pol\u00e9mica con Miguel.&#10;Foto: REUTER\" loading=\"eager\" width=\"720\" height=\"480\" decoding=\"async\" data-nimg=\"1\" style=\"color:transparent\" src=\"https:\/\/13.com.ar\/wp-content\/uploads\/2025\/07\/1753778936_254_las-internas-en-el-vestuario-el-referente-apuntado-y-\u00bfel.jpg\"\/><span class=\"epigraphe\">Palacios tuvo conflictos con Gago y ya gener\u00f3 pol\u00e9mica con Miguel.<br \/>\nFoto: REUTER<\/span><span class=\"picture-open\"><button class=\"open-image\" aria-label=\"Open Image\"\/><\/span><\/picture><\/div>\n<div class=\"sc-45461e9c-0 eqiBeF container-text text-embed \" id=\"element-body-16\">\n<p>Russo piensa sacarle jugo a los 12 d\u00edas que tiene hasta el cl\u00e1sico con Racing. Incluso, hasta diagram\u00f3 un doble turno para martes y mi\u00e9rcoles. Habr\u00e1 cambios, sin dudas. Leandro Paredes, el referente futbol\u00edstico, necesita socios para jugar. Hasta ahora, el t\u00e9cnico meti\u00f3 mucha mano y no encontr\u00f3 la f\u00f3rmula ganadora.<\/p>\n<\/div>\n<div class=\"sc-45461e9c-0 eqiBeF container-text text-embed \" id=\"element-body-17\">\n<p><strong>\u00bfQu\u00e9 pasar\u00e1 con Merentiel? Su salida fue la punta del ovillo de un vestuario que arde.<\/strong> En el cuerpo t\u00e9cnico, seg\u00fan pudo averiguar Clar\u00edn, sostienen que Russo le dijo al uruguayo que ser\u00eda reemplazado por Milton Gim\u00e9nez. Y hay dos testigos: sus ayudantes Claudio Ubeda y Juvenal Rodr\u00edguez. El delantero fue el \u00faltimo en llegar a la cancha, ya sin la remera t\u00e9rmica que hab\u00eda utilizado en el primer tiempo. \u00bfSab\u00eda que saldr\u00eda del equipo y busc\u00f3 exponer al entrenador?<\/p>\n<\/div>\n<div class=\"sc-45461e9c-0 eqiBeF container-text text-embed \" id=\"element-body-18\">\n<p>\u201cFue un problema de papeler\u00edo con el cuarto \u00e1rbitro\u201d, declar\u00f3 Russo, que busc\u00f3 evitar que se propagara el esc\u00e1ndalo. Merentiel pate\u00f3 la puerta del vestuario y se rompi\u00f3 un vidrio. Cerca del delantero aseguran que \u201cno escuch\u00f3\u201d al entrenador. Alguien miente, evidentemente. Pero ense\u00f1a las miserias que rodean a Boca. Si el uruguayo no es titular el pr\u00f3ximo partido, podr\u00eda clarificarse el panorama.<\/p>\n<\/div>\n<div class=\"sc-45461e9c-0 eqiBeF container-text text-embed \" id=\"element-body-19\">\n<p>En tanto, Riquelme no habla y su hermano Sebasti\u00e1n empieza a hacer ruido en las redes sociales. Hoy es el CEO del club y se filtraron videos de amenazas a Paula Seminara, una asamble\u00edsta por la minor\u00eda que lo denunci\u00f3 en Estados Unidos. En el club hablan de \u201coperaci\u00f3n\u201d de la oposici\u00f3n, pero las pruebas est\u00e1n presentadas en la Justicia norteamericana.<\/p>\n<\/div>\n<div class=\"sc-45461e9c-0 eqiBeF container-text text-embed \" id=\"element-body-20\">\n<p><strong>\u00bfSer\u00e1 capaz de romper el Consejo de F\u00fatbol?<\/strong> Con Serna, dicho est\u00e1, no hay una gran relaci\u00f3n y qued\u00f3 claro la semana pasada, cuando <em>Chicho <\/em>declar\u00f3 que Boca se retirar\u00eda del mercado de pases y esa misma noche se filtr\u00f3 una negociaci\u00f3n con Nacho V\u00e1zquez, capit\u00e1n de Platense. Su principal ladero, adem\u00e1s de su hermano <em>Chanchi<\/em>, es Marcelo Delgado, que a su vez tiene una estrecha relaci\u00f3n con Ra\u00fal Cascini.<\/p>\n<\/div>\n<div class=\"sc-45461e9c-0 eqiBeF container-text text-embed \" id=\"element-body-21\">\n<p>Si falla Russo, Riquelme sabe que no tiene mucho margen. Pero el hincha no come vidrio. Por m\u00e1s que se muevan los alfiles, el Rey es Rom\u00e1n. Que no termine en jaque mate depender\u00e1 de una cintura que tuvo como jugador y hoy no muestra como dirigente.<\/p>\n<\/div>\n<\/div>\n<p><br \/>\n<br \/><a href=\"https:\/\/www.clarin.com\/deportes\/cortocircuito-russo-merentiel-desnudo-caos-vive-boca-internas-vestuario-referente-apuntado-dt-dias-contados_0_AIreJF4lgn.html\">Fuente Clarin.com <\/a><\/p>\n","protected":false},"excerpt":{"rendered":"<p>El cambio de Miguel Merentiel es apenas una muestra gratis del caos reinante. Una situaci\u00f3n que expone la fractura del vestuario y a un t\u00e9cnico al que empiezan a mirar de reojo. La consecuencia es el peor Boca de la historia. Al menos, en cuanto a los resultados. Nunca antes en 120 a\u00f1os de vida, [&hellip;]<\/p>\n","protected":false},"author":1,"featured_media":46153,"comment_status":"open","ping_status":"open","sticky":false,"template":"","format":"standard","meta":{"footnotes":""},"categories":[2],"tags":[1728,18,13693,500,10057,48,28,10872,8318],"class_list":["post-46152","post","type-post","status-publish","format-standard","has-post-thumbnail","hentry","category-ultimas-noticias","tag-apuntado","tag-con","tag-contados","tag-dias","tag-internas","tag-las","tag-los","tag-referente","tag-vestuario"],"_links":{"self":[{"href":"https:\/\/13.com.ar\/index.php\/wp-json\/wp\/v2\/posts\/46152","targetHints":{"allow":["GET"]}}],"collection":[{"href":"https:\/\/13.com.ar\/index.php\/wp-json\/wp\/v2\/posts"}],"about":[{"href":"https:\/\/13.com.ar\/index.php\/wp-json\/wp\/v2\/types\/post"}],"author":[{"embeddable":true,"href":"https:\/\/13.com.ar\/index.php\/wp-json\/wp\/v2\/users\/1"}],"replies":[{"embeddable":true,"href":"https:\/\/13.com.ar\/index.php\/wp-json\/wp\/v2\/comments?post=46152"}],"version-history":[{"count":0,"href":"https:\/\/13.com.ar\/index.php\/wp-json\/wp\/v2\/posts\/46152\/revisions"}],"wp:featuredmedia":[{"embeddable":true,"href":"https:\/\/13.com.ar\/index.php\/wp-json\/wp\/v2\/media\/46153"}],"wp:attachment":[{"href":"https:\/\/13.com.ar\/index.php\/wp-json\/wp\/v2\/media?parent=46152"}],"wp:term":[{"taxonomy":"category","embeddable":true,"href":"https:\/\/13.com.ar\/index.php\/wp-json\/wp\/v2\/categories?post=46152"},{"taxonomy":"post_tag","embeddable":true,"href":"https:\/\/13.com.ar\/index.php\/wp-json\/wp\/v2\/tags?post=46152"}],"curies":[{"name":"wp","href":"https:\/\/api.w.org\/{rel}","templated":true}]}}