{"id":4615,"date":"2025-02-13T14:44:33","date_gmt":"2025-02-13T17:44:33","guid":{"rendered":"https:\/\/13.com.ar\/index.php\/portugal-multara-a-los-turistas-que-caminen-por-la-calle-en-bikini-o-traje-de-bano\/"},"modified":"2025-02-13T14:44:33","modified_gmt":"2025-02-13T17:44:33","slug":"portugal-multara-a-los-turistas-que-caminen-por-la-calle-en-bikini-o-traje-de-bano","status":"publish","type":"post","link":"https:\/\/13.com.ar\/index.php\/portugal-multara-a-los-turistas-que-caminen-por-la-calle-en-bikini-o-traje-de-bano\/","title":{"rendered":"Portugal multar\u00e1 a los turistas que caminen por la calle en bikini\u00a0o\u00a0traje\u00a0de\u00a0ba\u00f1o"},"content":{"rendered":"<p> <br \/>\n<\/p>\n<div id=\"cuerpo\">\n<div class=\"sc-80531b6b-0 chRIGJ container-text text-embed\">\n<p>La regi\u00f3n de el Algarve, en Portugal, que se ha convertido en uno de los destinos m\u00e1s visitados del mundo debido a sus m\u00e1s de 150 kil\u00f3metros de playas mediterr\u00e1neas, <strong>se la agarr\u00f3 con las bikinis y trajes de ba\u00f1o.<\/strong><\/p>\n<\/div>\n<div class=\"sc-80531b6b-0 chRIGJ container-text text-embed\">\n<p>La ciudad de Albufeira, una antigua villa pesquera, que atrae a la mayor cantidad de turistas en esta regi\u00f3n paradis\u00edaca portuguesa anunci\u00f3 que los turistas que se pasen por la calle en bikini ellas y con s\u00f3lo traje de ba\u00f1o ellos ser\u00e1n<strong> multados con m\u00e1s de 1500 d\u00f3lares.<\/strong><\/p>\n<\/div>\n<div class=\"sc-80531b6b-0 chRIGJ container-text text-embed\">\n<p>Seg\u00fan informaron desde el ayuntamiento del complejo tur\u00edstico la multa forma parte de una <strong>ofensiva contra la semidesnudez<\/strong> fuera de las zonas exentas, como las playas y las piscinas de los hoteles.<\/p>\n<\/div>\n<div class=\"sc-80531b6b-0 chRIGJ container-text text-embed\">\n<p>El crecimiento de turistas en la zona, de acuerdo a las autoridades, signific\u00f3 que se pierda la esencia del lugar que es un<strong> &#8220;destino multicultural, familiar y seguro&#8221;.<\/strong><\/p>\n<\/div>\n<div class=\"sc-80531b6b-0 chRIGJ container-text text-embed\">\n<p>&#8220;La intenci\u00f3n del nuevo<strong> C\u00f3digo de Conducta <\/strong>es crear mejores condiciones para el desarrollo del municipio, preservando Albufeira como un destino multicultural, familiar y seguro que valora su patrimonio e identidad\u201d, sostuvieron las autoridades.<\/p>\n<\/div>\n<div class=\"sc-80531b6b-0 chRIGJ container-text text-embed\">\n<p>El C\u00f3digo tambi\u00e9n estipula multar la misma cantidad a los turistas que sean sorprendidos orinando donde no deben. Y cualquier turista que se porte mal y <strong>se desnude completamente en la calle<\/strong> recibir\u00e1 un golpe a\u00fan m\u00e1s duro al bolsillo, con multas de m\u00e1s de 2.000 d\u00f3lares.<\/p>\n<\/div>\n<div class=\"sc-198be8ec-0 cynXbu image-embed  image-embed \"><picture class=\"sc-198be8ec-1 kOjRiQ\"><source media=\"(min-width: 975px)\" width=\"720\" height=\"480\" \/><img alt=\"Praia da Falesia beach in Algarve, Portugal. Foto Shutterstock\" loading=\"lazy\" width=\"720\" height=\"480\" decoding=\"async\" data-nimg=\"1\" style=\"color:transparent\" src=\"https:\/\/13.com.ar\/wp-content\/uploads\/2025\/02\/Portugal-multara-a-los-turistas-que-caminen-por-la-calle.jpg\"\/><span class=\"epigraphe\">Praia da Falesia beach in Algarve, Portugal. Foto Shutterstock<\/span><span class=\"bkg\"\/><span class=\"picture-open\"><button class=\"open-image\" aria-label=\"Open Image\"\/><\/span><\/picture><\/div>\n<div class=\"sc-80531b6b-0 chRIGJ container-text text-embed\">\n<p>El proyecto del nuevo C\u00f3digo de Conducta del complejo tur\u00edstico, aprobado a finales del a\u00f1o pasado en el Concejo de la ciudad, se ha sometido ahora a consulta p\u00fablica antes de su implementaci\u00f3n prevista antes de la temporada de verano.<\/p>\n<\/div>\n<div class=\"sc-80531b6b-0 chRIGJ container-text text-embed\">\n<p> &#8220;<strong>Es urgente establecer medidas <\/strong>que aborden eficazmente la adopci\u00f3n de comportamientos abusivos, en particular por parte de aquellos que buscan el municipio de Albufeira como destino tur\u00edstico&#8221;, dijo el alcalde de Albufeira, Jos\u00e9 Carlos Rolo.<\/p>\n<\/div>\n<div class=\"sc-80531b6b-0 chRIGJ container-text text-embed\">\n<p>El verano pasado, un grupo de turistas fueron captados completamente desnudos y aparecieron en videos sobre la barra del bar Route Caffe 66 en Oura Strip, una conocida zona de j\u00f3venes de la ciudad.<\/p>\n<\/div>\n<div class=\"sc-80531b6b-0 chRIGJ container-text text-embed\">\n<p>El desagradable incidente se produjo en un momento en que Albufeira intentaba distanciarse de su imagen de fiesta y descontrol y avanzar hacia un mercado m\u00e1s familiar.<\/p>\n<\/div>\n<div class=\"sc-80531b6b-0 chRIGJ container-text text-embed\">\n<p>\u201cQueremos centrarnos tambi\u00e9n en <strong>diversificar la oferta<\/strong>, para contribuir a reducir la estacionalidad pero tambi\u00e9n para atraer nuevos mercados tur\u00edsticos de otras nacionalidades\u201d, agreg\u00f3 el mandatario municipal.<\/p>\n<\/div>\n<div class=\"sc-80531b6b-0 chRIGJ container-text text-embed\">\n<p>Adem\u00e1s de los bikinis en su ofensiva contra la semidesnudez p\u00fablica, los jefes del consejo de Albufeira tambi\u00e9n est\u00e1n en guerra contra las personas que <strong>caminan por las calles en trikinis.<\/strong><\/p>\n<\/div>\n<div class=\"sc-198be8ec-0 cynXbu image-embed  image-embed \"><picture class=\"sc-198be8ec-1 kOjRiQ\"><source media=\"(min-width: 975px)\" width=\"720\" height=\"480\" \/><img alt=\"Algarve Carvoeiro\" loading=\"lazy\" width=\"720\" height=\"480\" decoding=\"async\" data-nimg=\"1\" style=\"color:transparent\" src=\"https:\/\/13.com.ar\/wp-content\/uploads\/2025\/02\/1739468673_812_Portugal-multara-a-los-turistas-que-caminen-por-la-calle.jpg\"\/><span class=\"epigraphe\">Algarve Carvoeiro<\/span><span class=\"bkg\"\/><span class=\"picture-open\"><button class=\"open-image\" aria-label=\"Open Image\"\/><\/span><\/picture><\/div>\n<div class=\"sc-80531b6b-0 chRIGJ container-text text-embed\">\n<p>\u201cPermanecer o circular en estado de desnudez parcial, entendi\u00e9ndose, para los efectos de este C\u00f3digo, como la persona que expone parcialmente su cuerpo, utilizando cualquier tipo de prenda de vestir o accesorio, a saber, trajes de ba\u00f1o \u2013bikini, trikini, ba\u00f1ador y similares, shorts y ropa interior\u201d, dice la nueva norma.<\/p>\n<\/div>\n<div class=\"sc-80531b6b-0 chRIGJ container-text text-embed\">\n<p>Las playas y las zonas de acceso a las mismas, incluidos los aparcamientos frente al mar, as\u00ed como las piscinas de los hoteles, <strong>han sido declaradas \u201czonas exentas&#8221;. <\/strong><\/p>\n<\/div>\n<\/div>\n<p><br \/>\n<br \/><a href=\"https:\/\/www.clarin.com\/internacional\/portugal-multara-turistas-caminen-calle-bikini-o-traje-de-bano_0_90a6IlVOph.html\">Fuente Clarin.com <\/a><\/p>\n","protected":false},"excerpt":{"rendered":"<p>La regi\u00f3n de el Algarve, en Portugal, que se ha convertido en uno de los destinos m\u00e1s visitados del mundo debido a sus m\u00e1s de 150 kil\u00f3metros de playas mediterr\u00e1neas, se la agarr\u00f3 con las bikinis y trajes de ba\u00f1o. La ciudad de Albufeira, una antigua villa pesquera, que atrae a la mayor cantidad de [&hellip;]<\/p>\n","protected":false},"author":1,"featured_media":4616,"comment_status":"open","ping_status":"open","sticky":false,"template":"","format":"standard","meta":{"footnotes":""},"categories":[2],"tags":[6646,520,6645,28,6644,142,6643,1337],"class_list":["post-4615","post","type-post","status-publish","format-standard","has-post-thumbnail","hentry","category-ultimas-noticias","tag-bikiniotrajedebano","tag-calle","tag-caminen","tag-los","tag-multara","tag-por","tag-portugal","tag-turistas"],"_links":{"self":[{"href":"https:\/\/13.com.ar\/index.php\/wp-json\/wp\/v2\/posts\/4615","targetHints":{"allow":["GET"]}}],"collection":[{"href":"https:\/\/13.com.ar\/index.php\/wp-json\/wp\/v2\/posts"}],"about":[{"href":"https:\/\/13.com.ar\/index.php\/wp-json\/wp\/v2\/types\/post"}],"author":[{"embeddable":true,"href":"https:\/\/13.com.ar\/index.php\/wp-json\/wp\/v2\/users\/1"}],"replies":[{"embeddable":true,"href":"https:\/\/13.com.ar\/index.php\/wp-json\/wp\/v2\/comments?post=4615"}],"version-history":[{"count":0,"href":"https:\/\/13.com.ar\/index.php\/wp-json\/wp\/v2\/posts\/4615\/revisions"}],"wp:featuredmedia":[{"embeddable":true,"href":"https:\/\/13.com.ar\/index.php\/wp-json\/wp\/v2\/media\/4616"}],"wp:attachment":[{"href":"https:\/\/13.com.ar\/index.php\/wp-json\/wp\/v2\/media?parent=4615"}],"wp:term":[{"taxonomy":"category","embeddable":true,"href":"https:\/\/13.com.ar\/index.php\/wp-json\/wp\/v2\/categories?post=4615"},{"taxonomy":"post_tag","embeddable":true,"href":"https:\/\/13.com.ar\/index.php\/wp-json\/wp\/v2\/tags?post=4615"}],"curies":[{"name":"wp","href":"https:\/\/api.w.org\/{rel}","templated":true}]}}