{"id":46149,"date":"2025-07-29T03:19:08","date_gmt":"2025-07-29T06:19:08","guid":{"rendered":"https:\/\/13.com.ar\/index.php\/prohiben-el-acceso-a-las-canchas-a-barras-de-aldosivi-que-se-enfrentaron-a-facazos-en-plena-popular\/"},"modified":"2025-07-29T03:19:08","modified_gmt":"2025-07-29T06:19:08","slug":"prohiben-el-acceso-a-las-canchas-a-barras-de-aldosivi-que-se-enfrentaron-a-facazos-en-plena-popular","status":"publish","type":"post","link":"https:\/\/13.com.ar\/index.php\/prohiben-el-acceso-a-las-canchas-a-barras-de-aldosivi-que-se-enfrentaron-a-facazos-en-plena-popular\/","title":{"rendered":"Proh\u00edben el acceso a las canchas a barras de Aldosivi que se enfrentaron a facazos en plena popular"},"content":{"rendered":"<p> <br \/>\n<br \/><img decoding=\"async\" src=\"https:\/\/13.com.ar\/wp-content\/uploads\/2025\/07\/la-barra-de-Aldosivi-a-los-cuchillazos-en-plena-popular.jpg\" \/><\/p>\n<div id=\"element-body-0\">\n<p>El <strong>Ministerio de Seguridad Nacional<\/strong> le impuso una <strong>\u201crestricci\u00f3n de concurrencia administrativa\u201d por tiempo indeterminado<\/strong> a tres integrantes de distintas facciones de la <strong>barrabrava de Aldosivi<\/strong> que se <strong>enfrentaron a facazos<\/strong> en plena popular del estadio Jos\u00e9 Mar\u00eda Minella de Mar del Plata, en el encuentro ante Newell\u2019s Old Boys del pasado s\u00e1bado por la fecha 3 del torneo Clausura.<\/p>\n<\/div>\n<div id=\"element-body-1\">\n<p>La decisi\u00f3n qued\u00f3 establecida con la publicaci\u00f3n de la <strong>Resoluci\u00f3n 907\/2025<\/strong> en el <strong>Bolet\u00edn Oficial<\/strong> de este martes, con la firma de la responsable de esa cartera, <strong>Patricia Bullrich<\/strong>.<\/p>\n<\/div>\n<div id=\"element-body-2\">\n<p>Seg\u00fan expresa el documento, las actuaciones se iniciaron \u201ca ra\u00edz de los episodios de violencia registrados en ocasi\u00f3n del encuentro futbol\u00edstico disputado entre los equipos del Club Atl\u00e9tico Aldosiv y el Club Atl\u00e9tico Newells Old Boys en el estadio \u2018Jos\u00e9 Mar\u00eda Minella\u2019 de la Ciudad de Mar del Plata, provincia de Buenos Aires, por la Copa de la Liga (sic) de Primera Divisi\u00f3n, organizado por la Asociaci\u00f3n del F\u00fatbol Argentino, el 26 de julio del corriente a\u00f1o\u201d.<\/p>\n<\/div>\n<div id=\"element-body-3\">\n<p>La referencia, puntualmente, fue para el momento en que \u201cun <strong>grupo de simpatizantes radicalizado<\/strong>s pertenecientes a la \u2018facci\u00f3n de Plaza Italia\u2019 del sector de simpatizantes radicalizados de la entidad local, <strong>se enfrent\u00f3 con otra escisi\u00f3n<\/strong> denominada \u2018Nuevo Golf\u2019 generando disturbios e incidentes, mediante el <strong>empleo de armas blancas<\/strong> con el resultado de personas heridas\u201d.<\/p>\n<\/div>\n<div id=\"element-body-4\">\n<p>A ra\u00edz de esos hechos, se cotejaron registros fotogr\u00e1ficos y f\u00edlmicos que circularon en medios period\u00edsticos y redes sociales, y se identificaron a los protagonistas de los incidentes, \u201cuno de los cuales \u2018ser\u00eda el n\u00famero \u2018dos\u2019 en el orden de liderazgo de la facci\u00f3n denominada \u2018Nuevo Golf\u2019\u201d, y quienes, seg\u00fan el texto y los videos, \u201c<strong>se dieron a la fuga<\/strong>\u201d despu\u00e9s de \u201cpropinar heridos a otros individuos\u201d.<\/p>\n<\/div>\n<div id=\"element-body-6\">\n<p>En ese sentido, el Ministerio de Seguridad asegur\u00f3 que la Direcci\u00f3n de Seguridad de Eventos Deportivos \u201cse encuentra recabando informaci\u00f3n necesaria a los efectos de ampliar el n\u00famero de personas identificadas en los hechos descriptos\u201d.<\/p>\n<\/div>\n<div id=\"element-body-7\">\n<p>\u201cAnte estas circunstancias y teniendo en cuenta que el esp\u00edritu de la normativa de aplicaci\u00f3n vigente es preservar el orden y la seguridad en los espect\u00e1culos futbol\u00edsticos, focaliz\u00e1ndose en la prevenci\u00f3n de hechos de violencia durante el desarrollo de un encuentro deportivo, es necesario neutralizar e impedir la presencia en el evento de personas que pudieran alterar, en cualquier forma la reuni\u00f3n deportiva, resulte pertinente registrar en el Programa Tribuna Segura al causante y disponer las medidas previstas\u201d, explica la Resoluci\u00f3n.<\/p>\n<\/div>\n<p><br \/>\n<br \/><a href=\"https:\/\/www.clarin.com\/deportes\/prohiben-acceso-canchas-barras-aldosivi-enfrentaron-facazos-plena-popular_0_GFzIHtILmS.html\">Fuente Clarin.com <\/a><\/p>\n","protected":false},"excerpt":{"rendered":"<p>El Ministerio de Seguridad Nacional le impuso una \u201crestricci\u00f3n de concurrencia administrativa\u201d por tiempo indeterminado a tres integrantes de distintas facciones de la barrabrava de Aldosivi que se enfrentaron a facazos en plena popular del estadio Jos\u00e9 Mar\u00eda Minella de Mar del Plata, en el encuentro ante Newell\u2019s Old Boys del pasado s\u00e1bado por la [&hellip;]<\/p>\n","protected":false},"author":1,"featured_media":45552,"comment_status":"open","ping_status":"open","sticky":false,"template":"","format":"standard","meta":{"footnotes":""},"categories":[2],"tags":[1940,11722,6781,3436,13312,9341,48,3954,968,3883],"class_list":["post-46149","post","type-post","status-publish","format-standard","has-post-thumbnail","hentry","category-ultimas-noticias","tag-acceso","tag-aldosivi","tag-barras","tag-canchas","tag-enfrentaron","tag-facazos","tag-las","tag-plena","tag-popular","tag-prohiben"],"_links":{"self":[{"href":"https:\/\/13.com.ar\/index.php\/wp-json\/wp\/v2\/posts\/46149","targetHints":{"allow":["GET"]}}],"collection":[{"href":"https:\/\/13.com.ar\/index.php\/wp-json\/wp\/v2\/posts"}],"about":[{"href":"https:\/\/13.com.ar\/index.php\/wp-json\/wp\/v2\/types\/post"}],"author":[{"embeddable":true,"href":"https:\/\/13.com.ar\/index.php\/wp-json\/wp\/v2\/users\/1"}],"replies":[{"embeddable":true,"href":"https:\/\/13.com.ar\/index.php\/wp-json\/wp\/v2\/comments?post=46149"}],"version-history":[{"count":0,"href":"https:\/\/13.com.ar\/index.php\/wp-json\/wp\/v2\/posts\/46149\/revisions"}],"wp:featuredmedia":[{"embeddable":true,"href":"https:\/\/13.com.ar\/index.php\/wp-json\/wp\/v2\/media\/45552"}],"wp:attachment":[{"href":"https:\/\/13.com.ar\/index.php\/wp-json\/wp\/v2\/media?parent=46149"}],"wp:term":[{"taxonomy":"category","embeddable":true,"href":"https:\/\/13.com.ar\/index.php\/wp-json\/wp\/v2\/categories?post=46149"},{"taxonomy":"post_tag","embeddable":true,"href":"https:\/\/13.com.ar\/index.php\/wp-json\/wp\/v2\/tags?post=46149"}],"curies":[{"name":"wp","href":"https:\/\/api.w.org\/{rel}","templated":true}]}}