{"id":46140,"date":"2025-07-28T23:09:57","date_gmt":"2025-07-29T02:09:57","guid":{"rendered":"https:\/\/13.com.ar\/index.php\/gerardo-werthein-hablo-sobre-la-posibilidad-de-viajar-al-mundial-de-estados-unidos-sin-visa\/"},"modified":"2025-07-28T23:09:57","modified_gmt":"2025-07-29T02:09:57","slug":"gerardo-werthein-hablo-sobre-la-posibilidad-de-viajar-al-mundial-de-estados-unidos-sin-visa","status":"publish","type":"post","link":"https:\/\/13.com.ar\/index.php\/gerardo-werthein-hablo-sobre-la-posibilidad-de-viajar-al-mundial-de-estados-unidos-sin-visa\/","title":{"rendered":"Gerardo Werthein habl\u00f3 sobre la posibilidad de viajar al Mundial de Estados Unidos sin visa"},"content":{"rendered":"<p> <br \/>\n<br \/><img decoding=\"async\" src=\"https:\/\/13.com.ar\/wp-content\/uploads\/2025\/07\/Gerardo-Werthein-hablo-sobre-la-posibilidad-de-viajar-al-Mundial.jpg\" \/><\/p>\n<div id=\"element-body-0\">\n<p>El canciller <strong>Gerardo Werthein<\/strong> se refiri\u00f3 este lunes al principio de acuerdo firmado entre la Argentina y Estados Unidos para que los ciudadanos argentinos puedan ingresar a ese pa\u00eds sin tramitar una visa. En ese marco, subray\u00f3 que podr\u00eda concretarse en el plazo menor a un a\u00f1o, lo que habilitar\u00eda a que se pueda viajar a ver el Mundial de F\u00fatbol de Estados Unidos sin necesidad de tramitarla. <\/p>\n<\/div>\n<div id=\"element-body-1\">\n<p>El presidente Javier Milei y la jefa de la Seguridad Interior de Donald Trump, Kristi Noem, de visita en el pa\u00eds, firmaron un acuerdo de entendimiento entre ambos gobiernos para que comience el proceso de incorporaci\u00f3n de la Argentina al programa que permitir\u00e1 a sus ciudadanos<strong> entrar sin visa a Estados Unidos<\/strong> y permanecer all\u00ed hasta 90 d\u00edas.<\/p>\n<\/div>\n<div id=\"element-body-2\">\n<p>Seg\u00fan detall\u00f3 el canciller este lunes en declaraciones a <em>LN+,<\/em> &#8220;este proceso habitualmente dura much\u00edsimo tiempo y es muy largo&#8221;. &#8220;Sin embargo -aclar\u00f3- en virtud de la relaci\u00f3n y la posici\u00f3n que tiene Argentina hoy <strong>estamos en condiciones de hacerlo como dijo la secretaria, quiz\u00e1s un a\u00f1o<\/strong>&#8220;. <\/p>\n<\/div>\n<div id=\"element-body-3\">\n<p>&#8220;Entonces esto es un proceso muy corto, cuando miramos un a\u00f1o y <strong>tenemos el Mundial por delante<\/strong>, es muy importante para todos los argentinos&#8221;, sugiri\u00f3. <\/p>\n<\/div>\n<div id=\"element-body-4\">\n<p>El canciller abri\u00f3 as\u00ed la posibilidad de que los argentinos puedan viajar para alentar a la Selecci\u00f3n<strong> sin tramitar una visa<\/strong>, aunque aclar\u00f3 que no hay nada concreto por el momento. <\/p>\n<\/div>\n<div id=\"element-body-5\">\n<p>&#8220;\u00bfUsted cree que para el Mundial (se podr\u00e1 conseguir)?&#8221;, le pregunt\u00f3 el periodista. <strong>&#8220;Ojal\u00e1 as\u00ed sea<\/strong>, porque estar\u00edamos dentro del a\u00f1o&#8221;, respondi\u00f3 el canciller y evit\u00f3 ahondar en el tema. <\/p>\n<\/div>\n<div id=\"element-body-6\">\n<p>Por otra parte, se refiri\u00f3 a la posibilidad de una reuni\u00f3n bilateral entre Javier Milei y Donald Trump. &#8220;La reuni\u00f3n va a ocurrir, estamos buscando la fecha&#8221;, adelant\u00f3, en tanto confirm\u00f3 que ser\u00e1 este a\u00f1o y en Estados Unidos. <\/p>\n<\/div>\n<div id=\"element-body-7\">\n<p><strong>&#8220;Va a ocurrir, mas bien m\u00e1s pronto, que mas lejos&#8221;,<\/strong> desliz\u00f3 sin dar detalles de la negociaci\u00f3n entre los pa\u00edses para que se encuentren los presidentes. <\/p>\n<\/div>\n<p><br \/>\n<br \/><a href=\"https:\/\/www.clarin.com\/politica\/ojala-gerardo-werthein-hablo-posibilidad-viajar-mundial-estados-unidos-visa_0_rddo6Jmqse.html\">Fuente Clarin.com <\/a><\/p>\n","protected":false},"excerpt":{"rendered":"<p>El canciller Gerardo Werthein se refiri\u00f3 este lunes al principio de acuerdo firmado entre la Argentina y Estados Unidos para que los ciudadanos argentinos puedan ingresar a ese pa\u00eds sin tramitar una visa. En ese marco, subray\u00f3 que podr\u00eda concretarse en el plazo menor a un a\u00f1o, lo que habilitar\u00eda a que se pueda viajar [&hellip;]<\/p>\n","protected":false},"author":1,"featured_media":46141,"comment_status":"open","ping_status":"open","sticky":false,"template":"","format":"standard","meta":{"footnotes":""},"categories":[2],"tags":[1737,13872,347,1612,5570,882,732,1738,247,5459,5907],"class_list":["post-46140","post","type-post","status-publish","format-standard","has-post-thumbnail","hentry","category-ultimas-noticias","tag-estados","tag-gerardo","tag-hablo","tag-mundial","tag-posibilidad","tag-sin","tag-sobre","tag-unidos","tag-viajar","tag-visa","tag-werthein"],"_links":{"self":[{"href":"https:\/\/13.com.ar\/index.php\/wp-json\/wp\/v2\/posts\/46140","targetHints":{"allow":["GET"]}}],"collection":[{"href":"https:\/\/13.com.ar\/index.php\/wp-json\/wp\/v2\/posts"}],"about":[{"href":"https:\/\/13.com.ar\/index.php\/wp-json\/wp\/v2\/types\/post"}],"author":[{"embeddable":true,"href":"https:\/\/13.com.ar\/index.php\/wp-json\/wp\/v2\/users\/1"}],"replies":[{"embeddable":true,"href":"https:\/\/13.com.ar\/index.php\/wp-json\/wp\/v2\/comments?post=46140"}],"version-history":[{"count":0,"href":"https:\/\/13.com.ar\/index.php\/wp-json\/wp\/v2\/posts\/46140\/revisions"}],"wp:featuredmedia":[{"embeddable":true,"href":"https:\/\/13.com.ar\/index.php\/wp-json\/wp\/v2\/media\/46141"}],"wp:attachment":[{"href":"https:\/\/13.com.ar\/index.php\/wp-json\/wp\/v2\/media?parent=46140"}],"wp:term":[{"taxonomy":"category","embeddable":true,"href":"https:\/\/13.com.ar\/index.php\/wp-json\/wp\/v2\/categories?post=46140"},{"taxonomy":"post_tag","embeddable":true,"href":"https:\/\/13.com.ar\/index.php\/wp-json\/wp\/v2\/tags?post=46140"}],"curies":[{"name":"wp","href":"https:\/\/api.w.org\/{rel}","templated":true}]}}