{"id":46138,"date":"2025-07-28T22:30:57","date_gmt":"2025-07-29T01:30:57","guid":{"rendered":"https:\/\/13.com.ar\/index.php\/los-mensajes-de-despedida-a-locomotora-oliveras\/"},"modified":"2025-07-28T22:30:57","modified_gmt":"2025-07-29T01:30:57","slug":"los-mensajes-de-despedida-a-locomotora-oliveras","status":"publish","type":"post","link":"https:\/\/13.com.ar\/index.php\/los-mensajes-de-despedida-a-locomotora-oliveras\/","title":{"rendered":"los mensajes de despedida a Locomotora Oliveras"},"content":{"rendered":"<p> <br \/>\n<br \/><img decoding=\"async\" src=\"https:\/\/13.com.ar\/wp-content\/uploads\/2025\/07\/los-mensajes-de-despedida-a-Locomotora-Oliveras.jpg\" \/><\/p>\n<div id=\"element-body-0\">\n<p>Luego de dos semanas internada por un <strong>ACV isqu\u00e9mico<\/strong> en el Hospital Jos\u00e9 Mar\u00eda Cullen de Santa Fe, <strong>Alejandra &#8220;Locomotora&#8221; Oliveras<\/strong>, leyenda del boxeo argentino, falleci\u00f3 a sus 47 a\u00f1os. Una vida dif\u00edcil. La <strong>pobreza<\/strong>, la <strong>desigualdad <\/strong>y la <strong>violencia <\/strong>la obligaron a hacerse fuerte en los momentos m\u00e1s dif\u00edciles y lejos de lamentarse, supo encontrar en esas experiencias la<strong> motivaci\u00f3n <\/strong>para superar cada obst\u00e1culo.<\/p>\n<\/div>\n<div id=\"element-body-1\">\n<p><strong>Desde boxeadores hasta modelos.<\/strong> Al confirmarse la noticia de su partida, las redes sociales se llenaron de mensajes y <em>posteos<\/em> emotivos hacia quien fue la representante m\u00e1s fuerte del boxeo femenino en Argentina. <strong>Marcela &#8220;Tigresa&#8221; Acu\u00f1a<\/strong>, protagonista junto a Alejandra de una rivalidad hist\u00f3rica, record\u00f3 aquellas \u00e9pocas en di\u00e1logo con <em>TN<\/em>.<\/p>\n<\/div>\n<div id=\"element-body-2\">\n<p>\u201c<em>Estoy muy triste. <\/em><strong><em>No me lo esperaba<\/em><\/strong><em>. Hasta ayer pr\u00e1cticamente estaba bien por c\u00f3mo ven\u00eda su evoluci\u00f3n. Segu\u00eda los partes m\u00e9dicos todos los d\u00edas. Es algo terrible. La voy a recordar con toda la energ\u00eda que ella ten\u00eda. \u00bfDe qu\u00e9 otra forma si no? Era una mujer que <\/em><strong><em>iba constantemente al frente<\/em><\/strong><em> y buscaba influenciar a la gente para que pueda vivir de la mejor manera, disfrutar de la vida. Como ella dec\u00eda, hay que vivir el momento porque <\/em><strong><em>nunca sabes cu\u00e1ndo se te apaga la luz<\/em><\/strong><em>. Tanta raz\u00f3n ten\u00eda&#8230; ahora <\/em><strong><em>nos dej\u00f3 un vac\u00edo y la vamos a extra\u00f1ar much\u00edsimo<\/em><\/strong>&#8220;, dijo la <strong>Tigresa<\/strong>.<\/p>\n<\/div>\n<div id=\"element-body-3\">\n<p>\u201c<em>Dentro del boxeo destac\u00e1bamos su fortaleza, su forma de dar sus mensajes. <\/em><strong><em>A algunos les gustaba, a otros no tanto<\/em><\/strong><em>, pero ella era as\u00ed. <\/em><strong><em>Al que le guste, bien; y al que no, tambi\u00e9n<\/em><\/strong><em>. Ella era <\/em><strong><em>aut\u00e9ntica <\/em><\/strong><em>y se mostraba como era y no le importaba a qui\u00e9n le gustaba y a qui\u00e9n no<\/em>\u201d, afirm\u00f3. Adem\u00e1s, la boxeadora tambi\u00e9n dej\u00f3 un conmovedor posteo en redes en memoria de Alejandra.<\/p>\n<\/div>\n<div id=\"element-body-5\">\n<p>La ex campeona mundial Y\u00e9sica Bopp, tambi\u00e9n dio sus condolencias y agradeci\u00f3 a la Locomotora por su incansable lucha dentro y fuera del cuadril\u00e1tero. \u201c<em>Gracias por tanto. Ojal\u00e1 que la mayor\u00eda que te escucharon se hayan quedado con un poco de tu fuerza. <\/em><strong><em>Gracias por la lucha del boxeo femenino<\/em><\/strong>\u201d. Horas antes de su partida, <strong>Y\u00e9sica le hab\u00eda dedicado unas palabras<\/strong> de motivaci\u00f3n en sus redes: &#8220;<em>Dale nena!!!! <\/em><strong><em>Tuviste peleas m\u00e1s bravas<\/em><\/strong><em> dale que de esta se sale!!!<\/em><\/p>\n<\/div>\n<div id=\"element-body-6\">\n<p>La <strong>Ministra de Seguridad Nacional<\/strong>, <strong>Patricia Bullrich<\/strong>, dej\u00f3 un mensaje a trav\u00e9s de &#8220;X&#8221; con una foto de un acto donde se las ve\u00eda juntas: &#8220;<em>Locomotora, te vamos a recordar siempre con esa sonrisa y esa energ\u00eda que te caracterizaban. <\/em><strong><em>Hasta siempre, campeona<\/em><\/strong><em>&#8220;. <\/em><\/p>\n<\/div>\n<div id=\"element-body-7\">\n<p>&#8220;<em>Con dolor despido a Alejandra \u201cLocomotora\u201d Oliveras. <\/em><strong><em>Amiga valiente que nos ense\u00f1\u00f3 a pelearle<\/em><\/strong><em> a la vida con coraje y sonrisa. En la cl\u00ednica nos dej\u00f3 un mensaje de resiliencia inolvidable. <\/em><strong><em>Hasta me regal\u00f3 sus guantes y me dio una clase de boxeo<\/em><\/strong><em>. Gracias por tanto. \ud83e\udd4a\ud83d\udd4a\ufe0f<\/em>&#8220;, public\u00f3 el Doctor <strong>Alberto Cormillot<\/strong> v\u00eda &#8220;X&#8221;.<\/p>\n<\/div>\n<div id=\"element-body-8\">\n<p><strong>Jorge &#8220;Ro\u00f1a&#8221; Castro<\/strong>, boxeador argentino y campe\u00f3n del mundo, record\u00f3 a Alejandra &#8220;Locomotora&#8221; Oliveras en el d\u00eda de su fallecimiento. &#8220;<em>La Locomotora <\/em><strong><em>fue una campeona del mundo pero no fue reconocida<\/em><\/strong><em>. Ella no gan\u00f3 dinero con los t\u00edtulos que tuvo y hace unos a\u00f1os no ten\u00eda una casa donde vivir. Lamento mucho lo que le pas\u00f3 porque ella <\/em><strong><em>era una mina que le pon\u00eda h**** a la vida<\/em><\/strong><em>, le puso ovarios y sali\u00f3 adelante. Siempre la quise porque <\/em><strong><em>era una mina divertida<\/em><\/strong><em>. <\/em><strong><em>Ten\u00eda ese l\u00e9xico de paisano<\/em><\/strong><em>&#8230; A todos les daba aliento por la vida<\/em>&#8220;.<\/p>\n<\/div>\n<div id=\"element-body-10\">\n<p><strong>Maravilla Mart\u00ednez<\/strong>, quien hace unos d\u00edas le hab\u00eda enviado palabras de aliento desde su canal de <em>streaming<\/em>, public\u00f3 un fragmento de su charla con Alejandra en su paso por FM 95.9 junto a un breve mensaje. &#8220;<em>Locomotora querida, tu paso por este mundo no fue en vano.<\/em><strong><em> Inspiraste, peleaste, y dejaste huella <\/em><\/strong><em>en cada rinc\u00f3n donde pisaste con fuerza y coraz\u00f3n. Donde sea que vayas ahora, segu\u00ed motivando, porque <\/em><strong><em>hasta el cielo necesita una campeona como vos<\/em><\/strong>&#8220;.<\/p>\n<\/div>\n<div id=\"element-body-11\">\n<p>El modelo y panelista de <em>Telef\u00e9<\/em>, <strong>Hern\u00e1n Drago<\/strong>, quien manten\u00eda una cercana amistad con Alejandra, <strong>quebr\u00f3 en llanto<\/strong> cuando la conductora de <em>Cort\u00e1 por Lozano<\/em>, <strong>Sol P\u00e9rez<\/strong>, dio a conocer la triste noticia. \u201c<strong><em>No lo puedo creer. No lo puedo creer.<\/em><\/strong><em> Fuimos compa\u00f1eros un par de a\u00f1os. Yo hablaba seguido con ella, tuvimos un par de proyectos. Hemos hecho radio juntos tambi\u00e9n<\/em>\u201d.<\/p>\n<\/div>\n<div id=\"element-body-12\">\n<p>\u201c<em>Pero m\u00e1s all\u00e1 de las cosas televisivas, <\/em><strong><em>hemos compartido charlas en camarines<\/em><\/strong><em> y cosas comunes<\/em>\u201d. Acto seguido, se\u00f1al\u00f3 que pese a que estuvo una semana en terapia intensiva, \u00e9l ten\u00eda fe de que iba a salir adelante. \u201c<em>Esta semana<\/em><strong><em> le estuve mandando mensajes a su WhatsApp dici\u00e9ndole que era cuesti\u00f3n de tiempo<\/em><\/strong><em> que ella respondiera, que sepa que <\/em><strong><em>no estaba sola<\/em><\/strong>\u201d.<\/p>\n<\/div>\n<div id=\"element-body-13\">\n<p>\u201c<em>Ayer le mand\u00e9 un mensaje porque hab\u00eda escuchado a sus hijos hablando en la televisi\u00f3n con tanto amor, con tanto respeto, dando una buena noticia, que ten\u00eda alg\u00fan reflejo, <\/em><strong><em>que hab\u00eda abierto los ojos<\/em><\/strong><em>&#8230; Que eso hablaba de la excelente madre que hab\u00eda atr\u00e1s. La verdad que lo \u00faltimo que supe de ella fue eso, esta ma\u00f1ana tambi\u00e9n, porque vivo buscando las noticias, hab\u00eda escuchado tambi\u00e9n eso, que ten\u00eda una mejor\u00eda. <\/em><strong><em>No lo esperaba ni loco<\/em><\/strong><em>. Me mat\u00f3. Me mat\u00f3 porque fue realmente <\/em><strong><em>injusto<\/em><\/strong><em>, <\/em><strong><em>inmerecido<\/em><\/strong><em>, <\/em><strong><em>inesperado<\/em><\/strong><em>. Le mando un beso grande a la familia<\/em>\u201d, concluy\u00f3.<\/p>\n<\/div>\n<div id=\"element-body-14\">\n<div class=\"sc-c2c2a3c6-1 kQhBlc videoText videoText\">\n<h2>Video<\/h2>\n<p>El modelo Hern\u00e1n Drago se quebr\u00f3 al aire al conocer la muerte de Locomotora Oliveras<\/p>\n<\/div>\n<\/div>\n<div id=\"element-body-15\">\n<p>Exfutbolista y periodista deportivo <strong>Jos\u00e9 Chatruc<\/strong>, tambi\u00e9n se despidi\u00f3 de ella a trav\u00e9s de Instagram. &#8220;<strong><em>Buen viaje Locomotora.<\/em><\/strong><em> Este a\u00f1o te conoc\u00ed un poco m\u00e1s, esa energ\u00eda, esa alegr\u00eda. Ese agradecimiento a la vida y a disfrutar cada detalle. Me quedo con eso, con la ense\u00f1anza que nos dejaste m\u00e1s all\u00e1 de tus recontra importantes \u00e9xitos y r\u00e9cords deportivos. La vida es HOY, no tenemos nada comprado, te mor\u00eds ma\u00f1ana, nos dijiste, que te vas a calentar, y cerraste con tu cl\u00e1sico, <\/em><strong><em>no seas pel*tudo<\/em><\/strong><em>. Beso al cielo <\/em><strong><em>locamotora<\/em><\/strong><em>, pero loca linda y valiosa&#8221;, <\/em>escribi\u00f3.<\/p>\n<\/div>\n<p><br \/>\n<br \/><a href=\"https:\/\/www.clarin.com\/deportes\/partio-gimnasio-celestial-hexacampeona-mundial-mensajes-despedida-locomotora-oliveras_0_dinQULsYvc.html\">Fuente Clarin.com <\/a><\/p>\n","protected":false},"excerpt":{"rendered":"<p>Luego de dos semanas internada por un ACV isqu\u00e9mico en el Hospital Jos\u00e9 Mar\u00eda Cullen de Santa Fe, Alejandra &#8220;Locomotora&#8221; Oliveras, leyenda del boxeo argentino, falleci\u00f3 a sus 47 a\u00f1os. Una vida dif\u00edcil. La pobreza, la desigualdad y la violencia la obligaron a hacerse fuerte en los momentos m\u00e1s dif\u00edciles y lejos de lamentarse, supo [&hellip;]<\/p>\n","protected":false},"author":1,"featured_media":46139,"comment_status":"open","ping_status":"open","sticky":false,"template":"","format":"standard","meta":{"footnotes":""},"categories":[2],"tags":[4665,13765,28,2957,13766],"class_list":["post-46138","post","type-post","status-publish","format-standard","has-post-thumbnail","hentry","category-ultimas-noticias","tag-despedida","tag-locomotora","tag-los","tag-mensajes","tag-oliveras"],"_links":{"self":[{"href":"https:\/\/13.com.ar\/index.php\/wp-json\/wp\/v2\/posts\/46138","targetHints":{"allow":["GET"]}}],"collection":[{"href":"https:\/\/13.com.ar\/index.php\/wp-json\/wp\/v2\/posts"}],"about":[{"href":"https:\/\/13.com.ar\/index.php\/wp-json\/wp\/v2\/types\/post"}],"author":[{"embeddable":true,"href":"https:\/\/13.com.ar\/index.php\/wp-json\/wp\/v2\/users\/1"}],"replies":[{"embeddable":true,"href":"https:\/\/13.com.ar\/index.php\/wp-json\/wp\/v2\/comments?post=46138"}],"version-history":[{"count":0,"href":"https:\/\/13.com.ar\/index.php\/wp-json\/wp\/v2\/posts\/46138\/revisions"}],"wp:featuredmedia":[{"embeddable":true,"href":"https:\/\/13.com.ar\/index.php\/wp-json\/wp\/v2\/media\/46139"}],"wp:attachment":[{"href":"https:\/\/13.com.ar\/index.php\/wp-json\/wp\/v2\/media?parent=46138"}],"wp:term":[{"taxonomy":"category","embeddable":true,"href":"https:\/\/13.com.ar\/index.php\/wp-json\/wp\/v2\/categories?post=46138"},{"taxonomy":"post_tag","embeddable":true,"href":"https:\/\/13.com.ar\/index.php\/wp-json\/wp\/v2\/tags?post=46138"}],"curies":[{"name":"wp","href":"https:\/\/api.w.org\/{rel}","templated":true}]}}