{"id":46136,"date":"2025-07-28T22:15:56","date_gmt":"2025-07-29T01:15:56","guid":{"rendered":"https:\/\/13.com.ar\/index.php\/a-que-signos-afecta-el-sextil-de-la-luna-en-libra-a-urano-en-geminis\/"},"modified":"2025-07-28T22:15:56","modified_gmt":"2025-07-29T01:15:56","slug":"a-que-signos-afecta-el-sextil-de-la-luna-en-libra-a-urano-en-geminis","status":"publish","type":"post","link":"https:\/\/13.com.ar\/index.php\/a-que-signos-afecta-el-sextil-de-la-luna-en-libra-a-urano-en-geminis\/","title":{"rendered":"a qu\u00e9 signos afecta el sextil de la Luna en Libra a Urano en G\u00e9minis"},"content":{"rendered":"<p> <br \/>\n<br \/><img decoding=\"async\" src=\"https:\/\/13.com.ar\/wp-content\/uploads\/2025\/07\/a-que-signos-afecta-el-sextil-de-la-Luna-en.jpg\" \/><\/p>\n<div id=\"element-body-0\">\n<p>Este martes, 29 de julio de 2025, la <strong>Luna<\/strong> comanda las energ\u00edas junto a <strong>Urano<\/strong>. El planeta de la revoluci\u00f3n, la originalidad y la libertad es el \u00fanico de los planetas lentos que ahora mismo no est\u00e1 en fase retr\u00f3grada. Desde su ingreso en el signo de G\u00e9minis, el 7 de este mes, entr\u00f3 en contacto con el esp\u00edritu curioso, elocuente e inquieto de este signo de aire. Fijate c\u00f3mo impactar\u00e1 este movimiento hoy.<\/p>\n<\/div>\n<div id=\"element-body-1\">\n<p>El 29 de julio de 2025, <strong>la Luna en Libra forma un sextil a Urano en G\u00e9minis<\/strong>. La luminaria pasa unas 48 horas en cada signo zodiacal y, al estar en contacto con el planeta, marcar\u00e1 un tendencia de corta duraci\u00f3n. Un <strong>sextil <\/strong>se forma cuando dos planetas, luminarias o puntos (como Lilith y los nodos lunares) se <strong>encuentran a 60 grados de distancia<\/strong>. La astrolog\u00eda lo cataloga como un <strong>aspecto arm\u00f3nico<\/strong>.<\/p>\n<\/div>\n<div id=\"element-body-2\">\n<p>Entonces, <strong>\u00bfqu\u00e9 significa este sextil entre la Luna y Urano del 29 de julio de 2025?<\/strong> La luminaria y el planeta se ubican en dos signos de aire, as\u00ed que las cualidades de adaptabilidad, amplitud mental y facilidad para equilibrar distintos puntos de vista seguramente estar\u00e1n potenciadas. <\/p>\n<\/div>\n<div id=\"element-body-3\">\n<p>A grandes rasgos, el encuentro arm\u00f3nico de la Luna en Libra y Urano en G\u00e9minis es todo un soplo de libertad. En detalle, podr\u00eda indicar una tendencia a buscar el equilibrio entre la <strong>espontaneidad emocional<\/strong> y la <strong>independencia<\/strong>. Quiz\u00e1 haya un llamado para <strong>vivir la vida a nuestra manera<\/strong>, lejos de los mandatos, sobre todo con los v\u00ednculos m\u00e1s cercanos.<\/p>\n<\/div>\n<div id=\"element-body-5\">\n<p>Puede que las personas con <strong>G\u00e9minis <\/strong>y <strong>Libra <\/strong>en su carta natal sientan m\u00e1s este tr\u00e1nsito hoy. De todos modos, hay que aclarar que este movimiento forma <strong>solo una parte dentro del panorama astrol\u00f3gico<\/strong>. Para obtener una visi\u00f3n integral, siempre es recomendable observar d\u00f3nde est\u00e1n los otros planetas y si hacen un contacto especial con la carta natal de la persona.<\/p>\n<\/div>\n<div id=\"element-body-6\">\n<p><strong>Entonces, \u00bfc\u00f3mo est\u00e1n los planetas el 29 de julio de 2025? <\/strong>El Sol est\u00e1 en Leo, al igual que Mercurio en fase retr\u00f3grada. La Luna est\u00e1 en Libra. Marte est\u00e1 en Virgo. Urano y Venus est\u00e1n en G\u00e9minis. J\u00fapiter est\u00e1 en C\u00e1ncer. Saturno retr\u00f3grado, Neptuno retr\u00f3grado y Quir\u00f3n se ubican en Aries, \u00e9ste \u00faltimo transita las \u00faltimas horas en fase directa. Lilith, la \u201cLuna negra\u201d, se encuentra en Escorpio y Plut\u00f3n est\u00e1 retr\u00f3grado en el signo de Acuario.<\/p>\n<\/div>\n<div id=\"element-body-7\">\n<p><em>Adem\u00e1s, \u00a1segu\u00ed leyendo m\u00e1s sobre astrolog\u00eda, el<\/em><strong><em> <\/em><\/strong><em>hor\u00f3scopo de julio 2025 y el mejor d\u00eda para cada signo zodiacal!<\/em><\/p>\n<\/div>\n<p><br \/>\n<br \/><a href=\"https:\/\/www.clarin.com\/astrologia\/horoscopo-hoy-martes-29-julio-signos-afecta-sextil-luna-libra-urano-geminis_0_o7Gs5no9OO.html\">Fuente Clarin.com <\/a><\/p>\n","protected":false},"excerpt":{"rendered":"<p>Este martes, 29 de julio de 2025, la Luna comanda las energ\u00edas junto a Urano. El planeta de la revoluci\u00f3n, la originalidad y la libertad es el \u00fanico de los planetas lentos que ahora mismo no est\u00e1 en fase retr\u00f3grada. Desde su ingreso en el signo de G\u00e9minis, el 7 de este mes, entr\u00f3 en [&hellip;]<\/p>\n","protected":false},"author":1,"featured_media":46137,"comment_status":"open","ping_status":"open","sticky":false,"template":"","format":"standard","meta":{"footnotes":""},"categories":[2],"tags":[3898,6478,7109,2548,286,23221,1158,5891],"class_list":["post-46136","post","type-post","status-publish","format-standard","has-post-thumbnail","hentry","category-ultimas-noticias","tag-afecta","tag-geminis","tag-libra","tag-luna","tag-que","tag-sextil","tag-signos","tag-urano"],"_links":{"self":[{"href":"https:\/\/13.com.ar\/index.php\/wp-json\/wp\/v2\/posts\/46136","targetHints":{"allow":["GET"]}}],"collection":[{"href":"https:\/\/13.com.ar\/index.php\/wp-json\/wp\/v2\/posts"}],"about":[{"href":"https:\/\/13.com.ar\/index.php\/wp-json\/wp\/v2\/types\/post"}],"author":[{"embeddable":true,"href":"https:\/\/13.com.ar\/index.php\/wp-json\/wp\/v2\/users\/1"}],"replies":[{"embeddable":true,"href":"https:\/\/13.com.ar\/index.php\/wp-json\/wp\/v2\/comments?post=46136"}],"version-history":[{"count":0,"href":"https:\/\/13.com.ar\/index.php\/wp-json\/wp\/v2\/posts\/46136\/revisions"}],"wp:featuredmedia":[{"embeddable":true,"href":"https:\/\/13.com.ar\/index.php\/wp-json\/wp\/v2\/media\/46137"}],"wp:attachment":[{"href":"https:\/\/13.com.ar\/index.php\/wp-json\/wp\/v2\/media?parent=46136"}],"wp:term":[{"taxonomy":"category","embeddable":true,"href":"https:\/\/13.com.ar\/index.php\/wp-json\/wp\/v2\/categories?post=46136"},{"taxonomy":"post_tag","embeddable":true,"href":"https:\/\/13.com.ar\/index.php\/wp-json\/wp\/v2\/tags?post=46136"}],"curies":[{"name":"wp","href":"https:\/\/api.w.org\/{rel}","templated":true}]}}