{"id":46132,"date":"2025-07-28T22:00:58","date_gmt":"2025-07-29T01:00:58","guid":{"rendered":"https:\/\/13.com.ar\/index.php\/te-aviso-que-acabas-de-fracasar-lobito-con-dientes-de-goma\/"},"modified":"2025-07-28T22:00:58","modified_gmt":"2025-07-29T01:00:58","slug":"te-aviso-que-acabas-de-fracasar-lobito-con-dientes-de-goma","status":"publish","type":"post","link":"https:\/\/13.com.ar\/index.php\/te-aviso-que-acabas-de-fracasar-lobito-con-dientes-de-goma\/","title":{"rendered":"Te aviso que acab\u00e1s de fracasar. Lobito con dientes de goma"},"content":{"rendered":"<p> <br \/>\n<br \/><img decoding=\"async\" src=\"https:\/\/13.com.ar\/wp-content\/uploads\/2025\/07\/Te-aviso-que-acabas-de-fracasar-Lobito-con-dientes-de.jpg\" \/><\/p>\n<div id=\"element-body-0\">\n<p>El tesorero de la AFA, Pablo Toviggino, volvi\u00f3 a utilizar su cuenta en la red social X para atacar a un integrante del Gobierno Nacional. En este caso, la reacci\u00f3n del dirigente al que Claudio Tapia considera su mano derecha <strong>fue contra el ministro de Desregulaci\u00f3n y Transformaci\u00f3n del Estado, Federico Sturzenegger.<\/strong><\/p>\n<\/div>\n<div id=\"element-body-1\">\n<p>El dirigente cuestion\u00f3 un posteo en el que el funcionario defendi\u00f3 la suba de la al\u00edcuota de los aportes previsionales que deber\u00e1n pagar los clubes. Lo hizo despu\u00e9s fuerte del comunicado de la AFA contra la pol\u00edtica del presidente, Javier Milei. Lo califica de <strong>&#8220;lobito con dientes de goma&#8221;<\/strong>.<\/p>\n<\/div>\n<div id=\"element-body-2\">\n<p>Toviggino asegura que forma parte <strong>&#8220;del peor gobierno de la historia&#8221;<\/strong>. Y lo apunta: &#8220;\u00bfAhora pretendes discutir con AFA? Te informo que acab\u00e1s de fracasar&#8221;.<\/p>\n<\/div>\n<div id=\"element-body-5\">\n<p>El tesorero, que lleg\u00f3 a la AFA a trav\u00e9s de su gesti\u00f3n en Santiago del Estero, ya hab\u00eda atacado al jefe de Gabinete, Guillermo Francos, al calificarlo de &#8220;hombrecito de dientes amarillo&#8221;, cuando se cuestion\u00f3 la vuelta de visitantes. Tambi\u00e9n, a la ministro de Seguridad, Patricia Bullrich, cuando le reclam\u00f3 v\u00eda carta documento que se retracte por las acusaciones contra su compa\u00f1ero.<\/p>\n<\/div>\n<div id=\"element-body-6\">\n<p>Antes de enfrentarse con los funcionarios, Toviggino hab\u00eda utilizado su cuenta de X contra el presidente de Talleres, Andr\u00e9s Fassi; el vice de Banfield, Mauricio Bonafina; el titular de Estudiantes, Juan Sebasti\u00e1n Ver\u00f3n; el presidente de River, Jorge Brito; el ex conductor del Millo, Rodolfo D&#8217;Onofrio; y Ra\u00fal Cascini, del Consejo de F\u00fatbol de Boca.<\/p>\n<\/div>\n<div id=\"element-body-7\">\n<p>Otras v\u00edctimas fueron Carlos Tevez (cuando el Apache era t\u00e9cnico de Independiente), Marcelo Gallardo, Sergio Ag\u00fcero, Lautaro Acosta y el t\u00e9cnico de Estudiantes,  Eduardo Dom\u00ednguez.<\/p>\n<\/div>\n<div id=\"element-body-8\">\n<p>Toviggino fue uno de los impulsores de la anulaci\u00f3n de descensos en plena competencia, como la del 2024, cuando el torneo local arranc\u00f3 con dos p\u00e9rdidas de categor\u00eda y finalmente se quedaron los 28 en Primera. <\/p>\n<\/div>\n<div id=\"element-body-11\">\n<blockquote class=\"twitter-tweet\">\n<p lang=\"es\" dir=\"ltr\">SON EL PEOR GOBIERNO DE LA HISTORIA !!! Destruyen todo !! Rompen la Industria, las Pymes, las Econom\u00edas Regionales, TODO !! FEN\u00d3MENOS BARRIALES !!.<\/p>\n<p>Mienten una y otra vez sobre la macroeconom\u00eda y la realidad es que est\u00e1n hipotecando otra vez al pa\u00eds y condenando a todos los\u2026 https:\/\/t.co\/N8Z9UDaKyC<\/p>\n<p>\u2014 Pablo Toviggino (@TovigginoPablo) <a rel=\"nofollow\" target=\"_blank\" href=\"https:\/\/twitter.com\/TovigginoPablo\/status\/1949974658826006980?ref_src=twsrc%5Etfw\">July 28, 2025<\/a><\/p><\/blockquote>\n<\/div>\n<div id=\"element-body-12\">\n<p>SON EL PEOR GOBIERNO DE LA HISTORIA !!! Destruyen todo !! Rompen la Industria, las Pymes, las Econom\u00edas Regionales, TODO !! FEN\u00d3MENOS BARRIALES !!!<\/p>\n<\/div>\n<div id=\"element-body-13\">\n<p>Mienten una y otra vez sobre la macroeconom\u00eda y la realidad es que est\u00e1n hipotecando otra vez al pa\u00eds y condenando a todos los argentinos de bien al empobrecimiento y la indigencia.<\/p>\n<\/div>\n<div id=\"element-body-14\">\n<p>Vos si que sos CASTA pura!!  A ver, \u00bfde qu\u00e9 viviste los \u00faltimos 25 a\u00f1os? Secretario de Pol\u00edtica Econ\u00f3mica de De La R\u00faa en 2001 luci\u00e9ndote con el &#8220;Megacanje&#8221; y siendo corresponsable de la sangrienta crisis. \u00bfLuego? Presidente del Banco Ciudad, Diputado, Presidente del BCRA y MINISTRO MOTOSIERRA (IGUALITO que en 2001).<\/p>\n<\/div>\n<div id=\"element-body-15\">\n<p>No s\u00f3lo es curioso que viv\u00eds del Estado hace d\u00e9cadas, sino que tambi\u00e9n te camufl\u00e1s como pod\u00e9s y cambi\u00e1s de bandera pol\u00edtica para mantener tu sueldo a fin de mes. Es palo a palo, la competencia en el rubro, de tus pares Ministros.<\/p>\n<\/div>\n<div id=\"element-body-16\">\n<p>\u00bfAhora pretendes discutir con AFA? Te informo que acab\u00e1s de fracasar, te perdiste en el Bosque &#8220;LOBITO&#8221; con DIENTES DE GOMA !!<\/p>\n<\/div>\n<div id=\"element-body-17\">\n<p>El F\u00fatbol Argentino es la Argentina en Si. Es un motor indispensable social y econ\u00f3micamente para el sustento de millones de compatriotas. Despu\u00e9s no lloren que los atacan, LOS \u00daNICOS GENERADORES DE VIOLENCIA SON USTEDES, los Ministros apodados \u201cCarmelitas Descalzas\u201d !! En fin&#8230;<\/p>\n<\/div>\n<p><script async src=\"\/\/platform.twitter.com\/widgets.js\" charset=\"utf-8\"><\/script><br \/>\n<br \/><br \/>\n<br \/><a href=\"https:\/\/www.clarin.com\/deportes\/toviggino-vez-filtro-sturzenegger-suba-alicuota-clubes-aviso-acabas-fracasar-lobito-dientes-goma_0_lNqYOkpdgz.html\">Fuente Clarin.com <\/a><\/p>\n","protected":false},"excerpt":{"rendered":"<p>El tesorero de la AFA, Pablo Toviggino, volvi\u00f3 a utilizar su cuenta en la red social X para atacar a un integrante del Gobierno Nacional. En este caso, la reacci\u00f3n del dirigente al que Claudio Tapia considera su mano derecha fue contra el ministro de Desregulaci\u00f3n y Transformaci\u00f3n del Estado, Federico Sturzenegger. El dirigente cuestion\u00f3 [&hellip;]<\/p>\n","protected":false},"author":1,"featured_media":46133,"comment_status":"open","ping_status":"open","sticky":false,"template":"","format":"standard","meta":{"footnotes":""},"categories":[2],"tags":[24810,5747,18,12001,11562,16966,24811],"class_list":["post-46132","post","type-post","status-publish","format-standard","has-post-thumbnail","hentry","category-ultimas-noticias","tag-acabas","tag-aviso","tag-con","tag-dientes","tag-fracasar","tag-goma","tag-lobito"],"_links":{"self":[{"href":"https:\/\/13.com.ar\/index.php\/wp-json\/wp\/v2\/posts\/46132","targetHints":{"allow":["GET"]}}],"collection":[{"href":"https:\/\/13.com.ar\/index.php\/wp-json\/wp\/v2\/posts"}],"about":[{"href":"https:\/\/13.com.ar\/index.php\/wp-json\/wp\/v2\/types\/post"}],"author":[{"embeddable":true,"href":"https:\/\/13.com.ar\/index.php\/wp-json\/wp\/v2\/users\/1"}],"replies":[{"embeddable":true,"href":"https:\/\/13.com.ar\/index.php\/wp-json\/wp\/v2\/comments?post=46132"}],"version-history":[{"count":0,"href":"https:\/\/13.com.ar\/index.php\/wp-json\/wp\/v2\/posts\/46132\/revisions"}],"wp:featuredmedia":[{"embeddable":true,"href":"https:\/\/13.com.ar\/index.php\/wp-json\/wp\/v2\/media\/46133"}],"wp:attachment":[{"href":"https:\/\/13.com.ar\/index.php\/wp-json\/wp\/v2\/media?parent=46132"}],"wp:term":[{"taxonomy":"category","embeddable":true,"href":"https:\/\/13.com.ar\/index.php\/wp-json\/wp\/v2\/categories?post=46132"},{"taxonomy":"post_tag","embeddable":true,"href":"https:\/\/13.com.ar\/index.php\/wp-json\/wp\/v2\/tags?post=46132"}],"curies":[{"name":"wp","href":"https:\/\/api.w.org\/{rel}","templated":true}]}}