{"id":46131,"date":"2025-07-28T21:58:00","date_gmt":"2025-07-29T00:58:00","guid":{"rendered":"https:\/\/13.com.ar\/index.php\/para-el-embajador-en-washington-refleja-la-calidad-del-vinculo-entre-milei-y-trump\/"},"modified":"2025-07-28T21:58:00","modified_gmt":"2025-07-29T00:58:00","slug":"para-el-embajador-en-washington-refleja-la-calidad-del-vinculo-entre-milei-y-trump","status":"publish","type":"post","link":"https:\/\/13.com.ar\/index.php\/para-el-embajador-en-washington-refleja-la-calidad-del-vinculo-entre-milei-y-trump\/","title":{"rendered":"para el embajador en Washington, refleja la calidad del v\u00ednculo entre Milei y Trump"},"content":{"rendered":"<p> <br \/>\n<br \/><img decoding=\"async\" src=\"https:\/\/13.com.ar\/wp-content\/uploads\/2025\/06\/Alec-Oxenford-presento-sus-cartas-credenciales-como-embajador-argentino-ante.jpg\" \/><\/p>\n<div id=\"element-body-0\">\n<p>El embajador argentino en Washington, <strong>Alejandro \u201cAlec\u201d Oxenford<\/strong>, se mostr\u00f3 \u201cmuy satisfecho\u201d por el acuerdo firmado este lunes entre el gobierno de Donald Trump y el de Javier Milei para posibilitar el ingreso de ciudadanos argentinos a Estados Unidos sin visa y dijo que es \u201c<strong>un proceso t\u00e9cnico real y exigente\u201d en el que se viene trabajando desde \u201chace meses<\/strong>\u201d.<\/p>\n<\/div>\n<div id=\"element-body-1\">\n<p>El acuerdo fue firmado por la secretaria de Seguridad Interior (Homeland Security) Kristi Noem, que est\u00e1 de visita en Buenos Aires. \u201cLo que hemos iniciado no es un anuncio simb\u00f3lico, sino un proceso t\u00e9cnico real y exigente que podr\u00eda culminar en la incorporaci\u00f3n de la Argentina al Visa Waiver Program\u201d, dijo Oxenford.<\/p>\n<\/div>\n<div id=\"element-body-2\">\n<p>\u201cEste paso <strong>refleja la calidad del v\u00ednculo entre nuestros gobiernos<\/strong> y la confianza creciente que existe entre nuestras instituciones\u201d, agreg\u00f3.<\/p>\n<\/div>\n<div id=\"element-body-3\">\n<p>El embajador, que suele tener un perfil muy bajo, remarc\u00f3: \u201cHay que ser claros: esto no significa que ya se haya otorgado el beneficio, pero s\u00ed que <strong>la posibilidad est\u00e1 sobre la mesa<\/strong> y que hemos comenzado el trabajo conjunto necesario con los equipos t\u00e9cnicos de los Estados Unidos.\u201d<\/p>\n<\/div>\n<div id=\"element-body-4\">\n<p>El empresario, que reemplaz\u00f3 al hoy canciller Gerardo Werthein al frente de la embajada en la capital estadounidense, destac\u00f3 que \u201cla posibilidad misma de avanzar hacia la exenci\u00f3n de visado es una expresi\u00f3n concreta del excelente v\u00ednculo entre el Presidente Milei y el Presidente Trump, una relaci\u00f3n basada en la confianza mutua y en una visi\u00f3n compartida sobre muchos de los desaf\u00edos globales.\u201d<\/p>\n<\/div>\n<div id=\"element-body-5\">\n<p>La posibilidad de este acuerdo se viene gestando desde hace tiempo, se\u00f1al\u00f3 el embajador, que destac\u00f3 que se ha trabajado \u201cdurante meses\u201d con Homeland Security y el Departamento de Estado, con reuniones t\u00e9cnicas en la embajada y avanzando con los equipos de la oficina de Estrategia, Pol\u00edtica y Planificaci\u00f3n del DHS. Se trabaj\u00f3 activamente con la Canciller\u00eda, el Ministerio de Seguridad, la Vicejefatura del Interior y el equipo diplom\u00e1tico en la capital estadounidense.<\/p>\n<\/div>\n<div id=\"element-body-6\">\n<p>En Washington interpretan que el acuerdo, m\u00e1s all\u00e1 de que demore un tiempo en concretarse, es una clara se\u00f1al de confianza institucional con la Argentina porque es un momento en donde la mayor\u00eda de los pa\u00edses, sobre todo Estados Unidos, est\u00e1n endureciendo sus pol\u00edticas migratorias. Hablan de \u201c<strong>excepci\u00f3n estrat\u00e9gica\u201d para la Argentina<\/strong> que no s\u00f3lo le ayudar\u00e1 a facilitar viajes sino tambi\u00e9n a reforzar la seguridad fronteriza, incorporar tecnolog\u00edas modernas y alinearse con est\u00e1ndares internacionales.<\/p>\n<\/div>\n<p><br \/>\n<br \/><a href=\"https:\/\/www.clarin.com\/politica\/acuerdo-viajar-visa-embajador-washington-refleja-calidad-vinculo-milei-trump_0_qIKwggr0VU.html\">Fuente Clarin.com <\/a><\/p>\n","protected":false},"excerpt":{"rendered":"<p>El embajador argentino en Washington, Alejandro \u201cAlec\u201d Oxenford, se mostr\u00f3 \u201cmuy satisfecho\u201d por el acuerdo firmado este lunes entre el gobierno de Donald Trump y el de Javier Milei para posibilitar el ingreso de ciudadanos argentinos a Estados Unidos sin visa y dijo que es \u201cun proceso t\u00e9cnico real y exigente\u201d en el que se [&hellip;]<\/p>\n","protected":false},"author":1,"featured_media":33856,"comment_status":"open","ping_status":"open","sticky":false,"template":"","format":"standard","meta":{"footnotes":""},"categories":[2],"tags":[760,100,6028,351,77,16,2260,179,2449,1424],"class_list":["post-46131","post","type-post","status-publish","format-standard","has-post-thumbnail","hentry","category-ultimas-noticias","tag-calidad","tag-del","tag-embajador","tag-entre","tag-milei","tag-para","tag-refleja","tag-trump","tag-vinculo","tag-washington"],"_links":{"self":[{"href":"https:\/\/13.com.ar\/index.php\/wp-json\/wp\/v2\/posts\/46131","targetHints":{"allow":["GET"]}}],"collection":[{"href":"https:\/\/13.com.ar\/index.php\/wp-json\/wp\/v2\/posts"}],"about":[{"href":"https:\/\/13.com.ar\/index.php\/wp-json\/wp\/v2\/types\/post"}],"author":[{"embeddable":true,"href":"https:\/\/13.com.ar\/index.php\/wp-json\/wp\/v2\/users\/1"}],"replies":[{"embeddable":true,"href":"https:\/\/13.com.ar\/index.php\/wp-json\/wp\/v2\/comments?post=46131"}],"version-history":[{"count":0,"href":"https:\/\/13.com.ar\/index.php\/wp-json\/wp\/v2\/posts\/46131\/revisions"}],"wp:featuredmedia":[{"embeddable":true,"href":"https:\/\/13.com.ar\/index.php\/wp-json\/wp\/v2\/media\/33856"}],"wp:attachment":[{"href":"https:\/\/13.com.ar\/index.php\/wp-json\/wp\/v2\/media?parent=46131"}],"wp:term":[{"taxonomy":"category","embeddable":true,"href":"https:\/\/13.com.ar\/index.php\/wp-json\/wp\/v2\/categories?post=46131"},{"taxonomy":"post_tag","embeddable":true,"href":"https:\/\/13.com.ar\/index.php\/wp-json\/wp\/v2\/tags?post=46131"}],"curies":[{"name":"wp","href":"https:\/\/api.w.org\/{rel}","templated":true}]}}