{"id":4613,"date":"2025-02-13T14:41:29","date_gmt":"2025-02-13T17:41:29","guid":{"rendered":"https:\/\/13.com.ar\/index.php\/la-escuela-tecnica-fundacion-fangio-que-financiaba-mercedes-benz-sera-publica\/"},"modified":"2025-02-13T14:41:29","modified_gmt":"2025-02-13T17:41:29","slug":"la-escuela-tecnica-fundacion-fangio-que-financiaba-mercedes-benz-sera-publica","status":"publish","type":"post","link":"https:\/\/13.com.ar\/index.php\/la-escuela-tecnica-fundacion-fangio-que-financiaba-mercedes-benz-sera-publica\/","title":{"rendered":"La Escuela T\u00e9cnica Fundaci\u00f3n Fangio, que financiaba Mercedes Benz, ser\u00e1 p\u00fablica"},"content":{"rendered":"<p> <br \/>\n<br \/><img decoding=\"async\" src=\"https:\/\/13.com.ar\/wp-content\/uploads\/2025\/02\/La-Escuela-Tecnica-Fundacion-Fangio-que-financiaba-Mercedes-Benz-sera.jpg\" \/><\/p>\n<div>\n<p>Se confirm\u00f3 la estatizaci\u00f3n de la<strong> &#8220;Escuela T\u00e9cnica Fangio&#8221;<\/strong> a partir del 1\u00b0de marzo. Desde principios de 2024 circulaba en la instituci\u00f3n entre los docentes y padres la posibilidad de pasar al Estado. La escuela ubicada en <strong>Virrey del Pino<\/strong>, sobre <strong>Ruta Nacional N\u00b03, km 43<\/strong>, pasar\u00e1 a llamarse<strong> \u201cEscuela T\u00e9cnica N\u00b0 15\u201d<\/strong> y, seg\u00fan afirmaron desde el <strong>Ministerio de Educaci\u00f3n de la Provincia de Buenos Aires<\/strong>, se mantendr\u00e1n los cargos docentes y la totalidad del alumnado. A su vez, se planifica una futura ampliaci\u00f3n para recibir m\u00e1s estudiantes.<\/p>\n<\/div>\n<div>\n<p>La \u201c<strong>Escuela T\u00e9cnica Fangio\u201d <\/strong>funciona desde 1962 y es una escuela modelo en la Argentina. Era administrada por la <strong>Fundaci\u00f3n Fangio<\/strong>, la cual depende y se financia por la empresa <strong>Mercedes Benz<\/strong>. La instituci\u00f3n era de gesti\u00f3n privada pero estaba subvencionada al 100% por la fundaci\u00f3n, por lo que los alumnos no pagaban cuotas mensuales ni matr\u00edculas. \u201cLa escuela siempre se caracteriz\u00f3 por eso: ser privada pero que los alumnos no paguen, desde el a\u00f1o \u00b460 que se gestion\u00f3 as\u00ed\u201d, enfatiza <strong>Alberto Francisco Frank<\/strong>, docente de la instituci\u00f3n.<\/p>\n<\/div>\n<div>\n<p>Y agrega: \u201cDespu\u00e9s de la pandemia hubo un cambio de representaci\u00f3n legal por parte de Mercedes Benz, que puso a una persona que ven\u00eda a, supuestamente, acomodar los n\u00fameros porque quer\u00edan que la f\u00e1brica ponga el menor dinero posible\u201d. Desde ese momento, la escuela fue perdiendo servicios hist\u00f3ricos que se ofrec\u00edan como las pasant\u00edas en la f\u00e1brica, los almuerzos en la planta y un sistema de transporte interno. \u201cTodo indicaba un achicamiento de la instituci\u00f3n\u201d, se\u00f1ala.<\/p>\n<\/div>\n<div>\n<p>En octubre del a\u00f1o pasado se empez\u00f3 a rumorear acerca de la mudanza de la planta Mercedes Benz de Virrey del Pino; donde hoy se produce el utilitario <strong>Sprinter <\/strong>y la licencia para importar y comercializar los autos de alta gama de la marca. A principios de este a\u00f1o se confirm\u00f3 la mudanza a la planta de Zarate que se espera empiece a fabricar camiones y chasis de buses en 2026.<\/p>\n<\/div>\n<div>\n<p>La incertidumbre entre el cuerpo docente se increment\u00f3 cuando empez\u00f3 a circular a principios de 2024 el rumor de que las autoridades de la escuela hab\u00edan hecho un pedido formal a la provincia para estatizarla. En diciembre, finalmente, lograron una reuni\u00f3n donde ratificaron el traspaso a manos del estado provincial.<\/p>\n<\/div>\n<div>\n<p>Desde la Provincia de Buenos Aires confirma el funcionamiento de la instituci\u00f3n a partir del 1\u00b0 de marzo: \u201c La escuela va a poder incorporar nuevos cargos que hasta ahora no ten\u00edan, como un equipo de Psicolog\u00eda y otros nuevos de preceptores y propios de la modalidad como pa\u00f1oleros. A su vez, se incorpora a planes de mejora y puede recibir equipamiento, y el plantel docente percibir\u00e1 una bonificaci\u00f3n salarial por ubicaci\u00f3n de la instituci\u00f3n, que representa un 60% del b\u00e1sico y de la antig\u00fcedad\u201d.<\/p>\n<\/div>\n<div>\n<p>El otro cambio importante para la escuela ser\u00e1 el cambio en la modalidad de ingreso. Anteriormente, por la alta demanda se realizaba un curso de ingreso y nivelaci\u00f3n que ya no se podr\u00e1 realizar por normativas del estado provincial. En cambio, se buscar\u00e1 ampliar la matr\u00edcula que actualmente contempla solo un curso por a\u00f1o.<\/p>\n<\/div>\n<div>\n<p> \u201cNosotros esperamos recibir el material did\u00e1ctico y esperamos que las empresas de la zona nos sigan donando los insumos para el taller como se hizo siempre. Tambi\u00e9n esperamos que realmente los docentes contin\u00faen y que vamos a tener nuestros puestos de trabajo asegurados por m\u00ednimo dos a\u00f1os, como ellos nos indicaron\u201d, hace hincapi\u00e9 Alberto.<\/p>\n<\/div>\n<p><br \/>\n<br \/><a href=\"https:\/\/www.clarin.com\/zonales\/escuela-tecnica-fundacion-fangio-financiaba-mercedes-benz-publica_0_2EwjFlEWZD.html\">Fuente Clarin.com <\/a><\/p>\n","protected":false},"excerpt":{"rendered":"<p>Se confirm\u00f3 la estatizaci\u00f3n de la &#8220;Escuela T\u00e9cnica Fangio&#8221; a partir del 1\u00b0de marzo. Desde principios de 2024 circulaba en la instituci\u00f3n entre los docentes y padres la posibilidad de pasar al Estado. La escuela ubicada en Virrey del Pino, sobre Ruta Nacional N\u00b03, km 43, pasar\u00e1 a llamarse \u201cEscuela T\u00e9cnica N\u00b0 15\u201d y, seg\u00fan [&hellip;]<\/p>\n","protected":false},"author":1,"featured_media":4614,"comment_status":"open","ping_status":"open","sticky":false,"template":"","format":"standard","meta":{"footnotes":""},"categories":[2],"tags":[6642,692,3420,6641,6640,6238,757,153,4889],"class_list":["post-4613","post","type-post","status-publish","format-standard","has-post-thumbnail","hentry","category-ultimas-noticias","tag-benz","tag-escuela","tag-fangio","tag-financiaba","tag-fundacion","tag-mercedes","tag-publica","tag-sera","tag-tecnica"],"_links":{"self":[{"href":"https:\/\/13.com.ar\/index.php\/wp-json\/wp\/v2\/posts\/4613","targetHints":{"allow":["GET"]}}],"collection":[{"href":"https:\/\/13.com.ar\/index.php\/wp-json\/wp\/v2\/posts"}],"about":[{"href":"https:\/\/13.com.ar\/index.php\/wp-json\/wp\/v2\/types\/post"}],"author":[{"embeddable":true,"href":"https:\/\/13.com.ar\/index.php\/wp-json\/wp\/v2\/users\/1"}],"replies":[{"embeddable":true,"href":"https:\/\/13.com.ar\/index.php\/wp-json\/wp\/v2\/comments?post=4613"}],"version-history":[{"count":0,"href":"https:\/\/13.com.ar\/index.php\/wp-json\/wp\/v2\/posts\/4613\/revisions"}],"wp:featuredmedia":[{"embeddable":true,"href":"https:\/\/13.com.ar\/index.php\/wp-json\/wp\/v2\/media\/4614"}],"wp:attachment":[{"href":"https:\/\/13.com.ar\/index.php\/wp-json\/wp\/v2\/media?parent=4613"}],"wp:term":[{"taxonomy":"category","embeddable":true,"href":"https:\/\/13.com.ar\/index.php\/wp-json\/wp\/v2\/categories?post=4613"},{"taxonomy":"post_tag","embeddable":true,"href":"https:\/\/13.com.ar\/index.php\/wp-json\/wp\/v2\/tags?post=4613"}],"curies":[{"name":"wp","href":"https:\/\/api.w.org\/{rel}","templated":true}]}}