{"id":46129,"date":"2025-07-28T21:36:56","date_gmt":"2025-07-29T00:36:56","guid":{"rendered":"https:\/\/13.com.ar\/index.php\/para-el-intendente-julio-zamora-el-peronismo-esta-secuestrado-por-tres-personas-maximo-massa-y-kicillof\/"},"modified":"2025-07-28T21:36:56","modified_gmt":"2025-07-29T00:36:56","slug":"para-el-intendente-julio-zamora-el-peronismo-esta-secuestrado-por-tres-personas-maximo-massa-y-kicillof","status":"publish","type":"post","link":"https:\/\/13.com.ar\/index.php\/para-el-intendente-julio-zamora-el-peronismo-esta-secuestrado-por-tres-personas-maximo-massa-y-kicillof\/","title":{"rendered":"Para el intendente Julio Zamora, el peronismo &#8220;est\u00e1 secuestrado por tres personas: M\u00e1ximo, Massa y Kicillof&#8221;"},"content":{"rendered":"<p> <br \/>\n<br \/><img decoding=\"async\" src=\"https:\/\/13.com.ar\/wp-content\/uploads\/2025\/07\/Para-el-intendente-Julio-Zamora-el-peronismo-esta-secuestrado-por.jpg\" \/><\/p>\n<div id=\"element-body-0\">\n<p>El intendente de Tigre y candidato a senador por Somos Buenos Aires en las provinciales del 7 de setiembre, Julio Zamora, dijo este lunes que sigue siendo peronista, pero dej\u00f3 UxP (Fuerza Patria en estos comicios) porque el espacio<strong> \u201cest\u00e1 secuestrado por tres personas: Maximo Kirchner, Sergio Massa y Axel Kicillof\u201d.<\/strong><\/p>\n<\/div>\n<div id=\"element-body-1\">\n<p>\u201cEn 2023 tuvimos una situaci\u00f3n muy an\u00f3mala. Terminamos jugando en Tigre con la boleta de Juan Grabois, no pudimos competir en igualdad de condiciones\u201d, record\u00f3 de esa elecci\u00f3n en que de todas formas termin\u00f3 derrotando en la interna por la candidatura a intendente a <strong>Malena Galmarini,<\/strong> la esposa de Massa.<\/p>\n<\/div>\n<div id=\"element-body-2\">\n<p>En una entrevista en <strong>LN+<\/strong>, Zamora defendi\u00f3 el armado de Somos Buenos Aires -del que es cabeza de lista en la poderosa Primera Secci\u00f3n-, que<strong> busca darle pelea en la Provincia al mileismo y a los K,<\/strong> en un frente de <strong>peronistas no K con radicales, la Coalici\u00f3n C\u00edvica, rebeldes del PRO y vecinalistas, con mucho eje en los intendentes.<\/strong><\/p>\n<\/div>\n<div id=\"element-body-3\">\n<p>Zamora destac\u00f3 en este sentido la \u201cdignidad de intendentes radicales que no quisieron ser furg\u00f3n de cola de un proyecto neoliberal en su versi\u00f3n m\u00e1s extrema, la dignidad de intendentes del PRO que no se dejaron atropellar, como <strong>Pablo (Petrecca<\/strong>, de Jun\u00edn)\u201d, quien es cabeza en la Cuarta Secci\u00f3n Electoral.<\/p>\n<\/div>\n<div id=\"element-body-5\">\n<p>Zamora cuestion\u00f3 tambi\u00e9n al Gobierno de Milei: evalu\u00f3 que hay espacio para una alternativa al Gobierno nacional:<strong> \u201cLa estabilidad econ\u00f3mica es valorada, pero con eso no alcanza\u201d, dijo, y alert\u00f3 que \u201cla paz de la inflaci\u00f3n es la paz de los cementerios\u201d<\/strong>, por el derrumbe de la actividad econ\u00f3mica, del salario y el consumo. \u201cVemos una pel\u00edcula que se repite\u201d, dijo por la d\u00e9cada menemista de los 90, que termin\u00f3 en la debacle del 2001.<\/p>\n<\/div>\n<div id=\"element-body-6\">\n<p>Seg\u00fan dijo, por lo que est\u00e1 pasando en su distrito, &#8220;las pymes se tienen que reconvertir, y echar trabajadores. Hay merma (de la actividad) y reconversi\u00f3n&#8221;, se\u00f1al\u00f3.<\/p>\n<\/div>\n<div id=\"element-body-7\">\n<p>El intendente de Tigre sigui\u00f3 activo con su campa\u00f1a en la Primera Secci\u00f3n. Ayer estuvo en San Isidro con Carlos Castellano, abogado radical y ex presidente del Concejo Deliberante, que es cabeza de lista de concejales en ese distrito por la lista \u201crosa-Messi\u201d de Somos (usan el color del Inter Miami).<\/p>\n<\/div>\n<div id=\"element-body-8\">\n<p> \u201cCompartimos una jornada en San Isidro junto a @ccastellanoSI. Nos reunimos con referentes de jubilados, recorrimos el centro comercial de Boulogne y conversamos con vecinos y comerciantes en el Bar La Curva. Estos espacios nos permiten seguir construyendo propuestas junto a los bonaerenses\u201d, escribi\u00f3 Zamora en su cuenta de X.<\/p>\n<\/div>\n<p><br \/>\n<br \/><a href=\"https:\/\/www.clarin.com\/politica\/partidos\/intendente-julio-zamora-peronismo-secuestrado-personas-maximo-massa-kicillof_0_68iSvOdZYa.html\">Fuente Clarin.com <\/a><\/p>\n","protected":false},"excerpt":{"rendered":"<p>El intendente de Tigre y candidato a senador por Somos Buenos Aires en las provinciales del 7 de setiembre, Julio Zamora, dijo este lunes que sigue siendo peronista, pero dej\u00f3 UxP (Fuerza Patria en estos comicios) porque el espacio \u201cest\u00e1 secuestrado por tres personas: Maximo Kirchner, Sergio Massa y Axel Kicillof\u201d. \u201cEn 2023 tuvimos una [&hellip;]<\/p>\n","protected":false},"author":1,"featured_media":46130,"comment_status":"open","ping_status":"open","sticky":false,"template":"","format":"standard","meta":{"footnotes":""},"categories":[2],"tags":[300,945,2704,488,11128,528,16,1455,2125,142,8709,434,150],"class_list":["post-46129","post","type-post","status-publish","format-standard","has-post-thumbnail","hentry","category-ultimas-noticias","tag-esta","tag-intendente","tag-julio","tag-kicillof","tag-massa","tag-maximo","tag-para","tag-peronismo","tag-personas","tag-por","tag-secuestrado","tag-tres","tag-zamora"],"_links":{"self":[{"href":"https:\/\/13.com.ar\/index.php\/wp-json\/wp\/v2\/posts\/46129","targetHints":{"allow":["GET"]}}],"collection":[{"href":"https:\/\/13.com.ar\/index.php\/wp-json\/wp\/v2\/posts"}],"about":[{"href":"https:\/\/13.com.ar\/index.php\/wp-json\/wp\/v2\/types\/post"}],"author":[{"embeddable":true,"href":"https:\/\/13.com.ar\/index.php\/wp-json\/wp\/v2\/users\/1"}],"replies":[{"embeddable":true,"href":"https:\/\/13.com.ar\/index.php\/wp-json\/wp\/v2\/comments?post=46129"}],"version-history":[{"count":0,"href":"https:\/\/13.com.ar\/index.php\/wp-json\/wp\/v2\/posts\/46129\/revisions"}],"wp:featuredmedia":[{"embeddable":true,"href":"https:\/\/13.com.ar\/index.php\/wp-json\/wp\/v2\/media\/46130"}],"wp:attachment":[{"href":"https:\/\/13.com.ar\/index.php\/wp-json\/wp\/v2\/media?parent=46129"}],"wp:term":[{"taxonomy":"category","embeddable":true,"href":"https:\/\/13.com.ar\/index.php\/wp-json\/wp\/v2\/categories?post=46129"},{"taxonomy":"post_tag","embeddable":true,"href":"https:\/\/13.com.ar\/index.php\/wp-json\/wp\/v2\/tags?post=46129"}],"curies":[{"name":"wp","href":"https:\/\/api.w.org\/{rel}","templated":true}]}}