{"id":46123,"date":"2025-07-28T20:48:56","date_gmt":"2025-07-28T23:48:56","guid":{"rendered":"https:\/\/13.com.ar\/index.php\/el-dia-que-hablo-de-la-muerte-y-por-que-la-plata-no-la-hacia-feliz\/"},"modified":"2025-07-28T20:48:56","modified_gmt":"2025-07-28T23:48:56","slug":"el-dia-que-hablo-de-la-muerte-y-por-que-la-plata-no-la-hacia-feliz","status":"publish","type":"post","link":"https:\/\/13.com.ar\/index.php\/el-dia-que-hablo-de-la-muerte-y-por-que-la-plata-no-la-hacia-feliz\/","title":{"rendered":"el d\u00eda que habl\u00f3 de la muerte y por qu\u00e9 la plata no la hac\u00eda feliz"},"content":{"rendered":"<p> <br \/>\n<br \/><img decoding=\"async\" src=\"https:\/\/13.com.ar\/wp-content\/uploads\/2025\/07\/el-dia-que-hablo-de-la-muerte-y-por-que.jpg\" \/><\/p>\n<div id=\"element-body-0\">\n<p>La muerte de Alejandra \u201cLocomotora\u201d Oliveras, tras pasar 14 d\u00edas internada por un ACV, sorprendi\u00f3 tanto por su juventud, ten\u00eda 47 a\u00f1os, como por la fama que hab\u00eda conseguido en los \u00faltimos a\u00f1os en <strong>su rol de deportista que tambi\u00e9n da mensajes motivacionales<\/strong>. Los transmit\u00eda a trav\u00e9s de sus redes sociales y en cada participaci\u00f3n que hac\u00eda en los medios.<\/p>\n<\/div>\n<div id=\"element-body-1\">\n<p>En 2022, durante una entrevista que le realiz\u00f3 el conductor Alejandro Fantino, la ex boxeadora <strong>hab\u00eda hablado sobre la muerte <\/strong>y por qu\u00e9 no sirve \u201cpa\u2019 mierda\u201d la plata.<\/p>\n<\/div>\n<div id=\"element-body-2\">\n<p>\u201cLa gente piensa que la plata es lo m\u00e1s importante y que equivocados est\u00e1n. La plata no te hace feliz. <strong>Pod\u00e9s tener tanta guita y no te sirve pa\u2019 mierda<\/strong>\u201d, coment\u00f3 Oliveras ante la mirada atenta de Fantino.<\/p>\n<\/div>\n<div id=\"element-body-3\">\n<p>El video se viraliz\u00f3 este lunes tras conocerse que la ex boxeadora muri\u00f3 a los 47 a\u00f1os. Sufri\u00f3 un shock de hipoxemia y, como consecuencia, una embolia pulmonar masiva que desencaden\u00f3 en un paro cardiorrespiratorio, inform\u00f3 el Hospital Cullen donde estuvo 14 d\u00edas internada tras sufrir un ACV.<\/p>\n<\/div>\n<div id=\"element-body-4\">\n<p>En la entrevista brindada a Fantino Oliveras hablaba del dinero y c\u00f3mo no hace a la felicidad. \u201cLa plata no te la ponen en el caj\u00f3n, <strong>no te ponen un billete en el caj\u00f3n<\/strong>, no te ponen ni el mejor reloj, ni el mejor anillo, capaz que ni la mejor ropa, te ponen cualquiera\u201d, sosten\u00eda.<\/p>\n<\/div>\n<div id=\"element-body-5\">\n<p>\u201c<strong>Disfruta el momento, el d\u00eda a d\u00eda, ma\u00f1ana no est\u00e1s. <\/strong>Hoy est\u00e1s. Hoy est\u00e1s, disfruta lo que est\u00e1s haciendo ahora\u201d, pregonaba Oliveras. \u201cEstas respirando, est\u00e1s escuchando la voz de alguien. Podes escuchar, ver, sentir, ten\u00e9s un coraz\u00f3n que late. Y cuando deja de latir, chau&#8221;, a\u00f1ad\u00eda.<\/p>\n<\/div>\n<div id=\"element-body-6\">\n<p>&#8220;Disfruta el d\u00eda, pero sent\u00ed la vida&#8221;, cerraba su mensaje.<\/p>\n<\/div>\n<div id=\"element-body-7\">\n<p><strong>La historia de Oliveras es de resiliencia.<\/strong> Fue madre adolescente (Alejandro, su hijo mayor, naci\u00f3 cuando ella ten\u00eda apenas 15 a\u00f1os) y padeci\u00f3 violencia de g\u00e9nero de quien entonces era su pareja. Esa situaci\u00f3n la impuls\u00f3 a aprender a defenderse con los pu\u00f1os.<\/p>\n<\/div>\n<div id=\"element-body-8\">\n<p>\u201cEn el pueblo no hab\u00eda boxeo. As\u00ed que cuando \u00e9l (su pareja) no estaba, hac\u00eda sentadillas, abdominales en el piso, me entrenaba con mi sombra. <strong>Un d\u00eda vino a pegarme, como lo hac\u00eda siempre. Entonces lo esper\u00e9, cerr\u00e9 el pu\u00f1o y le di con toda la fuerza que ten\u00eda<\/strong>. Cay\u00f3 sorprendid\u00edsimo al suelo. Entonces agarr\u00e9 a mi beb\u00e9, una bolsa de nylon, y me fui. No volv\u00ed nunca m\u00e1s\u201d, cont\u00f3 en una entrevista publicada en el sitio<em> Aires de Santa Fe<\/em> en 2021.<\/p>\n<\/div>\n<p><br \/>\n<br \/><a href=\"https:\/\/www.clarin.com\/deportes\/murio-locomotora-oliveras-dia-hablo-muerte-plata-feliz_0_RK0hcawQTI.html\">Fuente Clarin.com <\/a><\/p>\n","protected":false},"excerpt":{"rendered":"<p>La muerte de Alejandra \u201cLocomotora\u201d Oliveras, tras pasar 14 d\u00edas internada por un ACV, sorprendi\u00f3 tanto por su juventud, ten\u00eda 47 a\u00f1os, como por la fama que hab\u00eda conseguido en los \u00faltimos a\u00f1os en su rol de deportista que tambi\u00e9n da mensajes motivacionales. Los transmit\u00eda a trav\u00e9s de sus redes sociales y en cada participaci\u00f3n [&hellip;]<\/p>\n","protected":false},"author":1,"featured_media":46124,"comment_status":"open","ping_status":"open","sticky":false,"template":"","format":"standard","meta":{"footnotes":""},"categories":[2],"tags":[1154,6178,347,360,1506,255,142,286],"class_list":["post-46123","post","type-post","status-publish","format-standard","has-post-thumbnail","hentry","category-ultimas-noticias","tag-dia","tag-feliz","tag-hablo","tag-hacia","tag-muerte","tag-plata","tag-por","tag-que"],"_links":{"self":[{"href":"https:\/\/13.com.ar\/index.php\/wp-json\/wp\/v2\/posts\/46123","targetHints":{"allow":["GET"]}}],"collection":[{"href":"https:\/\/13.com.ar\/index.php\/wp-json\/wp\/v2\/posts"}],"about":[{"href":"https:\/\/13.com.ar\/index.php\/wp-json\/wp\/v2\/types\/post"}],"author":[{"embeddable":true,"href":"https:\/\/13.com.ar\/index.php\/wp-json\/wp\/v2\/users\/1"}],"replies":[{"embeddable":true,"href":"https:\/\/13.com.ar\/index.php\/wp-json\/wp\/v2\/comments?post=46123"}],"version-history":[{"count":0,"href":"https:\/\/13.com.ar\/index.php\/wp-json\/wp\/v2\/posts\/46123\/revisions"}],"wp:featuredmedia":[{"embeddable":true,"href":"https:\/\/13.com.ar\/index.php\/wp-json\/wp\/v2\/media\/46124"}],"wp:attachment":[{"href":"https:\/\/13.com.ar\/index.php\/wp-json\/wp\/v2\/media?parent=46123"}],"wp:term":[{"taxonomy":"category","embeddable":true,"href":"https:\/\/13.com.ar\/index.php\/wp-json\/wp\/v2\/categories?post=46123"},{"taxonomy":"post_tag","embeddable":true,"href":"https:\/\/13.com.ar\/index.php\/wp-json\/wp\/v2\/tags?post=46123"}],"curies":[{"name":"wp","href":"https:\/\/api.w.org\/{rel}","templated":true}]}}