{"id":46121,"date":"2025-07-28T20:10:03","date_gmt":"2025-07-28T23:10:03","guid":{"rendered":"https:\/\/13.com.ar\/index.php\/se-puso-en-marcha-el-proceso-para-que-los-argentinos-ingresen-sin-visa-a-estados-unidos-pero-demorara-por-lo-menos-un-ano\/"},"modified":"2025-07-28T20:10:03","modified_gmt":"2025-07-28T23:10:03","slug":"se-puso-en-marcha-el-proceso-para-que-los-argentinos-ingresen-sin-visa-a-estados-unidos-pero-demorara-por-lo-menos-un-ano","status":"publish","type":"post","link":"https:\/\/13.com.ar\/index.php\/se-puso-en-marcha-el-proceso-para-que-los-argentinos-ingresen-sin-visa-a-estados-unidos-pero-demorara-por-lo-menos-un-ano\/","title":{"rendered":"Se puso en marcha el proceso para que los argentinos ingresen sin visa a Estados Unidos, pero demorar\u00e1 por lo menos un a\u00f1o"},"content":{"rendered":"<p> <br \/>\n<br \/><img decoding=\"async\" src=\"https:\/\/13.com.ar\/wp-content\/uploads\/2025\/07\/Se-puso-en-marcha-el-proceso-para-que-los-argentinos.jpg\" \/><\/p>\n<div id=\"element-body-0\">\n<p>En un encuentro que mantuvieron este lunes por la ma\u00f1ana en la Casa Rosada, el presidente <strong>Javier Milei <\/strong>y la jefa de la Seguridad Interior de Donald Trump, <strong>Kristi Noem<\/strong>, firmaron un acuerdo de entendimiento entre ambos gobiernos para que, como anticip\u00f3 <strong>Clar\u00edn<\/strong> el domingo, comience el proceso de <strong>incorporaci\u00f3n de la Argentina al programa que permitir\u00e1 a sus ciudadanos entrar sin visa a Estados Unidos <\/strong>y permanecer all\u00ed hasta 90 d\u00edas.<\/p>\n<\/div>\n<div id=\"element-body-1\">\n<p>Posteriormente, en una suerte de d\u00eda de campo que tuvo Noem por invitaci\u00f3n de Bullrich en la regi\u00f3n I de Gendarmer\u00eda, en Campo de Mayo, donde ambas anduvieron a caballo, la secretaria del Homeland Security -tal su cargo oficial- reconoci\u00f3 ante la pregunta de unos pocos periodistas que las acompa\u00f1aron -entre ellos <strong>Clar\u00edn<\/strong>&#8211; que el Programa Visa Waiver -que los argentinos ya gozaron entre 1996 y 2002- comenzar\u00eda a regir<strong> en no menos de un a\u00f1o<\/strong>. &#8220;Hablamos hoy de que nos gustar\u00eda verlos calificar para el programa lo antes posible y que podr\u00edamos ponerlos en un camino acelerado lo m\u00e1s r\u00e1pido que podamos alcanzar esos umbrales&#8221;, indic\u00f3 la funcionaria de la administraci\u00f3n Trump.<\/p>\n<\/div>\n<div id=\"element-body-2\">\n<p><strong>-\u00bfPodr\u00eda ser menos de un a\u00f1o?<\/strong>, preguntaron los periodistas a Noem. &#8220;Eso <strong>ser\u00eda muy dif\u00edcil de hacer.<\/strong> No s\u00e9 si alg\u00fan pa\u00eds lo ha hecho&#8221;, dijo al tiempo que reconoci\u00f3 que se estaba trabajando ya para una bilateral Trump-Milei en cuanto \u201ctengan la oportunidad de hacerlo\u201d.<\/p>\n<\/div>\n<div id=\"element-body-3\">\n<p>La prensa estadounidense, en cambio, cit\u00f3 un reporte de la Secretar\u00eda de Seguridad Nacional estadounidense que informaba que el proceso de incorporaci\u00f3n al Programa Visa Waiver en realidad <strong>podr\u00eda tomar entre dos y tres a\u00f1os<\/strong> para que la exenci\u00f3n de visa a los argentinos comience a regir.<\/p>\n<\/div>\n<div id=\"element-body-4\">\n<p>\u201cBajo el liderazgo del presidente Javier Milei, Argentina se est\u00e1 convirtiendo en <strong>un amigo a\u00fan m\u00e1s fuerte de los Estados Unidos, m\u00e1s comprometido que nunca con la seguridad fronteriza de nuestras dos naciones<\/strong>\u201d, dijo Noem en un comunicado emitido por la presidencia argentina y la embajada estadounidense, que hasta que el empresario <strong>Peter Lamelas<\/strong> no sea confirmado como embajador de Trump est\u00e1 a cargo de la jefa de misi\u00f3n, Heidi G\u00f3mez. Esta funcionaria, reci\u00e9n llegada al pa\u00eds -donde ya trabaj\u00f3- no se separ\u00f3 de Noem durante su visita a la Argentina.<\/p>\n<\/div>\n<div id=\"element-body-5\">\n<p>Si bien, la exigencia de seguridad para que el pasaporte argentino vuelva a entrar sin visa a EE.UU. es una condici\u00f3n primaria, el <strong>gesto pol\u00edtico de un gobernante a otro tambi\u00e9n pesa<\/strong>. Y como lo dese\u00f3 Lamelas en la singular sesi\u00f3n de confirmaci\u00f3n en el Senado estadounidense la semana pasada, <strong>Trump quiere ayudar a Milei a ganar las elecciones de medio t\u00e9rmino.<\/strong> El gesto del ingreso de los argentinos sin visa al territorio norteamericano es sin duda uno de ellos por el peso que tiene en la opini\u00f3n p\u00fablica. <strong>Ahora falta que anuncien el acuerdo arancelario, que a\u00fan sigue convers\u00e1ndose<\/strong>.<\/p>\n<\/div>\n<div id=\"element-body-6\">\n<p>Noem lleg\u00f3 el domingo a Buenos Aires rodeada de un megaoperativo de seguridad y se traslad\u00f3 junto a su comitiva en una decena de veh\u00edculos y otro tanto de motocicletas. Aunque prevee viajar a Chile y Ecuador, su agenda no se suministra en forma p\u00fablica. Y quiso ir a Mendoza a ver m\u00e1s caballos y el mercado de vinos, contaron altas fuentes de la provincia, pero eso no ser\u00e1 posible por razones de seguridad. Bullrich, que la acompa\u00f1\u00f3 en la visita a Campo de Mayo estuvo todo el tiempo enfundada en ropa gaucha y nunca solt\u00f3 el poncho con los colores de la bandera argentina, dando un mensaje de distinci\u00f3n.<\/p>\n<\/div>\n<div id=\"element-body-7\">\n<p>Noem se reuni\u00f3 por la ma\u00f1ana con Milei en la Rosada  en un encuentro donde -adem\u00e1s de Bullrich-, tambi\u00e9n participaron el canciller Gerardo Werthein por la parte Argentina, y el vicejefe de Interior, Lisandro Catal\u00e1n. Ambos se quisieron sumar despu\u00e9s a Campo de Mayo, donde el canciller mostr\u00f3 sus conocimiento sobre razas equinas dado que es veterinario. All\u00ed Noem y Bullrich cabalgaron con el jefe de la Gendarmer\u00eda Brilloni, les ofrecieron una baile folcl\u00f3rico y un asado.<\/p>\n<\/div>\n<div id=\"element-body-8\">\n<p>La ministra de Seguridad cont\u00f3 que con la funcionaria de Trump se firmaron <strong>otros dos textos complementarios del acuerdo de entendimiento para que los argentinos entren si visa<\/strong>, lo que lleva muchas etapas y seg\u00fan dijeron este lunes en Campo de Mayo se puso al hombro para cumplirlo tambi\u00e9n el embajador argentino en los Estados Unidos, Alec Oxenford.<\/p>\n<\/div>\n<div id=\"element-body-9\">\n<p>Uno de eso textos, explic\u00f3 Bullrich junto a su director de Relaciones Internacionales, Alberto Fohrig, es el de <strong>Verificaci\u00f3n Electr\u00f3nica de Documentos<\/strong> por el cual los ciudadanos en lugar de tener que llevar documentos a la embajada de EE.UU. se pueda hacer una verificaci\u00f3n consular electr\u00f3nica.<\/p>\n<\/div>\n<div id=\"element-body-10\">\n<p>El otro, llamado Safe, se vincula con los antecedentes penales de las personas y permite saber quienes lo tienen. Por otra parte sirve para la b\u00fasqueda de pr\u00f3fugos.<\/p>\n<\/div>\n<div id=\"element-body-11\">\n<p>Bullrich inform\u00f3 que en promedio 1,2 millones de argentinos viajan por a\u00f1o a los Estados Unidos. Entre tanto, se sabe que los ciudadanos estadounidenses no requieren visa de entrada a la Argentina, exigencia que se les liber\u00f3 durante el gobierno de Mauricio Macri cuando ya se negociaba el retorno del waiver a la Argentina y que el a\u00f1o pasado le pidi\u00f3 al embajador de Joe Biden, la ex canciller Diana Mondino.<\/p>\n<\/div>\n<p><br \/>\n<br \/><a href=\"https:\/\/www.clarin.com\/politica\/puso-marcha-proceso-argentinos-ingresen-visa-estados-unidos-demorara-ano_0_rnC6BHzfcd.html\">Fuente Clarin.com <\/a><\/p>\n","protected":false},"excerpt":{"rendered":"<p>En un encuentro que mantuvieron este lunes por la ma\u00f1ana en la Casa Rosada, el presidente Javier Milei y la jefa de la Seguridad Interior de Donald Trump, Kristi Noem, firmaron un acuerdo de entendimiento entre ambos gobiernos para que, como anticip\u00f3 Clar\u00edn el domingo, comience el proceso de incorporaci\u00f3n de la Argentina al programa [&hellip;]<\/p>\n","protected":false},"author":1,"featured_media":46122,"comment_status":"open","ping_status":"open","sticky":false,"template":"","format":"standard","meta":{"footnotes":""},"categories":[2],"tags":[530,671,24807,1737,24806,28,1126,263,16,265,142,1652,1625,882,1738,5459],"class_list":["post-46121","post","type-post","status-publish","format-standard","has-post-thumbnail","hentry","category-ultimas-noticias","tag-ano","tag-argentinos","tag-demorara","tag-estados","tag-ingresen","tag-los","tag-marcha","tag-menos","tag-para","tag-pero","tag-por","tag-proceso","tag-puso","tag-sin","tag-unidos","tag-visa"],"_links":{"self":[{"href":"https:\/\/13.com.ar\/index.php\/wp-json\/wp\/v2\/posts\/46121","targetHints":{"allow":["GET"]}}],"collection":[{"href":"https:\/\/13.com.ar\/index.php\/wp-json\/wp\/v2\/posts"}],"about":[{"href":"https:\/\/13.com.ar\/index.php\/wp-json\/wp\/v2\/types\/post"}],"author":[{"embeddable":true,"href":"https:\/\/13.com.ar\/index.php\/wp-json\/wp\/v2\/users\/1"}],"replies":[{"embeddable":true,"href":"https:\/\/13.com.ar\/index.php\/wp-json\/wp\/v2\/comments?post=46121"}],"version-history":[{"count":0,"href":"https:\/\/13.com.ar\/index.php\/wp-json\/wp\/v2\/posts\/46121\/revisions"}],"wp:featuredmedia":[{"embeddable":true,"href":"https:\/\/13.com.ar\/index.php\/wp-json\/wp\/v2\/media\/46122"}],"wp:attachment":[{"href":"https:\/\/13.com.ar\/index.php\/wp-json\/wp\/v2\/media?parent=46121"}],"wp:term":[{"taxonomy":"category","embeddable":true,"href":"https:\/\/13.com.ar\/index.php\/wp-json\/wp\/v2\/categories?post=46121"},{"taxonomy":"post_tag","embeddable":true,"href":"https:\/\/13.com.ar\/index.php\/wp-json\/wp\/v2\/tags?post=46121"}],"curies":[{"name":"wp","href":"https:\/\/api.w.org\/{rel}","templated":true}]}}