{"id":46114,"date":"2025-07-28T19:48:59","date_gmt":"2025-07-28T22:48:59","guid":{"rendered":"https:\/\/13.com.ar\/index.php\/sorpresiva-renuncia-del-presidente-del-senasa-tres-hipotesis-interrelacionadas\/"},"modified":"2025-07-28T19:48:59","modified_gmt":"2025-07-28T22:48:59","slug":"sorpresiva-renuncia-del-presidente-del-senasa-tres-hipotesis-interrelacionadas","status":"publish","type":"post","link":"https:\/\/13.com.ar\/index.php\/sorpresiva-renuncia-del-presidente-del-senasa-tres-hipotesis-interrelacionadas\/","title":{"rendered":"Sorpresiva renuncia del presidente del Senasa: tres hip\u00f3tesis interrelacionadas"},"content":{"rendered":"<p> <br \/>\n<br \/><img decoding=\"async\" src=\"https:\/\/13.com.ar\/wp-content\/uploads\/2025\/07\/Sorpresiva-renuncia-del-presidente-del-Senasa-tres-hipotesis-interrelacionadas.jpg\" \/><\/p>\n<div id=\"element-body-0\">\n<p>El presidente del Servicio Nacional de Sanidad y Calidad Agrolimentaria (Senasa), Pablo Cortese, renunci\u00f3 este lunes a la presidencia del organismo. Si bien p\u00fablicamente adujo \u201cmotivos personales\u201d, allegados al ex funcionario dejaron trascender que se habr\u00eda cansado de la tensi\u00f3n pol\u00edtica que rodeaba su trabajo t\u00e9cnico.<\/p>\n<\/div>\n<div id=\"element-body-1\">\n<p>Cortese llevaba m\u00e1s de tres d\u00e9cadas de labor en el ente oficial que es clave para regular la inocuidad de animales y vegetales destinados al consumo interno y a la exportaci\u00f3n, y asumi\u00f3 en la presidencia a partir del 10 de diciembre de 2023, con la llegada de Javier Milei al gobierno nacional.<\/p>\n<\/div>\n<div id=\"element-body-2\">\n<p>El tel\u00f3n de fondo de su gesti\u00f3n estuvo marcada por la transformaci\u00f3n impulsada por la administraci\u00f3n libertaria, signada por los recortes de personal y la reformulaci\u00f3n de los criterios de regulaci\u00f3n del Estado.<\/p>\n<\/div>\n<div id=\"element-body-3\">\n<p>En ese sentido, una de las pol\u00e9micas m\u00e1s fuertes que sobrellev\u00f3 ha sido la disputa entre laboratorios privados por la vacuna antiaftosa. El principal proveedor de los \u00faltimos a\u00f1os, Biog\u00e9nesis Bag\u00f3, denunci\u00f3 semanas atr\u00e1s la importaci\u00f3n de dosis de Brasil por parte de Tecnovax, otra empresa nacional.<\/p>\n<\/div>\n<div id=\"element-body-4\">\n<p>Y la situaci\u00f3n del SENASA, como la del INTA, fue incluida en el discurso del presidente de la Sociedad Rural Argentina, Nicol\u00e1s Pino, el s\u00e1bado, en el acto central de la exposici\u00f3n de Palermo.<\/p>\n<\/div>\n<div id=\"element-body-5\">\n<p>En ese contexto, Pino pidi\u00f3 una reorganizaci\u00f3n del Senasa, subrayando la necesidad de eliminar \u201cla ineptitud, la burocracia obstructiva y la influencia clientelista de origen pol\u00edtico y gremial&#8221;, como de modernizar las pol\u00edticas sanitarias para mejorar la competitividad de Argentina en los mercados internacionales.<\/p>\n<\/div>\n<div id=\"element-body-6\">\n<p>El dirigente ruralista consider\u00f3 que el Senasa &#8220;debe tener un plan a largo plazo que incluya la definici\u00f3n y diferenciaci\u00f3n de estatus sanitario y un poder de intervenci\u00f3n adecuado&#8221;, ya que &#8220;en un pa\u00eds exportador no podemos no tener un Senasa de mejor nivel internacional&#8221;.<\/p>\n<\/div>\n<div id=\"element-body-7\">\n<p>Al respecto pidi\u00f3 el compromiso de todos, incluidos los productores, por la &#8220;responsabilidad de tener a nuestro ganado trazado con eficiencia para poder responder \u00e1gilmente a cualquier problema que se presente&#8221;.<\/p>\n<\/div>\n<div id=\"element-body-8\">\n<p>Con todo, puso el foco en el &#8220;poder de control de Senasa en las fronteras y en todo el pa\u00eds&#8221; y respecto de la barrera sanitaria que rige entre la Patagonia y el resto de la Argentina, Pino advirti\u00f3 al Gobierno que &#8220;no debe tomar decisiones con respecto a la comercializaci\u00f3n de carne que perjudiquen el estatus sanitario de ninguna regi\u00f3n del pa\u00eds ni que generen complicaciones en la comercializaci\u00f3n interna o exterior de su producci\u00f3n&#8221;.<\/p>\n<\/div>\n<div id=\"element-body-9\">\n<p>Esos debates p\u00fablicos habr\u00edan colmado la paciencia de Cortese, que siempre aspir\u00f3 a una funci\u00f3n t\u00e9cnica, sin que lo desborden los desaf\u00edos pol\u00edticos y comerciales.<\/p>\n<\/div>\n<p><br \/>\n<br \/><a href=\"https:\/\/www.clarin.com\/rural\/sorpresiva-renuncia-presidente-senasa-hipotesis-interrelacionadas_0_sjoBbIbD6I.html\">Fuente Clarin.com <\/a><\/p>\n","protected":false},"excerpt":{"rendered":"<p>El presidente del Servicio Nacional de Sanidad y Calidad Agrolimentaria (Senasa), Pablo Cortese, renunci\u00f3 este lunes a la presidencia del organismo. Si bien p\u00fablicamente adujo \u201cmotivos personales\u201d, allegados al ex funcionario dejaron trascender que se habr\u00eda cansado de la tensi\u00f3n pol\u00edtica que rodeaba su trabajo t\u00e9cnico. Cortese llevaba m\u00e1s de tres d\u00e9cadas de labor en [&hellip;]<\/p>\n","protected":false},"author":1,"featured_media":46115,"comment_status":"open","ping_status":"open","sticky":false,"template":"","format":"standard","meta":{"footnotes":""},"categories":[2],"tags":[100,2194,24805,135,5534,24268,6842,434],"class_list":["post-46114","post","type-post","status-publish","format-standard","has-post-thumbnail","hentry","category-ultimas-noticias","tag-del","tag-hipotesis","tag-interrelacionadas","tag-presidente","tag-renuncia","tag-senasa","tag-sorpresiva","tag-tres"],"_links":{"self":[{"href":"https:\/\/13.com.ar\/index.php\/wp-json\/wp\/v2\/posts\/46114","targetHints":{"allow":["GET"]}}],"collection":[{"href":"https:\/\/13.com.ar\/index.php\/wp-json\/wp\/v2\/posts"}],"about":[{"href":"https:\/\/13.com.ar\/index.php\/wp-json\/wp\/v2\/types\/post"}],"author":[{"embeddable":true,"href":"https:\/\/13.com.ar\/index.php\/wp-json\/wp\/v2\/users\/1"}],"replies":[{"embeddable":true,"href":"https:\/\/13.com.ar\/index.php\/wp-json\/wp\/v2\/comments?post=46114"}],"version-history":[{"count":0,"href":"https:\/\/13.com.ar\/index.php\/wp-json\/wp\/v2\/posts\/46114\/revisions"}],"wp:featuredmedia":[{"embeddable":true,"href":"https:\/\/13.com.ar\/index.php\/wp-json\/wp\/v2\/media\/46115"}],"wp:attachment":[{"href":"https:\/\/13.com.ar\/index.php\/wp-json\/wp\/v2\/media?parent=46114"}],"wp:term":[{"taxonomy":"category","embeddable":true,"href":"https:\/\/13.com.ar\/index.php\/wp-json\/wp\/v2\/categories?post=46114"},{"taxonomy":"post_tag","embeddable":true,"href":"https:\/\/13.com.ar\/index.php\/wp-json\/wp\/v2\/tags?post=46114"}],"curies":[{"name":"wp","href":"https:\/\/api.w.org\/{rel}","templated":true}]}}