{"id":46112,"date":"2025-07-28T19:45:57","date_gmt":"2025-07-28T22:45:57","guid":{"rendered":"https:\/\/13.com.ar\/index.php\/les-interesa-danar-las-instituciones-para-instalar-las-sad\/"},"modified":"2025-07-28T19:45:57","modified_gmt":"2025-07-28T22:45:57","slug":"les-interesa-danar-las-instituciones-para-instalar-las-sad","status":"publish","type":"post","link":"https:\/\/13.com.ar\/index.php\/les-interesa-danar-las-instituciones-para-instalar-las-sad\/","title":{"rendered":"Les interesa da\u00f1ar las instituciones para instalar las SAD"},"content":{"rendered":"<p> <br \/>\n<br \/><img decoding=\"async\" src=\"https:\/\/13.com.ar\/wp-content\/uploads\/2025\/07\/Les-interesa-danar-las-instituciones-para-instalar-las-SAD.jpg\" \/><\/p>\n<div id=\"element-body-0\">\n<p>Esta ma\u00f1ana, el gobierno de Javier Milei volvi\u00f3 a declararle la guerra a la Asociaci\u00f3n del F\u00fatbol Argentino que lidera <strong>Claudio Chiqui Tapia<\/strong> a partir de una disposici\u00f3n publicada en el Bolet\u00edn Oficial que determina <strong>el aumento de la al\u00edcuota del cobro de aporte y contribuciones a los clubes de f\u00fatbol<\/strong>. Horas m\u00e1s tarde, lleg\u00f3 la respuesta de la AFA.<\/p>\n<\/div>\n<div id=\"element-body-1\">\n<p>Seg\u00fan la disposici\u00f3n firmada por el presidente Milei, la al\u00edcuota que seg\u00fan lo establecido en el marco del decreto 510\/23 hasta ahora era <strong>del 8,5%, pasar\u00e1 al 13,06%<\/strong> y se sumar\u00e1 un 5,56% adicional durante los pr\u00f3ximos 12 meses para &#8220;compensar el d\u00e9ficit acumulado y garantizar el financiamiento del sistema previsional&#8221;.<\/p>\n<\/div>\n<div id=\"element-body-2\">\n<p>La disposici\u00f3n entrar\u00e1 en vigencia el 1\u00b0 de agosto y <strong>alcanzar\u00e1 m\u00faltiples actividades vinculadas a la industria del f\u00fatbol<\/strong>, ya sea en los clubes como en la AFA, como la venta de entradas, las transferencias y pr\u00e9stamos, los contratos de sponsoreo, los derechos televisivos, los ingresos por las apuestas, la comercializaci\u00f3n del big data y las comisiones a los agentes y representantes.<\/p>\n<\/div>\n<div id=\"element-body-3\">\n<p>Finalmente, horas despue\u00b4s lleg\u00f3 la respuesta de la AFA: &#8220;La mentira, a la orden del d\u00eda. La \u00fanica verdad es la realidad&#8221; se titula el duro comunicado con el que la AFA le respondi\u00f3 a la medida promovida por Milei y Federico Sturzenegger. &#8220;<strong>Al gobierno lo \u00fanico que le interesa es presionar a los clubes Entidades sin fines de Lucro (Ahogarlos), para que permitan incorporar la SAD<\/strong>&#8220;, dice textual.<\/p>\n<\/div>\n<div id=\"element-body-4\">\n<p>Seg\u00fan la Asociaci\u00f3n del F\u00fatbol Argentino, Gobierno les solicit\u00f3 que presentaran un proyecto donde &#8220;los n\u00fameros cerraran&#8221;. Seg\u00fan el documento que compartieron como respuesta al decreto de Milei, se propuso &#8220;Que el porcentaje se eleve del 8% actual al 8,50 % sobre los conceptos actualmente gravados y manteni\u00e9ndose el 0,50% (incluido en el mismo) para deuda anterior&#8221;.<\/p>\n<\/div>\n<div id=\"element-body-6\">\n<p>&#8220;Con la elevaci\u00f3n del porcentaje al 8,50 % se cubr\u00eda perfectamente la diferencia anual&#8221;, insiste AFA que agrega: &#8220;Informado esto el Estado no hizo acci\u00f3n alguna, dejando que el decreto 939\/24 derogara el decreto 510\/23&#8221;.<\/p>\n<\/div>\n<div id=\"element-body-7\">\n<p>&#8220;Luego de varias reuniones el Comit\u00e9 emiti\u00f3 un informe final con la propuesta de AFA y en representaci\u00f3n de los Clubes, asimismo los representantes gubernamentales que integraron la comisi\u00f3n entre ellos el propio representante del Ministerio de Desregulaci\u00f3n y Transformaci\u00f3n del Estado (L\u00e9ase Federico Sturzenegger), <strong>realizaron una propuesta de modificaci\u00f3n que elevaron al Jefe de gabinete<\/strong> (l\u00e9ase Guillermo Francos) que difiere significativamente a lo expuesto en la Disposici\u00f3n 16\/2025.  (en ella por ej. el porcentaje de deuda pasaba del 0,50% al 1% y no al 5,56% como se concret\u00f3 con la disposici\u00f3n 16\/2025&#8243;, cierra el documento.<\/p>\n<\/div>\n<div id=\"element-body-9\">\n<p>El ministro de Desregulaci\u00f3n, Federico Sturzenegger, se encarg\u00f3 de explicar las razones que llevaron a la actualizaci\u00f3n de la al\u00edcuota a trav\u00e9s de este nuevo decreto. Y lo hizo a trav\u00e9s de un un extenso posteo publicado en la red X que incluy\u00f3 duras cr\u00edticas a la AFA<\/p>\n<\/div>\n<div id=\"element-body-10\">\n<p>&#8220;En 2024, las ventas de jugadores de f\u00fatbol argentinos dejaron ingresos por 324 millones de d\u00f3lares. Sin embargo, a la hora de pagar los aportes y contribuciones a la seguridad social la actividad que genera estos ingresos es subsidiada por los jubilados Con el argumento de la crisis del a\u00f1o 2001, la entidad obtuvo del gobierno de Duhalde un r\u00e9gimen especial para el ingreso de los aportes jubilatorios. Se reemplaz\u00f3 el r\u00e9gimen general (es decir, lo que paga cualquier empresa, quiosco, pyme, asociaci\u00f3n o fundaci\u00f3n) por un cargo sobre venta de entradas, transferencias de jugadores y derechos de televisaci\u00f3n. Para que quede claro: los clubes no pagan sus aportes al sistema jubilatorio y lo reemplazan con un porcentaje de esos conceptos\u201d, comenz\u00f3 Sturzenegger con su argumentaci\u00f3n.<\/p>\n<\/div>\n<div id=\"element-body-11\">\n<blockquote class=\"twitter-tweet\">\n<p lang=\"es\" dir=\"ltr\">MILLONARIOS SUBSIDIADOS POR LOS JUBILADOS. En 2024 las ventas de jugadores de f\u00fatbol argentinos dejaron ingresos por 324 millones de d\u00f3lares (dato de la FIFA publicado en diario La Naci\u00f3n el 31\/1\/25). Sin embargo, a la hora de pagar los aportes y contribuciones a la seguridad\u2026 <a rel=\"nofollow\" target=\"_blank\" href=\"https:\/\/t.co\/n4bdOp8CMe\">pic.twitter.com\/n4bdOp8CMe<\/a><\/p>\n<p>\u2014 Fede Sturzenegger (@fedesturze) <a rel=\"nofollow\" target=\"_blank\" href=\"https:\/\/twitter.com\/fedesturze\/status\/1949695505950298607?ref_src=twsrc%5Etfw\">July 28, 2025<\/a><\/p><\/blockquote>\n<\/div>\n<p><script async src=\"\/\/platform.twitter.com\/widgets.js\" charset=\"utf-8\"><\/script><br \/>\n<br \/><br \/>\n<br \/><a href=\"https:\/\/www.clarin.com\/deportes\/afa-chiqui-tapia-respondio-gobierno-milei-aumento-alicuota-clubes-interesa-danar-instituciones-instalar-sad_0_wjY8WkeEDS.html\">Fuente Clarin.com <\/a><\/p>\n","protected":false},"excerpt":{"rendered":"<p>Esta ma\u00f1ana, el gobierno de Javier Milei volvi\u00f3 a declararle la guerra a la Asociaci\u00f3n del F\u00fatbol Argentino que lidera Claudio Chiqui Tapia a partir de una disposici\u00f3n publicada en el Bolet\u00edn Oficial que determina el aumento de la al\u00edcuota del cobro de aporte y contribuciones a los clubes de f\u00fatbol. Horas m\u00e1s tarde, lleg\u00f3 [&hellip;]<\/p>\n","protected":false},"author":1,"featured_media":46113,"comment_status":"open","ping_status":"open","sticky":false,"template":"","format":"standard","meta":{"footnotes":""},"categories":[2],"tags":[21744,8198,9958,9912,48,2815,16,22219],"class_list":["post-46112","post","type-post","status-publish","format-standard","has-post-thumbnail","hentry","category-ultimas-noticias","tag-danar","tag-instalar","tag-instituciones","tag-interesa","tag-las","tag-les","tag-para","tag-sad"],"_links":{"self":[{"href":"https:\/\/13.com.ar\/index.php\/wp-json\/wp\/v2\/posts\/46112","targetHints":{"allow":["GET"]}}],"collection":[{"href":"https:\/\/13.com.ar\/index.php\/wp-json\/wp\/v2\/posts"}],"about":[{"href":"https:\/\/13.com.ar\/index.php\/wp-json\/wp\/v2\/types\/post"}],"author":[{"embeddable":true,"href":"https:\/\/13.com.ar\/index.php\/wp-json\/wp\/v2\/users\/1"}],"replies":[{"embeddable":true,"href":"https:\/\/13.com.ar\/index.php\/wp-json\/wp\/v2\/comments?post=46112"}],"version-history":[{"count":0,"href":"https:\/\/13.com.ar\/index.php\/wp-json\/wp\/v2\/posts\/46112\/revisions"}],"wp:featuredmedia":[{"embeddable":true,"href":"https:\/\/13.com.ar\/index.php\/wp-json\/wp\/v2\/media\/46113"}],"wp:attachment":[{"href":"https:\/\/13.com.ar\/index.php\/wp-json\/wp\/v2\/media?parent=46112"}],"wp:term":[{"taxonomy":"category","embeddable":true,"href":"https:\/\/13.com.ar\/index.php\/wp-json\/wp\/v2\/categories?post=46112"},{"taxonomy":"post_tag","embeddable":true,"href":"https:\/\/13.com.ar\/index.php\/wp-json\/wp\/v2\/tags?post=46112"}],"curies":[{"name":"wp","href":"https:\/\/api.w.org\/{rel}","templated":true}]}}