{"id":46108,"date":"2025-07-28T19:33:58","date_gmt":"2025-07-28T22:33:58","guid":{"rendered":"https:\/\/13.com.ar\/index.php\/la-vista-no-ocupa-una-necesidad-en-mi-vida\/"},"modified":"2025-07-28T19:33:58","modified_gmt":"2025-07-28T22:33:58","slug":"la-vista-no-ocupa-una-necesidad-en-mi-vida","status":"publish","type":"post","link":"https:\/\/13.com.ar\/index.php\/la-vista-no-ocupa-una-necesidad-en-mi-vida\/","title":{"rendered":"La vista no ocupa una necesidad en mi vida"},"content":{"rendered":"<p> <br \/>\n<\/p>\n<div id=\"cuerpo\">\n<div class=\"sc-45461e9c-0 eqiBeF container-text text-embed \" id=\"element-body-0\">\n<p><strong>Facundo Bogar\u00edn<\/strong> dej\u00f3 de ver a los 14 a\u00f1os. No indag\u00f3 demasiado en la causa. Cuando ten\u00eda siete perdi\u00f3 la vista en un ojo y a los nueve, del otro. La luz se fue desvaneciendo hasta que se convirti\u00f3 en un c\u00famulo de manchas psicod\u00e9licas. A\u00fan as\u00ed, parad\u00f3jicamente, Facundo Bogar\u00edn brilla. Act\u00faa en Divisi\u00f3n Palermo, una de las series m\u00e1s vistas de Netflix, e inspira a incontables hombres y mujeres con su misma condici\u00f3n.<\/p>\n<\/div>\n<div class=\"sc-45461e9c-0 eqiBeF container-text text-embed \" id=\"element-body-1\">\n<p>En su certificado de discapacidad dice que tiene <strong>S\u00edndrome de Stickler<\/strong>. Su mam\u00e1 y su pap\u00e1 tambi\u00e9n son ciegos; su ceguera es producto de una cuesti\u00f3n gen\u00e9tica.<\/p>\n<\/div>\n<div class=\"sc-45461e9c-0 eqiBeF container-text text-embed \" id=\"element-body-2\">\n<p><strong>-\u00bfCu\u00e1l fue la \u00faltima pel\u00edcula que viste antes de quedarte ciego?<\/strong><\/p>\n<\/div>\n<div class=\"sc-45461e9c-0 eqiBeF container-text text-embed \" id=\"element-body-3\">\n<p><em>-Las locuras del emperador<\/em>.<\/p>\n<\/div>\n<div class=\"sc-45461e9c-0 eqiBeF container-text text-embed \" id=\"element-body-4\">\n<p>Facundo apenas se acuerda del dato. Tampoco sabe exactamente cu\u00e1nto tiempo lleva sin poder ver. Tiene 37 a\u00f1os y solo est\u00e1 seguro de que vivi\u00f3 m\u00e1s tiempo a oscuras que a color. Estos titubeos o imprecisiones son s\u00edntomas de que sus mayores necesidades no provienen de su ceguera.<\/p>\n<\/div>\n<div class=\"sc-45461e9c-0 eqiBeF container-text text-embed \" id=\"element-body-5\">\n<p>Sus otros sentidos se encargaron de suplir m\u00e1s o menos su falta. \u201cTe pongo en la calle y de repente te saco la vista. \u00bfVos, Nico, qu\u00e9 haces?\u201d, pregunta Facundo a su entrevistador. Y Nico responde: \u201cNo s\u00e9, \u00bfbusco una pared?\u201d. Entonces remata: \u201cBueno, \u00bfentend\u00e9s? Ya el instinto empieza a suceder\u201d.<\/p>\n<\/div>\n<div class=\"sc-45461e9c-0 eqiBeF container-text text-embed \" id=\"element-body-6\">\n<p>Bogar\u00edn explica que \u201cuno al ver basa mucho su seguridad en lo que ve, y al no hacerlo autom\u00e1ticamente la informaci\u00f3n la empieza a recabar de los otros sentidos de forma instintiva. Es un proceso en el que se tiene aprender a decodificar todo lo que est\u00e1 pasando\u201d<\/p>\n<\/div>\n<div class=\"sc-98b114a2-0 bkqiHH image-embed  image-embed \" id=\"element-body-7\"><picture class=\"sc-98b114a2-1 jRUlDm\"><source media=\"(min-width: 975px)\" width=\"720\" height=\"480\" \/><img fetchpriority=\"high\" alt=\"Facundo Bogar\u00edn y Charo L\u00f3pez en la segunda temporada de Divisi\u00f3n Palermo. Foto: Netflix\" loading=\"eager\" width=\"720\" height=\"480\" decoding=\"async\" data-nimg=\"1\" style=\"color:transparent\" src=\"https:\/\/13.com.ar\/wp-content\/uploads\/2025\/07\/La-vista-no-ocupa-una-necesidad-en-mi-vida.jpg\"\/><span class=\"epigraphe\">Facundo Bogar\u00edn y Charo L\u00f3pez en la segunda temporada de Divisi\u00f3n Palermo. Foto: Netflix<\/span><span class=\"picture-open\"><button class=\"open-image\" aria-label=\"Open Image\"\/><\/span><\/picture><\/div>\n<div class=\"sc-45461e9c-0 eqiBeF container-text text-embed \" id=\"element-body-8\">\n<p><strong>-En una pel\u00edcula llamada El sonido del metal (alerta: spoiler), el protagonista va perdiendo la audici\u00f3n de manera gradual hasta que finalmente acepta su vida como sordo. Cuando se le presenta la posibilidad de usar aud\u00edfonos los prueba en el banco de una plaza, pero no queda convencido. En este sentido, \u00bfte gustar\u00eda volver a ver?<\/strong><\/p>\n<\/div>\n<div class=\"sc-45461e9c-0 eqiBeF container-text text-embed \" id=\"element-body-9\">\n<p><em>-Tampoco voy a romantizarlo, conozco gente que dice que no. Yo volver\u00eda a ver si no tuviese costo. Y no hablo del monetario. \u00bfC\u00f3mo volver\u00eda a ver? \u00bfMeti\u00e9ndome un implante o someti\u00e9ndome a una cirug\u00eda? Bueno, depende del riesgo de la cirug\u00eda, \u00bfentend\u00e9s? No es una prioridad en mi vida. Si alguien me dice: \u2018mir\u00e1 esto, te lo pon\u00e9s y volv\u00e9s a ver\u2019 yo digo \u2018ok, s\u00ed, quiz\u00e1s para poder trasladarme\u2019. Andar\u00eda en moto o en bici porque es m\u00e1s pr\u00e1ctico, m\u00e1s r\u00e1pido; es lo \u00fanico. Creo que mi vida hoy en d\u00eda est\u00e1 bastante adaptada a esta forma y mis prioridades en cuanto a la necesidad no pasan por ah\u00ed<\/em>.<\/p>\n<\/div>\n<div class=\"sc-45461e9c-0 eqiBeF container-text text-embed \" id=\"element-body-10\">\n<p>En Divisi\u00f3n Palermo Facundo Bogar\u00edn hace de <strong>Edgardo<\/strong>, el ciego del escuadr\u00f3n, ambicioso como pocos. \u00bfC\u00f3mo es hacer comedia siendo invidente? \u00bfHasta d\u00f3nde llegan los chistes sobre ciegos? \u00bfC\u00f3mo es ser parte de un rodaje sin ver nada de lo que ocurre alrededor?<\/p>\n<\/div>\n<div class=\"sc-45461e9c-0 eqiBeF container-text text-embed \" id=\"element-body-11\">\n<p>Bogar\u00edn destaca que la peculiaridad de Edgardo es que la b\u00fasqueda del personaje \u201cno tiene nada vinculado con la ceguera\u201d. \u201cLa situaci\u00f3n de que \u00e9l sea ciego solo genera situaciones hilarantes de c\u00f3mo un ciego se encuentra la plata o c\u00f3mo la esconde. Me parece que el que sea ciego es un camino hacia la comicidad de su v\u00ednculo con el dinero. Y est\u00e1 buen\u00edsimo que el foco no se ponga en la ceguera, sino en que la ceguera es un camino para contar la historia\u201d.<\/p>\n<\/div>\n<div class=\"sc-98b114a2-0 bkqiHH image-embed  image-embed \" id=\"element-body-12\"><picture class=\"sc-98b114a2-1 jRUlDm\"><source media=\"(min-width: 975px)\" width=\"720\" height=\"480\" \/><img alt=\"Facundo Bogar\u00edn es Edgardo en Divisi\u00f3n Palermo. Foto: Netflix\" loading=\"eager\" width=\"720\" height=\"480\" decoding=\"async\" data-nimg=\"1\" style=\"color:transparent\" src=\"https:\/\/13.com.ar\/wp-content\/uploads\/2025\/07\/1753742038_133_La-vista-no-ocupa-una-necesidad-en-mi-vida.jpg\"\/><span class=\"epigraphe\">Facundo Bogar\u00edn es Edgardo en Divisi\u00f3n Palermo. Foto: Netflix<\/span><span class=\"picture-open\"><button class=\"open-image\" aria-label=\"Open Image\"\/><\/span><\/picture><\/div>\n<div class=\"sc-45461e9c-0 eqiBeF container-text text-embed \" id=\"element-body-13\">\n<p><strong>-Est\u00e1 bien que existan personajes ciegos cuyo eje no sea su ceguera, pero a su vez tambi\u00e9n est\u00e1 bueno poder visibilizar las vidas cotidianas de los ciegos a trav\u00e9s del cine o la TV. \u00bfNo hay una contradicci\u00f3n ah\u00ed?<\/strong><\/p>\n<\/div>\n<div class=\"sc-45461e9c-0 eqiBeF container-text text-embed \" id=\"element-body-14\">\n<p><em>-S\u00ed y no. Hoy en d\u00eda es mucho m\u00e1s el tiempo de mi vida que no vi que el que vi, y la verdad es que la vista no ocupa para nada una necesidad en mi vida. Yo, Facundo, en mi vida real necesito muchas m\u00e1s cosas antes que volver a ver, me parece. Es algo que llama la atenci\u00f3n, pero desde el personaje no es el motor, no es lo que lo mueve.<\/em><\/p>\n<\/div>\n<div class=\"sc-45461e9c-0 eqiBeF container-text text-embed \" id=\"element-body-15\">\n<p><strong>\u2014\u00bfC\u00f3mo fue haber sido dirigido por Santiago Korovsky?<\/strong><\/p>\n<\/div>\n<div class=\"sc-45461e9c-0 eqiBeF container-text text-embed \" id=\"element-body-16\">\n<p>&#8211;<em>Santi es muy permisivo y a la vez sabe muy bien lo que quiere. Entonces hay cosas que se negocian y hay otras que no. Todo lo chequea, desde la confecci\u00f3n del gui\u00f3n y los chistes hasta el espacio. Yo por ah\u00ed necesitaba otros tiempos, entonces desde ese lado Santi fue muy compa\u00f1ero. Est\u00e1 muy atento tambi\u00e9n a esas particularidades.<\/em><\/p>\n<\/div>\n<div class=\"sc-45461e9c-0 eqiBeF container-text text-embed \" id=\"element-body-17\">\n<p><strong>-\u00bfC\u00f3mo se desarrolla el rodaje de una serie siendo ciego?<\/strong><\/p>\n<\/div>\n<div class=\"sc-45461e9c-0 eqiBeF container-text text-embed \" id=\"element-body-18\">\n<p>&#8211;<em>Cada vez que entr\u00e1bamos al set ten\u00edamos un tiempo de reconocimiento del espacio. Yo en mi casa me muevo perfectamente y no me choco nada, pero en el set yo tuve que entrar dos minutos antes. Entonces para tener la familiaridad que tengo con mi espacio real en escena tuvimos que hacer un recorrido. Conocer el espacio para poder habitarlo.<\/em><\/p>\n<\/div>\n<div class=\"sc-45461e9c-0 eqiBeF container-text text-embed \" id=\"element-body-19\">\n<p><strong>-Dijiste que hay algunas cosas que se negocian y otras que no. \u00bfCu\u00e1l es el l\u00edmite de los chistes?<\/strong><\/p>\n<\/div>\n<div class=\"sc-45461e9c-0 eqiBeF container-text text-embed \" id=\"element-body-20\">\n<p>&#8211;<em>En ning\u00fan chiste que me pasaron de Divisi\u00f3n Palermo dije \u2018che, se les fue la mano\u2019. De hecho hasta por ah\u00ed en muchos casos dec\u00eda \u2018esto es medio tibio, busqu\u00e9moslo m\u00e1s\u2019. Por ah\u00ed yo planteaba algunas cosas. Una situaci\u00f3n no chistosa puede ser que venga un personaje -vamos a agarrar el de Garabal\u2014 cuando el m\u00edo est\u00e1 cruzando la calle y le saque el bast\u00f3n. Y vos dej\u00e1s a un ciego sin el bast\u00f3n en medio de la calle y lo va a pisar un auto. Eso no ser\u00eda un chiste, ponele. Por m\u00e1s que pueda parecer que en los 90 s\u00ed lo hubiese sido.<\/em><\/p>\n<\/div>\n<div class=\"sc-45461e9c-0 eqiBeF container-text text-embed \" id=\"element-body-21\">\n<p><strong>-\u00bfQu\u00e9 te pasa con eso que qued\u00f3, con el resultado final? \u00bfConf\u00edas en las im\u00e1genes?<\/strong><\/p>\n<\/div>\n<div class=\"sc-45461e9c-0 eqiBeF container-text text-embed \" id=\"element-body-22\">\n<p><em>-Conf\u00edo en lo que me dice la gente y un poco tambi\u00e9n de lo que me acuerdo, porque a la vez yo no s\u00e9 en qu\u00e9 momento Santi recorta un plano corto o deja un plano abierto. Igual no soy tanto de ver mi trabajo. Yo, al ser m\u00e1s del teatro, estoy en el momento que sucede.<\/em><\/p>\n<\/div>\n<div class=\"sc-98b114a2-0 bkqiHH image-embed  image-embed \" id=\"element-body-23\"><picture class=\"sc-98b114a2-1 jRUlDm\"><source media=\"(min-width: 975px)\" width=\"720\" height=\"480\" \/><img alt=\"Facundo Bogar\u00edn en un reel para su cuenta de Instagram, @ciegolog\u00eda.\" loading=\"eager\" width=\"720\" height=\"480\" decoding=\"async\" data-nimg=\"1\" style=\"color:transparent\" src=\"https:\/\/13.com.ar\/wp-content\/uploads\/2025\/07\/1753742038_714_La-vista-no-ocupa-una-necesidad-en-mi-vida.jpg\"\/><span class=\"epigraphe\">Facundo Bogar\u00edn en un reel para su cuenta de Instagram, @ciegolog\u00eda.<\/span><span class=\"picture-open\"><button class=\"open-image\" aria-label=\"Open Image\"\/><\/span><\/picture><\/div>\n<div class=\"sc-45461e9c-0 eqiBeF container-text text-embed \" id=\"element-body-24\">\n<p>El trabajo que \u201cocupa el d\u00eda a d\u00eda\u201d de Facundo no es en series ni en pel\u00edculas: <strong>es en teatro ciego<\/strong>, donde oficia de director y a veces reemplaza a sus compa\u00f1eros sobre el escenario. Tambi\u00e9n es m\u00fasico e influencer. Desde su cuenta de Instagram <em>@ciegolog\u00eda<\/em> explica a miles de usuarios todo lo que el mundo siempre quiso saber sobre los ciegos y nunca se anim\u00f3 a preguntar.<\/p>\n<\/div>\n<div class=\"sc-45461e9c-0 eqiBeF container-text text-embed \" id=\"element-body-25\">\n<p>Para un papel futuro, Bogar\u00edn fantasea con interpretar a un capo mafia. <strong>\u00bfY qui\u00e9n dice que no se convertir\u00e1 en el primer villano ciego (de verdad) de la historia?<\/strong><\/p>\n<\/div>\n<\/div>\n<p><br \/>\n<br \/><a href=\"https:\/\/www.clarin.com\/internacional\/quedo-ciego-14-hoy-deslumbra-division-palermo-vista-ocupa-necesidad-vida_0_e999LuwVfM.html\">Fuente Clarin.com <\/a><\/p>\n","protected":false},"excerpt":{"rendered":"<p>Facundo Bogar\u00edn dej\u00f3 de ver a los 14 a\u00f1os. No indag\u00f3 demasiado en la causa. Cuando ten\u00eda siete perdi\u00f3 la vista en un ojo y a los nueve, del otro. La luz se fue desvaneciendo hasta que se convirti\u00f3 en un c\u00famulo de manchas psicod\u00e9licas. A\u00fan as\u00ed, parad\u00f3jicamente, Facundo Bogar\u00edn brilla. Act\u00faa en Divisi\u00f3n Palermo, [&hellip;]<\/p>\n","protected":false},"author":1,"featured_media":46109,"comment_status":"open","ping_status":"open","sticky":false,"template":"","format":"standard","meta":{"footnotes":""},"categories":[2],"tags":[4733,20268,73,113,1736],"class_list":["post-46108","post","type-post","status-publish","format-standard","has-post-thumbnail","hentry","category-ultimas-noticias","tag-necesidad","tag-ocupa","tag-una","tag-vida","tag-vista"],"_links":{"self":[{"href":"https:\/\/13.com.ar\/index.php\/wp-json\/wp\/v2\/posts\/46108","targetHints":{"allow":["GET"]}}],"collection":[{"href":"https:\/\/13.com.ar\/index.php\/wp-json\/wp\/v2\/posts"}],"about":[{"href":"https:\/\/13.com.ar\/index.php\/wp-json\/wp\/v2\/types\/post"}],"author":[{"embeddable":true,"href":"https:\/\/13.com.ar\/index.php\/wp-json\/wp\/v2\/users\/1"}],"replies":[{"embeddable":true,"href":"https:\/\/13.com.ar\/index.php\/wp-json\/wp\/v2\/comments?post=46108"}],"version-history":[{"count":0,"href":"https:\/\/13.com.ar\/index.php\/wp-json\/wp\/v2\/posts\/46108\/revisions"}],"wp:featuredmedia":[{"embeddable":true,"href":"https:\/\/13.com.ar\/index.php\/wp-json\/wp\/v2\/media\/46109"}],"wp:attachment":[{"href":"https:\/\/13.com.ar\/index.php\/wp-json\/wp\/v2\/media?parent=46108"}],"wp:term":[{"taxonomy":"category","embeddable":true,"href":"https:\/\/13.com.ar\/index.php\/wp-json\/wp\/v2\/categories?post=46108"},{"taxonomy":"post_tag","embeddable":true,"href":"https:\/\/13.com.ar\/index.php\/wp-json\/wp\/v2\/tags?post=46108"}],"curies":[{"name":"wp","href":"https:\/\/api.w.org\/{rel}","templated":true}]}}