{"id":46106,"date":"2025-07-28T19:31:00","date_gmt":"2025-07-28T22:31:00","guid":{"rendered":"https:\/\/13.com.ar\/index.php\/ver-para-no-creer\/"},"modified":"2025-07-28T19:31:00","modified_gmt":"2025-07-28T22:31:00","slug":"ver-para-no-creer","status":"publish","type":"post","link":"https:\/\/13.com.ar\/index.php\/ver-para-no-creer\/","title":{"rendered":"Ver para no creer"},"content":{"rendered":"<p> <br \/>\n<br \/><img decoding=\"async\" src=\"https:\/\/13.com.ar\/wp-content\/uploads\/2025\/07\/Ver-para-no-creer.jpg\" \/><\/p>\n<div id=\"cuerpo\">\n<div class=\"sc-45461e9c-0 eqiBeF container-text text-embed \" id=\"element-body-0\">\n<p>Recuerdo la escena. Era en los a\u00f1os\u201980. Trasladaban al presidiario de una c\u00e1rcel a otra. Hab\u00eda golpeado, estrangulado y matado a su mujer, arroj\u00e1ndola desde un balc\u00f3n.  Un gent\u00edo alrededor de los \u201cmovileros\u201d, lo aclamaba con los brazos en alto: \u00a1Campe\u00f3n!  No le gritaban \u201cAsesino\u201d. Le gritaban \u201cCampe\u00f3n\u201d. Se trataba del famoso argentino Carlos Monz\u00f3n, ex campe\u00f3n mundial de box en 1970 y retirado en 1977, tras haber defendido su t\u00edtulo en 14 oportunidades.<\/p>\n<\/div>\n<div class=\"sc-45461e9c-0 eqiBeF container-text text-embed \" id=\"element-body-1\">\n<p>Lo pens\u00e9 en aquel entonces y lo vuelvo a pensar ahora: \u201cNo hay mayor ciego que el no quiere ver\u201d.  La sabidur\u00eda popular no se equivoca. Lo que no se quer\u00eda admitir era que el extraordinario campe\u00f3n de box terminara siendo un golpeador y asesino, el asesino de su pareja, Alicia Mu\u00f1iz ( 1988).<\/p>\n<\/div>\n<div class=\"sc-45461e9c-0 eqiBeF container-text text-embed \" id=\"element-body-2\">\n<p>Hab\u00eda sido juzgado, condenado y encarcelado . Pero alguna gente no quer\u00eda reconocer la evidencia, la lamentable verdad. No pod\u00eda ver en el ex h\u00e9roe al delincuente.<\/p>\n<\/div>\n<div class=\"sc-45461e9c-0 eqiBeF container-text text-embed \" id=\"element-body-3\">\n<p>Y me enfrent\u00e9 entonces con el tema de la negaci\u00f3n, gran tema siempre vigente, por desgracia.  A la negaci\u00f3n &#8211; seg\u00fan lo que le\u00ed- no se la puede considerar como una mera falsedad, sino como una operaci\u00f3n psicol\u00f3gica que le hace al individuo rechazar aspectos de una realidad que le resultan angustiantes o intolerables.<\/p>\n<\/div>\n<div class=\"sc-45461e9c-0 eqiBeF container-text text-embed \" id=\"element-body-4\">\n<p>La negaci\u00f3n permitir\u00eda, de ese modo, eludir el dolor, la angustia, distorsionando los hechos, desvirtu\u00e1ndolos. O viendo  s\u00f3lo un aspecto de la historia: la que satisface, la que  conviene.<\/p>\n<\/div>\n<div class=\"sc-45461e9c-0 eqiBeF container-text text-embed \" id=\"element-body-5\">\n<p>Encontramos estas caracter\u00edsticas de personalidad en la vida diaria, desde los conflictos con uno mismo ( no ver lo que no nos gusta de nosotros, \u201cla sombra\u201d, como la llamaba Jung), hasta los familiares, en las relaciones amorosas, en los v\u00ednculos con amigos, con compa\u00f1eros de trabajo y \u2013con bastante frecuencia- en la interpretaci\u00f3n de muchos hechos de la actualidad . Tanto en lo individual, como en lo colectivo . Hay negadores en lo que hace a la pol\u00edtica, a la econom\u00eda, a la Ciencia, a la Historia.<\/p>\n<\/div>\n<div class=\"sc-45461e9c-0 eqiBeF container-text text-embed \" id=\"element-body-6\">\n<p>Para Lacan, una persona negadora no s\u00f3lo niega algo, sino que lo excluye activamente de su realidad ps\u00edquica. Lo cual puede tener graves consecuencias en sus conexiones con el mundo.<\/p>\n<\/div>\n<div class=\"sc-45461e9c-0 eqiBeF container-text text-embed \" id=\"element-body-7\">\n<p>La frase \u201cViendo no ven y oyendo no entienden\u201d pertenece al Evangelio de  Marcos ( 4:12). Alude a la incomprensi\u00f3n de los mensajes de Cristo.<\/p>\n<\/div>\n<div class=\"sc-45461e9c-0 eqiBeF container-text text-embed \" id=\"element-body-8\">\n<p>En ese caso, la negaci\u00f3n se utilizar\u00eda para explicar c\u00f3mo, cierta gente, a pesar de tener la capacidad de ver y o\u00edr, no consigue entender el significado de las ense\u00f1anzas de Jes\u00fas por medio de sus par\u00e1bolas, no comprende el significado de la moraleja que encierran.<\/p>\n<\/div>\n<div class=\"sc-45461e9c-0 eqiBeF container-text text-embed \" id=\"element-body-9\">\n<p>De esta cita b\u00edblica, surgir\u00e1 luego la expresi\u00f3n idiom\u00e1tica, coloquial,  \u201cEl que quiera o\u00edr, que oiga\u201d, se\u00f1alando que alguien debe de haber dicho algo trascendente, pero que el prestar atenci\u00f3n y  entenderlo depende del que escucha. Esa frase es una invitaci\u00f3n para reflexionar.<\/p>\n<\/div>\n<div class=\"sc-45461e9c-0 eqiBeF container-text text-embed \" id=\"element-body-10\">\n<p>Pregunt\u00e1ndole al psiquiatra , psicoanalista y dramaturgo Hugo Bab Quintela c\u00f3mo definir\u00eda \u00e9l, desde su profesi\u00f3n, a la personalidad negadora, me responde : \u201dSeg\u00fan Freud, la negaci\u00f3n es un mecanismo de defensa. Su objetivo es ocultar la realidad; una realidad que, por supuesto, le resulte traum\u00e1tica y\/o peligrosa. Es una manera de reducir situaciones estresantes\u201d.<\/p>\n<\/div>\n<div class=\"sc-45461e9c-0 eqiBeF container-text text-embed \" id=\"element-body-11\">\n<p>Seg\u00fan \u00e9l, la negaci\u00f3n tambi\u00e9n puede rechazar la realidad o reconocerla, pero minimizando sus consecuencias. El Dr. Bab Quintela considera que el no poder enfrentar esos conflictos hablar\u00eda de cierta fragilidad que ha de estar en la base de las diferentes neurosis o psicosis.<\/p>\n<\/div>\n<div class=\"sc-45461e9c-0 eqiBeF container-text text-embed \" id=\"element-body-12\">\n<p>\u201cGeneralmente, tambi\u00e9n \u2013 agrega- la negaci\u00f3n viene acompa\u00f1ada de la certeza. O sea, que se vuelve imposible cambiarle la opini\u00f3n, aunque a esa persona se le muestre la evidencia de lo contrario. Son personas que, adem\u00e1s, frente al disenso de sus razonamientos se vuelven desconfiadas e irritables. Son personalidades r\u00edgidas, con dif\u00edcil posibilidad de cambio\u201d.<\/p>\n<\/div>\n<div class=\"sc-45461e9c-0 eqiBeF container-text text-embed \" id=\"element-body-13\">\n<p>Muchas veces, la negaci\u00f3n puede ser una estrategia para manipular la opini\u00f3n p\u00fablica.<\/p>\n<\/div>\n<div class=\"sc-45461e9c-0 eqiBeF container-text text-embed \" id=\"element-body-14\">\n<p>Esto me trae a la memoria una siniestra manipulaci\u00f3n en la Historia rumana, durante la dictadura comunista de Ceausescu. En una \u00e9poca de su gobierno, a los disidentes, se los ve\u00eda como \u201cinsanos mentalmente\u201d y se los internaba en hospitales neuro-psiqui\u00e1tricos. Era lo que el gobierno quer\u00eda ver y lo  impon\u00eda a la sociedad como una verdad incuestionable. No eran opositores pol\u00edticos, estaban locos.<\/p>\n<\/div>\n<div class=\"sc-45461e9c-0 eqiBeF container-text text-embed \" id=\"element-body-15\">\n<p>Tambi\u00e9n, y cambiando de fechas y de geograf\u00eda,  se me presentan situaciones locales donde, me aparecen claramente negaciones de la evidencia. Negaciones frente a  hechos que han sido filmados, escritos, grabados. El desfile de valijas misteriosas, de bolsos con dinero, de monjas c\u00f3mplices en la noche de un convento, de una minuciosa cr\u00f3nica manuscrita, apuntada en 8 cuadernos y ya digitalizada,  movimientos de plata mal habida y negociados,  de hombres contando monta\u00f1as de d\u00f3lares en una cueva de lavado de dinero , de discursos contradictorios, -asimismo grabados y filmados-, denostando a pol\u00edticos, con nombres y apellidos,  para luego alabar y endiosar a esas mismas personas, dando, descaradamente, la cara.<\/p>\n<\/div>\n<div class=\"sc-45461e9c-0 eqiBeF container-text text-embed \" id=\"element-body-16\">\n<p>Estas estrategias  de algunos sectores de la sociedad apuntan a obstaculizar la soluci\u00f3n de problemas, creando confusi\u00f3n  y dificultades.<\/p>\n<\/div>\n<div class=\"sc-45461e9c-0 eqiBeF container-text text-embed \" id=\"element-body-17\">\n<p>Esos mecanismos son  fruto de fanatismos, que son irracionales , pero tambi\u00e9n de una t\u00e1ctica premeditada que pertenece al oportunismo y a intereses bien delineados. Sobre todo,  en lo que hace a las oscuras tramas de la corrupci\u00f3n.<\/p>\n<\/div>\n<div class=\"sc-45461e9c-0 eqiBeF container-text text-embed \" id=\"element-body-18\">\n<p>Por eso, para muchos, el refr\u00e1n \u201cVer para Creer\u201d, no existe. M\u00e1s bien, existen \u201cVer lo que se quiere ver. O\u00edr lo que se quiere o\u00edr\u201d. E inventar realidades paralelas, deformando los hechos y hablando de conspiraciones, persecuciones y lawfare para disfrazar aquello que , por conveniencia, se desea minimizar. <\/p>\n<\/div>\n<\/div>\n<p><br \/>\n<br \/><a href=\"https:\/\/www.clarin.com\/opinion\/ver-creer_0_7lyc8ztxBc.html\">Fuente Clarin.com <\/a><\/p>\n","protected":false},"excerpt":{"rendered":"<p>Recuerdo la escena. Era en los a\u00f1os\u201980. Trasladaban al presidiario de una c\u00e1rcel a otra. Hab\u00eda golpeado, estrangulado y matado a su mujer, arroj\u00e1ndola desde un balc\u00f3n. Un gent\u00edo alrededor de los \u201cmovileros\u201d, lo aclamaba con los brazos en alto: \u00a1Campe\u00f3n! No le gritaban \u201cAsesino\u201d. Le gritaban \u201cCampe\u00f3n\u201d. Se trataba del famoso argentino Carlos Monz\u00f3n, [&hellip;]<\/p>\n","protected":false},"author":1,"featured_media":46107,"comment_status":"open","ping_status":"open","sticky":false,"template":"","format":"standard","meta":{"footnotes":""},"categories":[2],"tags":[3076,16,827],"class_list":["post-46106","post","type-post","status-publish","format-standard","has-post-thumbnail","hentry","category-ultimas-noticias","tag-creer","tag-para","tag-ver"],"_links":{"self":[{"href":"https:\/\/13.com.ar\/index.php\/wp-json\/wp\/v2\/posts\/46106","targetHints":{"allow":["GET"]}}],"collection":[{"href":"https:\/\/13.com.ar\/index.php\/wp-json\/wp\/v2\/posts"}],"about":[{"href":"https:\/\/13.com.ar\/index.php\/wp-json\/wp\/v2\/types\/post"}],"author":[{"embeddable":true,"href":"https:\/\/13.com.ar\/index.php\/wp-json\/wp\/v2\/users\/1"}],"replies":[{"embeddable":true,"href":"https:\/\/13.com.ar\/index.php\/wp-json\/wp\/v2\/comments?post=46106"}],"version-history":[{"count":0,"href":"https:\/\/13.com.ar\/index.php\/wp-json\/wp\/v2\/posts\/46106\/revisions"}],"wp:featuredmedia":[{"embeddable":true,"href":"https:\/\/13.com.ar\/index.php\/wp-json\/wp\/v2\/media\/46107"}],"wp:attachment":[{"href":"https:\/\/13.com.ar\/index.php\/wp-json\/wp\/v2\/media?parent=46106"}],"wp:term":[{"taxonomy":"category","embeddable":true,"href":"https:\/\/13.com.ar\/index.php\/wp-json\/wp\/v2\/categories?post=46106"},{"taxonomy":"post_tag","embeddable":true,"href":"https:\/\/13.com.ar\/index.php\/wp-json\/wp\/v2\/tags?post=46106"}],"curies":[{"name":"wp","href":"https:\/\/api.w.org\/{rel}","templated":true}]}}