{"id":46099,"date":"2025-07-28T19:19:00","date_gmt":"2025-07-28T22:19:00","guid":{"rendered":"https:\/\/13.com.ar\/index.php\/por-que-hacer-cana-con-ruda-para-que-sirve-el-te-y-otras-tradiciones-del-1-de-agosto\/"},"modified":"2025-07-28T19:19:00","modified_gmt":"2025-07-28T22:19:00","slug":"por-que-hacer-cana-con-ruda-para-que-sirve-el-te-y-otras-tradiciones-del-1-de-agosto","status":"publish","type":"post","link":"https:\/\/13.com.ar\/index.php\/por-que-hacer-cana-con-ruda-para-que-sirve-el-te-y-otras-tradiciones-del-1-de-agosto\/","title":{"rendered":"por qu\u00e9 hacer ca\u00f1a con ruda, para qu\u00e9 sirve el t\u00e9 y otras tradiciones del 1\u00b0 de agosto"},"content":{"rendered":"<p> <br \/>\n<br \/><img decoding=\"async\" src=\"https:\/\/13.com.ar\/wp-content\/uploads\/2025\/07\/por-que-hacer-cana-con-ruda-para-que-sirve-el.jpg\" \/><\/p>\n<div id=\"element-body-0\">\n<p>Cada 1\u00b0 de agosto, en el marco del <strong>D\u00eda de la Pachamama<\/strong>, se renueva una antigua <strong>tradici\u00f3n<\/strong>: tomar ca\u00f1a con ruda, una mezcla ancestral con ruda macho en aguardiente de ca\u00f1a que, tras macerar un mes, se toma al amanecer para purificar el cuerpo y &#8220;espantar&#8221; los males del invierno.<\/p>\n<\/div>\n<div id=\"element-body-1\">\n<p>Conoc\u00e9<strong> c\u00f3mo se hace<\/strong> la ca\u00f1a con ruda y el t\u00e9 de ruda, por qu\u00e9 se toma en esta fecha y qu\u00e9 nos dice la tradici\u00f3n sobre esta planta.<\/p>\n<\/div>\n<div id=\"element-body-3\">\n<p>La especie proviene del \u00e1rea del Mediterr\u00e1neo, pero lleg\u00f3 a Am\u00e9rica con la colonizaci\u00f3n. La<em> Ruta chalepensis<\/em> y la <em>Ruta graveolens<\/em> (ruda com\u00fan) son las dos<strong> clases que crecen en Sudam\u00e9rica<\/strong> y que funcionan como el ingrediente principal del preparado de ca\u00f1a de ruda y del t\u00e9 de ruda. La ruda com\u00fan es una hierba, un arbusto enano, con caracter\u00edsticas flores amarillas. Tiene numerosos usos medicinales, pero <strong>debe consumirse en peque\u00f1as porciones<\/strong>.<\/p>\n<\/div>\n<div id=\"element-body-4\">\n<p>Son parte de las \u201cmedicinas folkl\u00f3ricas\u201d, una <strong>hierba sagrada para muchos pueblos originarios <\/strong>del norte argentino, Chile, Paraguay, Bolivia y Per\u00fa.<\/p>\n<\/div>\n<div id=\"element-body-5\">\n<p>Una aclaraci\u00f3n importante: el Ministerio de Salud de Tucum\u00e1n informa que el consumo de t\u00e9 de ruda est\u00e1 <strong>contraindicado para ni\u00f1os y ni\u00f1as<\/strong> y las <strong>personas en tratamiento m\u00e9dico<\/strong> por problemas de renales, hep\u00e1ticos o de presi\u00f3n arterial. <\/p>\n<\/div>\n<div id=\"element-body-6\">\n<p>Seg\u00fan indican, es perjudicial porque puede producir irritaciones estomacales, n\u00e1useas, v\u00f3mitos, problemas en el sue\u00f1o y da\u00f1os al h\u00edgado y los ri\u00f1ones de la poblaci\u00f3n infantil. <\/p>\n<\/div>\n<div id=\"element-body-7\">\n<p>Tambi\u00e9n se <strong>desaconseja su consumo para embarazadas<\/strong> o <strong>mujeres <\/strong>que est\u00e9n <strong>amamantando<\/strong>.<\/p>\n<\/div>\n<div id=\"element-body-9\">\n<p>El consumo de la ca\u00f1a de ruda est\u00e1 extendido por todas las zonas del Altiplano como una tradici\u00f3n y se consume especialmente el D\u00eda de la Pachamama, el que da inicio al mes en el que se celebra la <strong>festividad sagrada<\/strong> en honor a la Madre Tierra.<\/p>\n<\/div>\n<div id=\"element-body-11\">\n<p>\u201cGeneralmente son <strong>tres traguitos en ayunas<\/strong>, esta pr\u00e1ctica busca atraer la salud y la buena suerte, alejando as\u00ed cualquier maleficio que pueda acecharnos\u201d, explic\u00f3 a <strong>Clar\u00edn <\/strong>desde Salta la especialista en terapias energ\u00e9ticas y run\u00f3loga <strong>Marcela L\u00f3pez<\/strong>.<\/p>\n<\/div>\n<div id=\"element-body-12\">\n<p>La <strong>ca\u00f1a de ruda<\/strong>, tambi\u00e9n llamada carrulim por los pueblos guaran\u00edes, se prepara usando licor de ca\u00f1a blanca. L\u00f3pez indic\u00f3 que se deja <strong>macerar la ruda macho dentro de la botella de ca\u00f1a durante un mes<\/strong>. \u201cSe prepara el 1\u00b0 de julio para poder beberla el 1\u00b0 de agosto, aunque tambi\u00e9n puede guardarse hasta un a\u00f1o\u201d, agreg\u00f3.<\/p>\n<\/div>\n<div id=\"element-body-13\">\n<p>Debido a su fuerte sabor amargo hay quienes a\u00f1aden al brebaje una cucharadita de miel. Hoy en d\u00eda tambi\u00e9n se vende lista para tomar en tiendas esot\u00e9ricas y herborister\u00edas.<\/p>\n<\/div>\n<div id=\"element-body-15\">\n<p>Existe otra alternativa para quienes no consumen alcohol y quieren continuar con la tradici\u00f3n. Muchas personas optan por <strong>preparar una infusi\u00f3n de ruda<\/strong> para festejar el D\u00eda de la Pachamama.<\/p>\n<\/div>\n<div id=\"element-body-16\">\n<p>La ruda no es la \u00fanica hierba que los chamanes utilizaban para hacer infusiones. Se bebe especialmente el 1\u00b0 de agosto porque se considera tradicionalmente como el <strong>comienzo de un nuevo ciclo<\/strong> de la mano con la Madre Tierra. Tambi\u00e9n se tomaba para &#8220;limpiar la garganta&#8221; y se cre\u00eda que ayudaba a soportar las bajas temperaturas de agosto.<\/p>\n<\/div>\n<div id=\"element-body-17\">\n<p>Si quer\u00e9s hacer un t\u00e9 de ruda necesit\u00e1s <strong>dos cucharaditas de hojitas<\/strong> de ruda (puede incluir flores secas) y una taza de agua potable. Calent\u00e1 el agua en una pavita o al fuego, retirala cuando comience a hervir y a\u00f1adile la ruda. Dej\u00e1 reposar la infusi\u00f3n durante ocho minutos. Colala y servila en una taza.<\/p>\n<\/div>\n<div id=\"element-body-19\">\n<p>Quienes preparan el t\u00e9 le atribuyen numerosas propiedades positivas <strong>relajantes y digestivas<\/strong>. Hay quienes lo beben en peque\u00f1os sorbos como un remedio natural para tratar c\u00f3licos, malestares estomacales y molestias menstruales.<\/p>\n<\/div>\n<div id=\"element-body-21\">\n<p>En este sentido, los expertos en terapias naturales tambi\u00e9n advierten que el consumo de ruda y sus bebidas \u2013aptas solo en adultos sin condiciones de salud preexistentes- debe <strong>hacerse siempre bajo supervisi\u00f3n<\/strong>. Cuando se consume en exceso puede causar dependencia y toxicidad.<\/p>\n<\/div>\n<div id=\"element-body-23\">\n<p>Otra de las maneras en que se pueden aprovechar las propiedades de la ruda en este D\u00eda de la Pachamama es realizando un <strong>ba\u00f1o purificador<\/strong>. Los ba\u00f1os son rituales de limpieza energ\u00e9tica poderosos y ancestrales, as\u00ed que el uso de la ruda no es una excepci\u00f3n. Esta pr\u00e1ctica se debe evitar en caso de estar con el per\u00edodo menstrual o embarazada.<\/p>\n<\/div>\n<div id=\"element-body-24\">\n<p>Para preparar el ba\u00f1o solo necesit\u00e1s las hojas de unas ramitas reci\u00e9n cortadas y cuatro litros de agua. \u00bfC\u00f3mo se hace? A continuaci\u00f3n te contamos el <strong>paso a paso<\/strong>:<\/p>\n<\/div>\n<div id=\"element-body-28\">\n<p>Parte del agua que utiliz\u00e1s para este ba\u00f1o purificador la pod\u00e9s descartar en el jard\u00edn o por el inodoro. Las hojas de ruda las pod\u00e9s devolver a la naturaleza, enterralas en un espacio con tierra.<\/p>\n<\/div>\n<p><br \/>\n<br \/><a href=\"https:\/\/www.clarin.com\/astrologia\/viernes-dia-pachamama-hacer-cana-ruda-sirve-tradiciones-1-agosto_0_pAPYIpegzT.html\">Fuente Clarin.com <\/a><\/p>\n","protected":false},"excerpt":{"rendered":"<p>Cada 1\u00b0 de agosto, en el marco del D\u00eda de la Pachamama, se renueva una antigua tradici\u00f3n: tomar ca\u00f1a con ruda, una mezcla ancestral con ruda macho en aguardiente de ca\u00f1a que, tras macerar un mes, se toma al amanecer para purificar el cuerpo y &#8220;espantar&#8221; los males del invierno. Conoc\u00e9 c\u00f3mo se hace la [&hellip;]<\/p>\n","protected":false},"author":1,"featured_media":46100,"comment_status":"open","ping_status":"open","sticky":false,"template":"","format":"standard","meta":{"footnotes":""},"categories":[2],"tags":[12442,12368,18,100,127,3699,16,142,286,18085,2107,6185,14664],"class_list":["post-46099","post","type-post","status-publish","format-standard","has-post-thumbnail","hentry","category-ultimas-noticias","tag-agosto","tag-cana","tag-con","tag-del","tag-hacer","tag-otras","tag-para","tag-por","tag-que","tag-ruda","tag-sirve","tag-te","tag-tradiciones"],"_links":{"self":[{"href":"https:\/\/13.com.ar\/index.php\/wp-json\/wp\/v2\/posts\/46099","targetHints":{"allow":["GET"]}}],"collection":[{"href":"https:\/\/13.com.ar\/index.php\/wp-json\/wp\/v2\/posts"}],"about":[{"href":"https:\/\/13.com.ar\/index.php\/wp-json\/wp\/v2\/types\/post"}],"author":[{"embeddable":true,"href":"https:\/\/13.com.ar\/index.php\/wp-json\/wp\/v2\/users\/1"}],"replies":[{"embeddable":true,"href":"https:\/\/13.com.ar\/index.php\/wp-json\/wp\/v2\/comments?post=46099"}],"version-history":[{"count":0,"href":"https:\/\/13.com.ar\/index.php\/wp-json\/wp\/v2\/posts\/46099\/revisions"}],"wp:featuredmedia":[{"embeddable":true,"href":"https:\/\/13.com.ar\/index.php\/wp-json\/wp\/v2\/media\/46100"}],"wp:attachment":[{"href":"https:\/\/13.com.ar\/index.php\/wp-json\/wp\/v2\/media?parent=46099"}],"wp:term":[{"taxonomy":"category","embeddable":true,"href":"https:\/\/13.com.ar\/index.php\/wp-json\/wp\/v2\/categories?post=46099"},{"taxonomy":"post_tag","embeddable":true,"href":"https:\/\/13.com.ar\/index.php\/wp-json\/wp\/v2\/tags?post=46099"}],"curies":[{"name":"wp","href":"https:\/\/api.w.org\/{rel}","templated":true}]}}