{"id":46098,"date":"2025-07-28T19:15:57","date_gmt":"2025-07-28T22:15:57","guid":{"rendered":"https:\/\/13.com.ar\/index.php\/convivencia-escolar-que-hay-de-nuevo\/"},"modified":"2025-07-28T19:15:57","modified_gmt":"2025-07-28T22:15:57","slug":"convivencia-escolar-que-hay-de-nuevo","status":"publish","type":"post","link":"https:\/\/13.com.ar\/index.php\/convivencia-escolar-que-hay-de-nuevo\/","title":{"rendered":"Convivencia escolar: \u00bfqu\u00e9 hay de nuevo?"},"content":{"rendered":"<p> <br \/>\n<br \/><img decoding=\"async\" src=\"https:\/\/13.com.ar\/wp-content\/uploads\/2025\/06\/Es-un-nuevo-acto-despotico.jpg\" \/><\/p>\n<div id=\"element-body-0\">\n<p>La semana pasada, el vocero presidencial Manuel Adorni present\u00f3, en sus cl\u00e1sicas conferencias de prensa, una \u201crenovaci\u00f3n curricular educativa\u201d. <\/p>\n<\/div>\n<div id=\"element-body-1\">\n<p>Son cinco puntos de un documento que arm\u00f3 Capital Humano, y que contienen -bajo la forma de anuncios- la descripci\u00f3n de <strong>programas que ya se vienen desarrollando<\/strong>.<\/p>\n<\/div>\n<div id=\"element-body-2\">\n<p>Quiz\u00e1s, en medio de las intensas noticias sobre la interna en el \u00e1rea presidencial a alguien se le haya ocurrido:<em> \u201c\u00bfY si metemos algo de educaci\u00f3n?\u201d. \u201cHablen con Capital Humano y que preparen algo\u2026\u201d. <\/em><\/p>\n<\/div>\n<div id=\"element-body-3\">\n<div class=\"sc-c2c2a3c6-1 kQhBlc videoText videoText\">\n<h2>Video<\/h2>\n<p>Manuel Adorni anuncia una \u201crenovaci\u00f3n curricular educativa\u201d.<\/p>\n<\/div>\n<\/div>\n<div id=\"element-body-4\">\n<p>Como sea, entre los cinco \u201cejes program\u00e1ticos\u201d del documento, el cuarto es el <strong>\u201cprograma de convivencia escolar\u201d. <\/strong>All\u00ed se habla, a modo de anuncio, de trabajar dentro del marco legal (la ley 26.892), de producir cuadernillos, de instancias de formaci\u00f3n para los docentes y del \u201cfuncionamiento activo de la l\u00ednea 0800 de Convivencia\u201d.<\/p>\n<\/div>\n<div id=\"element-body-5\">\n<blockquote class=\"twitter-tweet\">\n<p lang=\"es\" dir=\"ltr\">El Ministerio de Capital Humano, a trav\u00e9s de la Secretar\u00eda de Educaci\u00f3n, promueve la convivencia y el abordaje de conflictos en las instituciones educativas. <\/p>\n<p>El Programa de Convivencia Escolar es uno de los 5 ejes centrales de ense\u00f1anza en la Argentina que define la Renovaci\u00f3n\u2026 <a rel=\"nofollow\" target=\"_blank\" href=\"https:\/\/t.co\/7cug89Cbc3\">pic.twitter.com\/7cug89Cbc3<\/a><\/p>\n<p>\u2014 Ministerio de Capital Humano (@MinCapHum_Ar) <a rel=\"nofollow\" target=\"_blank\" href=\"https:\/\/twitter.com\/MinCapHum_Ar\/status\/1948522657680687516?ref_src=twsrc%5Etfw\">July 24, 2025<\/a><\/p><\/blockquote>\n<\/div>\n<div id=\"element-body-6\">\n<p>Ahora, quien revise la historia, observar\u00e1 que programas de convivencia escolar<strong> existen en el pa\u00eds desde 2004<\/strong>. La ley es de 2013. <\/p>\n<\/div>\n<div id=\"element-body-7\">\n<p>Con el correr de los a\u00f1os, los programas fueron cambiando de formato, pero no dejaron de existir. Hay cuadernillos ya editados, a los que se puede acceder libremente en el portal Educ.ar, aunque -es cierto- est\u00e1n bastante desactualizados.<\/p>\n<\/div>\n<div id=\"element-body-8\">\n<p>Seguramente en el Gobierno nacional est\u00e9n pensando en darle un formato m\u00e1s acorde a su ideolog\u00eda. De hecho, hace poco incorporaron las denuncias sobre \u201cadoctrinamiento\u201d en la l\u00ednea de convivencia.<\/p>\n<\/div>\n<div id=\"element-body-11\">\n<p>Pero m\u00e1s all\u00e1 de eso, lo interesante es que el anuncio de Adorni coincidi\u00f3 con la presentaci\u00f3n de un informe del Observatorio de Argentinos por la Educaci\u00f3n, que <strong>tambi\u00e9n puso el foco en la convivencia escolar<\/strong>.<\/p>\n<\/div>\n<div id=\"element-body-13\">\n<p>Ese informe muestra, con datos oficiales, que <strong>seis de cada diez alumnos de la primaria sufren alguna agresi\u00f3n en la escuela o en las redes<\/strong>. Adem\u00e1s, el 36% se siente discriminado. Y que <strong>el mal clima escolar incide fuertemente en los aprendizajes.<\/strong><\/p>\n<\/div>\n<div id=\"element-body-14\">\n<p>Consultada por <strong>Clar\u00edn<\/strong>, una de las autoras del informe, Mercedes Sidders, se\u00f1al\u00f3 que, si bien la educaci\u00f3n b\u00e1sica es responsabilidad provincial, <strong>el Gobierno nacional \u201ctambi\u00e9n puede y debe jugar un rol clave,<\/strong> especialmente en lo que refiere a <strong>inversiones estrat\u00e9gicas\u201d<\/strong>.<\/p>\n<\/div>\n<div id=\"element-body-16\">\n<p>Dijo que hay antecedentes exitosos, como los programas SUMAR en salud, donde las transferencias a las provincias est\u00e1n condicionadas a resultados, lo que <strong>genera incentivos concretos para mejorar<\/strong>. Y que un enfoque similar podr\u00eda pensarse en el \u00e1mbito educativo para promover pol\u00edticas de prevenci\u00f3n de la violencia escolar. <\/p>\n<\/div>\n<div id=\"element-body-17\">\n<p>\u201cEl gobierno nacional puede funcionar como socio de conocimiento, ayudando a socializar aprendizajes entre provincias, y <strong>acompa\u00f1ar con capacidades t\u00e9cnicas adem\u00e1s de financieras<\/strong>\u201d, afirm\u00f3.<\/p>\n<\/div>\n<div id=\"element-body-18\">\n<p>Nada de esto apareci\u00f3 en el anuncio de Adorni, en un contexto en el que la inversi\u00f3n nacional en educaci\u00f3n cay\u00f3 40% solo en 2024. <\/p>\n<\/div>\n<div id=\"element-body-19\">\n<p>A lo mejor con menos apuro, el Gobierno revise estos anuncios, y en la pr\u00f3xima conferencia de prensa pueda presentar <strong>nuevas medidas, con su l\u00ednea de inversi\u00f3n<\/strong>, para un problema que impacta en la calidad educativa.<\/p>\n<\/div>\n<p><script async src=\"\/\/platform.twitter.com\/widgets.js\" charset=\"utf-8\"><\/script><br \/>\n<br \/><br \/>\n<br \/><a href=\"https:\/\/www.clarin.com\/opinion\/convivencia-escolar-nuevo_0_wL3sj3YD5I.html\">Fuente Clarin.com <\/a><\/p>\n","protected":false},"excerpt":{"rendered":"<p>La semana pasada, el vocero presidencial Manuel Adorni present\u00f3, en sus cl\u00e1sicas conferencias de prensa, una \u201crenovaci\u00f3n curricular educativa\u201d. Son cinco puntos de un documento que arm\u00f3 Capital Humano, y que contienen -bajo la forma de anuncios- la descripci\u00f3n de programas que ya se vienen desarrollando. Quiz\u00e1s, en medio de las intensas noticias sobre la [&hellip;]<\/p>\n","protected":false},"author":1,"featured_media":36914,"comment_status":"open","ping_status":"open","sticky":false,"template":"","format":"standard","meta":{"footnotes":""},"categories":[2],"tags":[22913,8687,942,14,286],"class_list":["post-46098","post","type-post","status-publish","format-standard","has-post-thumbnail","hentry","category-ultimas-noticias","tag-convivencia","tag-escolar","tag-hay","tag-nuevo","tag-que"],"_links":{"self":[{"href":"https:\/\/13.com.ar\/index.php\/wp-json\/wp\/v2\/posts\/46098","targetHints":{"allow":["GET"]}}],"collection":[{"href":"https:\/\/13.com.ar\/index.php\/wp-json\/wp\/v2\/posts"}],"about":[{"href":"https:\/\/13.com.ar\/index.php\/wp-json\/wp\/v2\/types\/post"}],"author":[{"embeddable":true,"href":"https:\/\/13.com.ar\/index.php\/wp-json\/wp\/v2\/users\/1"}],"replies":[{"embeddable":true,"href":"https:\/\/13.com.ar\/index.php\/wp-json\/wp\/v2\/comments?post=46098"}],"version-history":[{"count":0,"href":"https:\/\/13.com.ar\/index.php\/wp-json\/wp\/v2\/posts\/46098\/revisions"}],"wp:featuredmedia":[{"embeddable":true,"href":"https:\/\/13.com.ar\/index.php\/wp-json\/wp\/v2\/media\/36914"}],"wp:attachment":[{"href":"https:\/\/13.com.ar\/index.php\/wp-json\/wp\/v2\/media?parent=46098"}],"wp:term":[{"taxonomy":"category","embeddable":true,"href":"https:\/\/13.com.ar\/index.php\/wp-json\/wp\/v2\/categories?post=46098"},{"taxonomy":"post_tag","embeddable":true,"href":"https:\/\/13.com.ar\/index.php\/wp-json\/wp\/v2\/tags?post=46098"}],"curies":[{"name":"wp","href":"https:\/\/api.w.org\/{rel}","templated":true}]}}