{"id":46096,"date":"2025-07-28T19:09:58","date_gmt":"2025-07-28T22:09:58","guid":{"rendered":"https:\/\/13.com.ar\/index.php\/el-gobierno-trabaja-para-sostener-los-vetos-de-milei-aunque-teme-complicaciones-por-la-cuestion-electoral\/"},"modified":"2025-07-28T19:09:58","modified_gmt":"2025-07-28T22:09:58","slug":"el-gobierno-trabaja-para-sostener-los-vetos-de-milei-aunque-teme-complicaciones-por-la-cuestion-electoral","status":"publish","type":"post","link":"https:\/\/13.com.ar\/index.php\/el-gobierno-trabaja-para-sostener-los-vetos-de-milei-aunque-teme-complicaciones-por-la-cuestion-electoral\/","title":{"rendered":"El Gobierno trabaja para sostener los vetos de Milei, aunque teme complicaciones por la cuesti\u00f3n electoral"},"content":{"rendered":"<p> <br \/>\n<br \/><img decoding=\"async\" src=\"https:\/\/13.com.ar\/wp-content\/uploads\/2025\/07\/El-Gobierno-trabaja-para-sostener-los-vetos-de-Milei-aunque.jpg\" \/><\/p>\n<div id=\"element-body-0\">\n<p><strong>&#8220;Tenemos la obligaci\u00f3n de sostener los vetos del Presidente&#8221;,<\/strong> explic\u00f3 este lunes un funcionario del ala pol\u00edtica mientras transitaba los pasillos de una Casa luego que <strong>Javier Milei <\/strong>recibiera en su despacho a la comitiva estadounidense encabezada por <strong>Kristi Noem<\/strong>. <\/p>\n<\/div>\n<div id=\"element-body-1\">\n<p>El Ejecutivo seguramente <strong>esperar\u00e1 hasta el lunes a la medianoche para publicar los decretos <\/strong>que anulan el aumento de las jubilaciones, la extensi\u00f3n de la moratoria previsional y la emergencia en discapacidad que aprob\u00f3 el Congreso. Pero deja entrever que ya <strong>negocia con algunos gobernadores y con diputados<\/strong> que no responden al poder territorial -y estar\u00edan &#8220;convencidos&#8221; de las bondades para el pa\u00eds del super\u00e1vit fiscal- para garantizar que se cumpla voluntad del primer mandatario.<\/p>\n<\/div>\n<div id=\"element-body-2\">\n<p>Sin embargo, no hay precisiones de con qu\u00e9 gobernadores se abri\u00f3 el di\u00e1logo sobre este tema y, de hecho, a\u00fan no hubo ning\u00fan tipo de ofrecimiento para aquellos mandatarios provinciales que revest\u00edan bajo el sello de Juntos por el Cambio. <strong>S\u00ed en el Gobierno reconocen que las elecciones de medio t\u00e9rmino podr\u00edan &#8220;endurecer&#8221; voluntades en la C\u00e1mara de Diputados que en otro contexto ser\u00edan m\u00e1s favorables a los intereses de la Casa Rosada. <\/strong><\/p>\n<\/div>\n<div id=\"element-body-3\">\n<p>En el Gobierno necesitan el respaldo de un tercio de los diputados presentes -por eso aseguran que ser\u00edan menos de los 87 que trascendieron en un primer momento- para evitar que la oposici\u00f3n logre voltear los vetos presidenciales en una sesi\u00f3n que, en principio convocar\u00eda para la primera semana de agosto. <\/p>\n<\/div>\n<div id=\"element-body-4\">\n<p>La negociaci\u00f3n la encabeza el jefe de Gabinete, <strong>Guillermo Francos<\/strong>, pero en la planta baja de Balcarce 50 no han dado detalles sobre el ofrecimiento que elevar\u00edan a los mandatarios provinciales. Las conversaciones tambi\u00e9n incluir\u00edan a legisladores sin terminalidad pol\u00edtica en sus provincias, como los &#8220;radicales con peluca&#8221;, aunque algunos integrantes de este grupo estar\u00edan molestos por la falta de generosidad de <strong>Karina Milei<\/strong> en el armado electoral en sus distritos.<\/p>\n<\/div>\n<div id=\"element-body-5\">\n<p>Esta semana no hay en agenda ninguna convocatoria a mandatarios provinciales pero en el oficialismo no descartan comenzar a <strong>descongelar ese v\u00ednculo desde el martes pr\u00f3ximo <\/strong>cuando est\u00e9n publicados en el Bolet\u00edn Oficial los vetos &#8220;totales&#8221; a los proyectos motorizados por la oposici\u00f3n que, seg\u00fan la mirada oficial, atentar\u00edan contra el equilibrio de las cuentas p\u00fablicas<\/p>\n<\/div>\n<div id=\"element-body-6\">\n<p>No esta claro, como trascendi\u00f3 de forma informal, que haya alg\u00fan <strong>ofrecimiento de partidas discrecionales <\/strong>a varios mandatarios para poder garantizar el rechazo a las citadas normativas. Es que en el Ejecutivo han tomado nota que, pese al reparto de Aportes al Tesoro Naci\u00f3n durante mayo, junio y julio en provincias como Salta, Santa Cruz o Catamarca, los legisladores de esos territorios votaron en contra de los intereses de LLA. <\/p>\n<\/div>\n<div id=\"element-body-7\">\n<p>Por ejemplo, los representantes de Santa Cruz, donde gobierna<strong> Claudio Vidal,<\/strong> no acompa\u00f1aron al oficialismo y su provincia recibi\u00f3 en mayo y junio unos 8 mil millones de pesos en concepto de ATN.<\/p>\n<\/div>\n<div id=\"element-body-8\">\n<p>Es por eso que ahora tambi\u00e9n en el oficialismo deslizan que podr\u00edan <strong>negociar con diputados que no respondan a sus gobernadores<\/strong>. Como sea, en el propio Gobierno reconocen que no ser\u00e1 f\u00e1cil llegar al n\u00famero requerido en la C\u00e1mara baja, un tercio de los presentes, para poder blindar los vetos de Javier Milei.<\/p>\n<\/div>\n<div id=\"element-body-9\">\n<p>Otro interrogante que impera en algunos despachos oficiales es cu\u00e1l ser\u00e1 <strong>el rol de Santiago Caputo en esta negociaci\u00f3n<\/strong> -supo mostrarse como como interlocutor con algunos gobernadores-, luego del duro enfrentamiento de su sector -Las Fuerzas del Cielo- con los armadores de Karina Milei por el cierre de listas en la Provincia. Cerca de la secretaria general de la Presidencia minimizaron la tensi\u00f3n y aseguraron que el asesor presidencial sigue trabajando &#8220;con normalidad&#8221;.<\/p>\n<\/div>\n<div id=\"element-body-10\">\n<p>En las oficinas del ex ministerio del Interior, con todo, se muestran cautelosos sobre las negociaciones en marcha y aseguran que &#8220;hay tiempo&#8221; para intentar bloquear la intentona de un sector de la oposici\u00f3n de conseguir voltear los esperados vetos presidenciales. Apuestan a conseguir apoyos entre quienes acompa\u00f1an el apotegma mile\u00edsta de que se debe garantizar contra viento y marea el equilibrio fiscal como forma de proteger la sustentabilidad del modelo econ\u00f3mico.<\/p>\n<\/div>\n<p><br \/>\n<br \/><a href=\"https:\/\/www.clarin.com\/politica\/gobierno-trabaja-sostener-vetos-milei-teme-complicaciones-cuestion-electoral_0_Dwg3uLRj8x.html\">Fuente Clarin.com <\/a><\/p>\n","protected":false},"excerpt":{"rendered":"<p>&#8220;Tenemos la obligaci\u00f3n de sostener los vetos del Presidente&#8221;, explic\u00f3 este lunes un funcionario del ala pol\u00edtica mientras transitaba los pasillos de una Casa luego que Javier Milei recibiera en su despacho a la comitiva estadounidense encabezada por Kristi Noem. El Ejecutivo seguramente esperar\u00e1 hasta el lunes a la medianoche para publicar los decretos que [&hellip;]<\/p>\n","protected":false},"author":1,"featured_media":46097,"comment_status":"open","ping_status":"open","sticky":false,"template":"","format":"standard","meta":{"footnotes":""},"categories":[2],"tags":[121,8124,9126,5073,71,28,77,16,142,2133,13916,4616,23342],"class_list":["post-46096","post","type-post","status-publish","format-standard","has-post-thumbnail","hentry","category-ultimas-noticias","tag-aunque","tag-complicaciones","tag-cuestion","tag-electoral","tag-gobierno","tag-los","tag-milei","tag-para","tag-por","tag-sostener","tag-teme","tag-trabaja","tag-vetos"],"_links":{"self":[{"href":"https:\/\/13.com.ar\/index.php\/wp-json\/wp\/v2\/posts\/46096","targetHints":{"allow":["GET"]}}],"collection":[{"href":"https:\/\/13.com.ar\/index.php\/wp-json\/wp\/v2\/posts"}],"about":[{"href":"https:\/\/13.com.ar\/index.php\/wp-json\/wp\/v2\/types\/post"}],"author":[{"embeddable":true,"href":"https:\/\/13.com.ar\/index.php\/wp-json\/wp\/v2\/users\/1"}],"replies":[{"embeddable":true,"href":"https:\/\/13.com.ar\/index.php\/wp-json\/wp\/v2\/comments?post=46096"}],"version-history":[{"count":0,"href":"https:\/\/13.com.ar\/index.php\/wp-json\/wp\/v2\/posts\/46096\/revisions"}],"wp:featuredmedia":[{"embeddable":true,"href":"https:\/\/13.com.ar\/index.php\/wp-json\/wp\/v2\/media\/46097"}],"wp:attachment":[{"href":"https:\/\/13.com.ar\/index.php\/wp-json\/wp\/v2\/media?parent=46096"}],"wp:term":[{"taxonomy":"category","embeddable":true,"href":"https:\/\/13.com.ar\/index.php\/wp-json\/wp\/v2\/categories?post=46096"},{"taxonomy":"post_tag","embeddable":true,"href":"https:\/\/13.com.ar\/index.php\/wp-json\/wp\/v2\/tags?post=46096"}],"curies":[{"name":"wp","href":"https:\/\/api.w.org\/{rel}","templated":true}]}}