{"id":46092,"date":"2025-07-28T18:39:59","date_gmt":"2025-07-28T21:39:59","guid":{"rendered":"https:\/\/13.com.ar\/index.php\/violo-a-su-hija-y-ya-habia-asesinado\/"},"modified":"2025-07-28T18:39:59","modified_gmt":"2025-07-28T21:39:59","slug":"violo-a-su-hija-y-ya-habia-asesinado","status":"publish","type":"post","link":"https:\/\/13.com.ar\/index.php\/violo-a-su-hija-y-ya-habia-asesinado\/","title":{"rendered":"viol\u00f3 a su hija y ya hab\u00eda asesinado"},"content":{"rendered":"<p> <br \/>\n<br \/><img decoding=\"async\" src=\"https:\/\/13.com.ar\/wp-content\/uploads\/2025\/07\/violo-a-su-hija-y-ya-habia-asesinado.jpg\" \/><\/p>\n<div id=\"element-body-0\">\n<p>Apenas 16 horas de salidas transitorias cada 14 d\u00edas hab\u00eda conseguido Walter Jes\u00fas Molina (60). El preso que cumpl\u00eda una <strong>condena por abuso sexual a su hija adolescente<\/strong>, es ahora el principal acusado del <strong>femicidio de su ex pareja <\/strong>Flora In\u00e9s Moyano (61).<\/p>\n<\/div>\n<div id=\"element-body-1\">\n<p>&#8220;Flora trataba de evitarlo, le ten\u00eda miedo porque viv\u00eda amenazada por el hombre que, con el <strong>beneficio carcelario<\/strong>, sali\u00f3 a matarla&#8221;, cuentan los vecinos del barrio Soberan\u00eda de Las Heras, Gran Mendoza.<\/p>\n<\/div>\n<div id=\"element-body-2\">\n<p>La mujer fue vista por \u00faltima vez el s\u00e1bado por la tarde. Hab\u00eda acordado verse en el Barrio Democracia, cerca de su casa con Molina. Ella quer\u00eda ponerle fin a la relaci\u00f3n. <\/p>\n<\/div>\n<div id=\"element-body-3\">\n<p>Desde que sali\u00f3 de su casa, nada se supo de Flora hasta el domingo al mediod\u00eda, cuando fue encontrada muerta en un descampado cerca de su casa, y tambi\u00e9n de la casa de la madre del femicida porque eran vecinos.<\/p>\n<\/div>\n<div id=\"element-body-4\">\n<p>Al inspeccionar el cuerpo de la mujer, los investigadores se encontraron con un detalle escalofriante. Alguien le hab\u00eda dejado un <strong>mensaje escrito con un fibr\u00f3n en la espalda<\/strong>: <em>&#8220;Ahora no cul&#8230; con nadie m\u00e1s&#8221;<\/em>.<\/p>\n<\/div>\n<div id=\"element-body-6\">\n<p>Molina fue detenido la noche del domingo, cuando regres\u00f3 a la Colonia y Granja Penal Gustavo Andr\u00e9, donde cumpl\u00eda <strong>condena por m\u00faltiples causas<\/strong>. Es el principal acusado en la investigaci\u00f3n del fiscal de Homicidios Gustavo Pirrello. Entre esta tarde y ma\u00f1ana, ser\u00e1 imputado por femicidio.<\/p>\n<\/div>\n<div id=\"element-body-7\">\n<p>Molina tiene <strong>16 hijos con cuatro mujeres que fueron sus parejas<\/strong>. Ninguno de los hijos es de Flora, quien para los registros judiciales era su \u00faltima pareja.<\/p>\n<\/div>\n<div id=\"element-body-9\">\n<p>El hombre cumpl\u00eda una condena por el abuso sexual de una de sus hijas, quien lo denunci\u00f3 cuando ella ten\u00eda 17 a\u00f1os. <\/p>\n<\/div>\n<div id=\"element-body-10\">\n<p>El 2 de octubre de 2015 fue condenado a <strong>10 a\u00f1os de c\u00e1rcel por el delito de abuso sexual<\/strong> con acceso carnal de su hija. A lo que se sum\u00f3, una sentencia por amenazas simples.<\/p>\n<\/div>\n<div id=\"element-body-11\">\n<p>En 2009 hab\u00eda sido condenado por amenazas agravadas y en otra causa de 2005 y una de 2003, por robo agravado. <strong>En el 2000 recibi\u00f3 una condena por homicidio.<\/strong><\/p>\n<\/div>\n<div id=\"element-body-12\">\n<p>Molina estaba a solo tres meses de recuperar la libertad asistida. En el \u00faltimo a\u00f1o, se comportaba como un preso ejemplar. Hab\u00eda sido aprobado en conducta y en convivencia. Tomaba clases de guitarra, huerta y folclore, en el interior de la granja penal de Gustavo Andr\u00e9, en Lavalle.<\/p>\n<\/div>\n<div id=\"element-body-13\">\n<p>La salida transitoria que para los investigadores termin\u00f3 con el femicidio de Flora, se lo otorg\u00f3 la <strong>jueza Mirna Montaldi, del Juzgado Penal Colegiado N\u00ba 2.<\/strong><\/p>\n<\/div>\n<div id=\"element-body-14\">\n<p>Por el art\u00edculo 72, quienes hayan sido condenados por delitos contra la integridad sexual de menores no pueden acceder a ciertos beneficios. Pero <strong>la jueza Montaldi<\/strong> <strong>consider\u00f3 anticonstitucional<\/strong> ese apartado de la Ley y le otorg\u00f3 las salidas transitorias a la casa de su madre, en el barrio Democracia de Las Heras, mientras era monitoreado con pulsera electr\u00f3nica.<\/p>\n<\/div>\n<div id=\"element-body-15\">\n<p>Al conocer los antecedentes y lo escabroso del caso, la ministra de Seguridad de Mendoza, Mercedes Rus descarg\u00f3 su bronca en las redes sociales: &#8220;Un abusador, reincidente y ahora femicida con salidas transitorias pese a los informes t\u00e9cnicos negativos. <strong>Una v\u00edctima que no fue protegida<\/strong>&#8220;.<\/p>\n<\/div>\n<div id=\"element-body-16\">\n<p>Una vecina de Flora, le cont\u00f3 a radio Nihuil, que la mujer era &#8220;muy buena persona y muy buena madre&#8221;. Y que los hijos se preocuparon cuando no volv\u00eda, por ella &#8220;ten\u00eda miedo de salir sola a la calle&#8221;. <\/p>\n<\/div>\n<div id=\"element-body-17\">\n<p>La familia de Flora denunci\u00f3 su desparici\u00f3n a la 1.30 del domingo. Por la ma\u00f1ana, la Divisi\u00f3n de B\u00fasqueda de Personas realizaba sus tareas en el barrio Democracia cuando lleg\u00f3 el aviso de un chico que hab\u00eda encontrado un cuerpo en un basural, ubicado en la calle Jun\u00edn al 1100, entre Pedro Pascual Segura y Manuel A. S\u00e1ez, de Las Heras. <\/p>\n<\/div>\n<div id=\"element-body-18\">\n<p>En lo que va de 2025, son seis los femicidios en Mendoza, igualando en siete meses, la cantidad que hubo en todo 2024. &#8220;En este caso, como otros que estamos viendo, muchas mujeres no se animan a denunciar la violencia machista, hay un<strong> retroceso en la confianza en la Justicia<\/strong>&#8220;, denunci\u00f3 la agrupaci\u00f3n MuMaL\u00e1 Mendoza.<\/p>\n<\/div>\n<div id=\"element-body-19\">\n<p>La vocera de MuMaL\u00e1 Nacional, Victoria Aguirre, asegur\u00f3 que &#8220;la ausencia de presupuesto&#8221; tambi\u00e9n fomenta el aumento de estas cifras tr\u00e1gicas. &#8220;La desarticulaci\u00f3n y eliminaci\u00f3n de programas de prevenci\u00f3n y asistencia y la inacci\u00f3n frente a la violencia machista son c\u00f3mplices de cada femicidio y multiplicadores de violencia&#8221;, expres\u00f3 Aguirre.<\/p>\n<\/div>\n<p><br \/>\n<br \/><a href=\"https:\/\/www.clarin.com\/policiales\/aberrante-prontuario-preso-mato-mujer-salida-transitoria-violo-hija-asesinado_0_Emov7jwiKC.html\">Fuente Clarin.com <\/a><\/p>\n","protected":false},"excerpt":{"rendered":"<p>Apenas 16 horas de salidas transitorias cada 14 d\u00edas hab\u00eda conseguido Walter Jes\u00fas Molina (60). El preso que cumpl\u00eda una condena por abuso sexual a su hija adolescente, es ahora el principal acusado del femicidio de su ex pareja Flora In\u00e9s Moyano (61). &#8220;Flora trataba de evitarlo, le ten\u00eda miedo porque viv\u00eda amenazada por el [&hellip;]<\/p>\n","protected":false},"author":1,"featured_media":46093,"comment_status":"open","ping_status":"open","sticky":false,"template":"","format":"standard","meta":{"footnotes":""},"categories":[2],"tags":[2102,822,192,4296],"class_list":["post-46092","post","type-post","status-publish","format-standard","has-post-thumbnail","hentry","category-ultimas-noticias","tag-asesinado","tag-habia","tag-hija","tag-violo"],"_links":{"self":[{"href":"https:\/\/13.com.ar\/index.php\/wp-json\/wp\/v2\/posts\/46092","targetHints":{"allow":["GET"]}}],"collection":[{"href":"https:\/\/13.com.ar\/index.php\/wp-json\/wp\/v2\/posts"}],"about":[{"href":"https:\/\/13.com.ar\/index.php\/wp-json\/wp\/v2\/types\/post"}],"author":[{"embeddable":true,"href":"https:\/\/13.com.ar\/index.php\/wp-json\/wp\/v2\/users\/1"}],"replies":[{"embeddable":true,"href":"https:\/\/13.com.ar\/index.php\/wp-json\/wp\/v2\/comments?post=46092"}],"version-history":[{"count":0,"href":"https:\/\/13.com.ar\/index.php\/wp-json\/wp\/v2\/posts\/46092\/revisions"}],"wp:featuredmedia":[{"embeddable":true,"href":"https:\/\/13.com.ar\/index.php\/wp-json\/wp\/v2\/media\/46093"}],"wp:attachment":[{"href":"https:\/\/13.com.ar\/index.php\/wp-json\/wp\/v2\/media?parent=46092"}],"wp:term":[{"taxonomy":"category","embeddable":true,"href":"https:\/\/13.com.ar\/index.php\/wp-json\/wp\/v2\/categories?post=46092"},{"taxonomy":"post_tag","embeddable":true,"href":"https:\/\/13.com.ar\/index.php\/wp-json\/wp\/v2\/tags?post=46092"}],"curies":[{"name":"wp","href":"https:\/\/api.w.org\/{rel}","templated":true}]}}