{"id":4607,"date":"2025-02-13T14:07:28","date_gmt":"2025-02-13T17:07:28","guid":{"rendered":"https:\/\/13.com.ar\/index.php\/lali-esposito-se-refirio-a-las-criticas-de-javier-milei-contra-maria-becerra-es-un-delirante\/"},"modified":"2025-02-13T14:07:28","modified_gmt":"2025-02-13T17:07:28","slug":"lali-esposito-se-refirio-a-las-criticas-de-javier-milei-contra-maria-becerra-es-un-delirante","status":"publish","type":"post","link":"https:\/\/13.com.ar\/index.php\/lali-esposito-se-refirio-a-las-criticas-de-javier-milei-contra-maria-becerra-es-un-delirante\/","title":{"rendered":"Lali Esp\u00f3sito se refiri\u00f3 a las cr\u00edticas de Javier Milei contra Mar\u00eda Becerra: &#8220;Es un delirante&#8221;"},"content":{"rendered":"<p> <br \/>\n<\/p>\n<div id=\"cuerpo\">\n<div class=\"sc-80531b6b-0 chRIGJ container-text text-embed\">\n<p>La artista ya le hab\u00eda enviado su apoyo a Mar\u00eda al compartir una de sus canciones en sus historias de Instagram. Sin embargo, ahora fue abordada por <em>Puro Show<\/em> (El Trece) y opin\u00f3 en detalle sobre lo ocurrido.<\/p>\n<\/div>\n<div class=\"sc-80531b6b-0 chRIGJ container-text text-embed\">\n<p>&#8220;<strong>La banco a muerte a Mar\u00eda.<\/strong> Una laburante, una n\u00famero uno, r\u00e9cord de gente que la va a ver, capa total, laburadora. Una genia. Y aparte hoy es su cumple y la quer\u00eda saludar&#8221;, comenz\u00f3 diciendo Lali sobre Becerra, demostrando su apoyo.<\/p>\n<\/div>\n<div class=\"sc-80531b6b-0 chRIGJ container-text text-embed\">\n<p>Adem\u00e1s, consultada sobre las cr\u00edticas de Milei hacia los artistas, Esp\u00f3sito quiso dejar en claro: &#8220;Somos personas. Seres humanos de a pie. S<strong>omos ciudadanos primero, despu\u00e9s artistas que usamos nuestro lugar<\/strong>&#8220;.<\/p>\n<\/div>\n<div class=\"sc-80531b6b-0 chRIGJ container-text text-embed\">\n<p>&#8220;Es espantoso, est\u00e1 mal que eso pase. Pero bueno, uno va para adelante. Yo quiero ser siempre respetuosa, es raro que me saquen de mis casillas. Y mi madre me retar\u00eda. Al pedo (me volvi\u00f3 a nombrar). <strong>Teniendo tantas cosas para decir, se\u00f1or presidente, est\u00e1n pasando tantas cosas que es rar\u00edsimo que quiera mencionarme a m\u00ed, que soy una cantante<\/strong>&#8220;, sigui\u00f3, acerca de los recientes dichos de Milei en su contra en los que la volvi\u00f3 a llamar &#8220;Ladri Dep\u00f3sito&#8221;.<\/p>\n<\/div>\n<div class=\"sc-198be8ec-0 cynXbu image-embed  image-embed \"><picture class=\"sc-198be8ec-1 kOjRiQ\"><source media=\"(min-width: 975px)\" width=\"720\" height=\"480\" \/><img alt=\"Lali Esposito y Mar\u00eda Becerra durante una marcha convocada por colectivos LGTBI+. \/Juan Ignacio Roncoroni\" loading=\"lazy\" width=\"720\" height=\"480\" decoding=\"async\" data-nimg=\"1\" style=\"color:transparent\" src=\"https:\/\/13.com.ar\/wp-content\/uploads\/2025\/02\/Con-aire-acondicionado-es-facil.jpg\"\/><span class=\"epigraphe\">Lali Esposito y Mar\u00eda Becerra durante una marcha convocada por colectivos LGTBI+. \/Juan Ignacio Roncoroni<\/span><span class=\"bkg\"\/><span class=\"picture-open\"><button class=\"open-image\" aria-label=\"Open Image\"\/><\/span><\/picture><\/div>\n<div class=\"sc-80531b6b-0 chRIGJ container-text text-embed\">\n<p>Y sum\u00f3: &#8220;Pero bueno, \u00e9l tendr\u00e1 sus motivos para hacerlo, los cuales no me interesan. Yo s\u00e9 qui\u00e9n soy, no me gusta estar en boca de un primer mandatario de esa manera. <strong>Con falacias, con cosas que son feas, violentas<\/strong>, de hecho&#8221;.<\/p>\n<\/div>\n<div class=\"sc-80531b6b-0 chRIGJ container-text text-embed\">\n<p>&#8220;Pero bueno, es una \u00e9poca en la que se va contra esos discrusos de odio, formas de mierda de dirigirse al otro. Y no es mi forma, <strong>as\u00ed quiera dar una opini\u00f3n de algo siempre ser\u00e1 con la mejor<\/strong>&#8220;, agreg\u00f3 Lali.<\/p>\n<\/div>\n<div class=\"sc-198be8ec-0 cynXbu image-embed  image-embed \"><picture class=\"sc-198be8ec-1 kOjRiQ\"><source media=\"(min-width: 975px)\" width=\"720\" height=\"480\" \/><img alt=\"Lali Esp\u00f3sito se refiri\u00f3 a las cr\u00edticas de Javier Milei contra Mar\u00eda Becerra. Foto: Captura TV\" loading=\"lazy\" width=\"720\" height=\"480\" decoding=\"async\" data-nimg=\"1\" style=\"color:transparent\" src=\"https:\/\/13.com.ar\/wp-content\/uploads\/2025\/02\/Lali-Esposito-se-refirio-a-las-criticas-de-Javier-Milei.jpg\"\/><span class=\"epigraphe\">Lali Esp\u00f3sito se refiri\u00f3 a las cr\u00edticas de Javier Milei contra Mar\u00eda Becerra. Foto: Captura TV<\/span><span class=\"bkg\"\/><span class=\"picture-open\"><button class=\"open-image\" aria-label=\"Open Image\"\/><\/span><\/picture><\/div>\n<div class=\"sc-80531b6b-0 chRIGJ container-text text-embed\">\n<p>La nota fue realizada el 12 de febrero, d\u00eda del cumplea\u00f1os de Mar\u00eda Becerra y antes de que Milei le dedicara <strong>un tweet por completo a la cantante<\/strong> para criticar sus dichos acerca de los fuegos en El Bols\u00f3n.<\/p>\n<\/div>\n<div class=\"sc-80531b6b-0 chRIGJ container-text text-embed\">\n<p>Sin embargo, el presidente ya hab\u00eda en su cuenta de Instagram un meme que la caricaturizaba a la artista oriunda de Quilmes cargando dos valijas llenas de d\u00f3lares provenientes de la provincia de Neuqu\u00e9n, ya que ah\u00ed la hab\u00edan contratado para dar un show en la Fiesta Nacional de la Confluencia.<\/p>\n<\/div>\n<div class=\"sc-198be8ec-0 cynXbu image-embed  image-embed \"><picture class=\"sc-198be8ec-1 kOjRiQ\"><source media=\"(min-width: 975px)\" width=\"720\" height=\"480\" \/><img alt=\"Lali Esp\u00f3sito expres\u00f3 su apoyo a Mar\u00eda Becerra.\" loading=\"lazy\" width=\"720\" height=\"480\" decoding=\"async\" data-nimg=\"1\" style=\"color:transparent\" src=\"https:\/\/13.com.ar\/wp-content\/uploads\/2025\/02\/1739466448_525_Lali-Esposito-se-refirio-a-las-criticas-de-Javier-Milei.jpg\"\/><span class=\"epigraphe\">Lali Esp\u00f3sito expres\u00f3 su apoyo a Mar\u00eda Becerra.<\/span><span class=\"bkg\"\/><span class=\"picture-open\"><button class=\"open-image\" aria-label=\"Open Image\"\/><\/span><\/picture><\/div>\n<div class=\"sc-80531b6b-0 chRIGJ container-text text-embed\">\n<p>Al respecto, Lali fue contundente: &#8220;<strong>Es un delirio, un delirante<\/strong>. Pero ac\u00e1 estamos. Hoy habl\u00e9 con Mar\u00eda y es una campeona. Cuando te pasa algo as\u00ed te te limit\u00e1s a estar tranquilo y a entender por qu\u00e9 el otro necesita, evidentemente, decir esa barbaridad de vos, cuando no es cierta. Pero all\u00e1 el que lo piensa, \u00e9l o sus seguidores, que tienen esa mirada sobre los artistas. <strong>Terapia, hay que hacer terapia<\/strong>&#8220;.<\/p>\n<\/div>\n<p><h2>Javier Milei apunt\u00f3 nuevamente contra Mar\u00eda Becerra<\/h2>\n<\/p>\n<div class=\"sc-80531b6b-0 chRIGJ container-text text-embed\">\n<p><strong>Javier Milei arremeti\u00f3 otra vez contra Mar\u00eda Becerra <\/strong>por sus cr\u00edticas al Gobierno. El pasado fin de semana la artista hab\u00eda cuestionado la falta de gesti\u00f3n para apagar los incendios en el Bols\u00f3n y el Presidente le respondi\u00f3.<\/p>\n<\/div>\n<div class=\"sc-106e49c0-0 dcVumd freeHtml-embed undefined\">\n<blockquote class=\"twitter-tweet\">\n<p lang=\"es\" dir=\"ltr\">Parece que Mar\u00eda BCRA no se enter\u00f3 del despliegue enorme que se est\u00e1 haciendo desde el gobierno nacional en la lucha contra el fuego.<br \/>Debe ser como Ladri Dep\u00f3sito que habla seg\u00fan quien le llena el bolsillo.<br \/>Estar\u00eda bueno que si hablan, por lo menos lo hagan con fundamento.<br \/>CIAO! https:\/\/t.co\/hFmcoVgx6s<\/p>\n<p>\u2014 Javier Milei (@JMilei) <a rel=\"nofollow\" target=\"_blank\" href=\"https:\/\/twitter.com\/JMilei\/status\/1890015925602258953?ref_src=twsrc%5Etfw\">February 13, 2025<\/a><\/p><\/blockquote>\n<\/div>\n<div class=\"sc-80531b6b-0 chRIGJ container-text text-embed\">\n<p>Luego de que Mar\u00eda Becerra apuntara contra el Gobierno Nacional por no lograr terminar con los incendios que afectan a la provincia de R\u00edo Negro, Javier Milei no dud\u00f3 en contestarle a trav\u00e9s de sus redes sociales.<\/p>\n<\/div>\n<div class=\"sc-80531b6b-0 chRIGJ container-text text-embed\">\n<p>En su cuenta de X (ex Twitter), el dirigente libertario escribi\u00f3 un posteo en el que le contesta de manera directa a la cantante y <strong>la compara con su colega, Lali Esp\u00f3sito<\/strong>, quien tambi\u00e9n ha tenido varios cruces con el Gobierno.<\/p>\n<\/div>\n<div class=\"sc-80531b6b-0 chRIGJ container-text text-embed\">\n<p>Ya al comienzo de su tuit, Milei cambi\u00f3 el apellido de la artista por <strong>&#8220;BCRA&#8221;<\/strong>, en referencia al Banco Central de la Rep\u00fablica Argentina.<\/p>\n<\/div>\n<div class=\"sc-198be8ec-0 cynXbu image-embed  image-embed \"><picture class=\"sc-198be8ec-1 kOjRiQ\"><source media=\"(min-width: 975px)\" width=\"720\" height=\"480\" \/><img alt=\"El posteo que comparti\u00f3 Javier Milei contra Mar\u00eda Becerra. Foto: Instagram\" loading=\"lazy\" width=\"720\" height=\"480\" decoding=\"async\" data-nimg=\"1\" style=\"color:transparent\" src=\"https:\/\/13.com.ar\/wp-content\/uploads\/2025\/02\/La-fuerte-respuesta-de-Javier-Milei-contra-Maria-Becerra-luego.jpg\"\/><span class=\"epigraphe\">El posteo que comparti\u00f3 Javier Milei contra Mar\u00eda Becerra. Foto: Instagram<\/span><span class=\"bkg\"\/><span class=\"picture-open\"><button class=\"open-image\" aria-label=\"Open Image\"\/><\/span><\/picture><\/div>\n<div class=\"sc-80531b6b-0 chRIGJ container-text text-embed\">\n<p>&#8220;Parece que<strong> Mar\u00eda BCRA<\/strong> no se enter\u00f3 del despliegue enorme que se est\u00e1 haciendo desde el Gobierno Nacional en la lucha contra el fuego&#8221;, critic\u00f3 al Presidente.<\/p>\n<\/div>\n<div class=\"sc-80531b6b-0 chRIGJ container-text text-embed\">\n<p>Y luego la compar\u00f3 con Mariana Esp\u00f3sito: &#8220;Debe ser como <strong>Ladri Dep\u00f3sito<\/strong> que habla seg\u00fan quien le llena el bolsillo. Estar\u00eda bueno que si hablan,<strong> por lo menos lo hagan con fundamento<\/strong>. CIAO!&#8221;.<\/p>\n<\/div>\n<\/div>\n<p><script async src=\"\/\/platform.twitter.com\/widgets.js\" charset=\"utf-8\"><\/script><br \/>\n<br \/><br \/>\n<br \/><a href=\"https:\/\/www.clarin.com\/fama\/lali-esposito-refirio-criticas-javier-milei-maria-becerra-delirante_0_ZWJbgch80R.html\">Fuente Clarin.com <\/a><\/p>\n","protected":false},"excerpt":{"rendered":"<p>La artista ya le hab\u00eda enviado su apoyo a Mar\u00eda al compartir una de sus canciones en sus historias de Instagram. Sin embargo, ahora fue abordada por Puro Show (El Trece) y opin\u00f3 en detalle sobre lo ocurrido. &#8220;La banco a muerte a Mar\u00eda. Una laburante, una n\u00famero uno, r\u00e9cord de gente que la va [&hellip;]<\/p>\n","protected":false},"author":1,"featured_media":2240,"comment_status":"open","ping_status":"open","sticky":false,"template":"","format":"standard","meta":{"footnotes":""},"categories":[2],"tags":[2808,835,2761,6629,2806,273,2805,48,2807,77,3652],"class_list":["post-4607","post","type-post","status-publish","format-standard","has-post-thumbnail","hentry","category-ultimas-noticias","tag-becerra","tag-contra","tag-criticas","tag-delirante","tag-esposito","tag-javier","tag-lali","tag-las","tag-maria","tag-milei","tag-refirio"],"_links":{"self":[{"href":"https:\/\/13.com.ar\/index.php\/wp-json\/wp\/v2\/posts\/4607","targetHints":{"allow":["GET"]}}],"collection":[{"href":"https:\/\/13.com.ar\/index.php\/wp-json\/wp\/v2\/posts"}],"about":[{"href":"https:\/\/13.com.ar\/index.php\/wp-json\/wp\/v2\/types\/post"}],"author":[{"embeddable":true,"href":"https:\/\/13.com.ar\/index.php\/wp-json\/wp\/v2\/users\/1"}],"replies":[{"embeddable":true,"href":"https:\/\/13.com.ar\/index.php\/wp-json\/wp\/v2\/comments?post=4607"}],"version-history":[{"count":0,"href":"https:\/\/13.com.ar\/index.php\/wp-json\/wp\/v2\/posts\/4607\/revisions"}],"wp:featuredmedia":[{"embeddable":true,"href":"https:\/\/13.com.ar\/index.php\/wp-json\/wp\/v2\/media\/2240"}],"wp:attachment":[{"href":"https:\/\/13.com.ar\/index.php\/wp-json\/wp\/v2\/media?parent=4607"}],"wp:term":[{"taxonomy":"category","embeddable":true,"href":"https:\/\/13.com.ar\/index.php\/wp-json\/wp\/v2\/categories?post=4607"},{"taxonomy":"post_tag","embeddable":true,"href":"https:\/\/13.com.ar\/index.php\/wp-json\/wp\/v2\/tags?post=4607"}],"curies":[{"name":"wp","href":"https:\/\/api.w.org\/{rel}","templated":true}]}}