{"id":45919,"date":"2025-07-28T10:24:03","date_gmt":"2025-07-28T13:24:03","guid":{"rendered":"https:\/\/13.com.ar\/index.php\/milei-se-prepara-para-vetar-la-suba-a-jubilados-y-los-fondos-por-discapacidad-y-refrenar-el-desafio-opositor-en-el-congreso\/"},"modified":"2025-07-28T10:24:03","modified_gmt":"2025-07-28T13:24:03","slug":"milei-se-prepara-para-vetar-la-suba-a-jubilados-y-los-fondos-por-discapacidad-y-refrenar-el-desafio-opositor-en-el-congreso","status":"publish","type":"post","link":"https:\/\/13.com.ar\/index.php\/milei-se-prepara-para-vetar-la-suba-a-jubilados-y-los-fondos-por-discapacidad-y-refrenar-el-desafio-opositor-en-el-congreso\/","title":{"rendered":"Milei se prepara para vetar la suba a jubilados y los fondos por discapacidad, y refrenar el desaf\u00edo opositor en el Congreso"},"content":{"rendered":"<p> <br \/>\n<br \/><img decoding=\"async\" src=\"https:\/\/13.com.ar\/wp-content\/uploads\/2025\/07\/Milei-se-prepara-para-vetar-la-suba-a-jubilados-y.jpg\" \/><\/p>\n<div id=\"element-body-0\">\n<p>Con el avance del a\u00f1o electoral, el Gobierno <strong>perdi\u00f3 la agenda en el Congreso y enfrenta el desaf\u00edo de resistir la presi\u00f3n opositora<\/strong> hasta fin de a\u00f1o. Despu\u00e9s de los reveses que acumul\u00f3 en las \u00faltimas semanas, el presidente Javier <strong>Milei se alista para vetar en los pr\u00f3ximos d\u00edas<\/strong> los proyectos que dispusieron un aumento de las jubilaciones, la extensi\u00f3n de la moratoria previsional y la emergencia en discapacidad con el argumento de que ponen en riesgo el super\u00e1vit fiscal. <\/p>\n<\/div>\n<div id=\"element-body-1\">\n<p>Para ese objetivo desde el Ejecutivo comenzaron a evaluar la alternativa de ofrecer algunos <strong>gestos hacia los gobernadores <\/strong>en la apuesta de consolidar el tercio que le permitir\u00eda <strong>sostener los vetos en el Congreso <\/strong>y a la par contener la ofensiva opositora. <\/p>\n<\/div>\n<div id=\"element-body-2\">\n<p>Hay algunas se\u00f1ales en ese sentido: en Diputados esperaban poder sesionar este mi\u00e9rcoles para obligar al libertario Jos\u00e9 Luis Espert a debatir en su comisi\u00f3n los proyectos que incrementan los <strong>fondos a las provincias<\/strong> y darle, adem\u00e1s, media sanci\u00f3n a los dict\u00e1menes que forzaron por Garrahan y el Financiamiento Universitario. Pero entre la<strong> descoordinaci\u00f3n de la oposici\u00f3n y la falta de empuje de los gobernadores, la posibilidad de sesionar el 30 qued\u00f3 descartada<\/strong>. Ahora apuntan a la primera semana de agosto, cuando se espera que lleguen tambi\u00e9n los vetos, pero en gran medida la definici\u00f3n depender\u00e1 de la posici\u00f3n que asuman los mandatarios provinciales.<\/p>\n<\/div>\n<div id=\"element-body-3\">\n<p>El balance legislativo del primer semestre del a\u00f1o no ha sido todo lo favorable que auguraba la administraci\u00f3n libertaria en pleno verano. Si bien durante las extraordinarias el oficialismo se llev\u00f3 el logro de conseguir <strong>suspender las PASO y aprobar las leyes de reincidencia y reiterancia<\/strong> -dos puntos clave del paquete de Seguridad- una vez que empez\u00f3 el <strong>per\u00edodo ordinario, en marzo, el impulso se fren\u00f3.<\/strong><\/p>\n<\/div>\n<div id=\"element-body-4\">\n<p>Desde que empez\u00f3 el per\u00edodo de sesiones ordinarias de marzo la Rosada no consigui\u00f3 a\u00fan que se apruebe ninguna ley propia y vio rechazados los pliegos de los jueces de la Corte propuestos por el Presidente, aunque s\u00ed <strong>pudo ratificar el DNU de deuda con el FMI.<\/strong><\/p>\n<\/div>\n<div id=\"element-body-5\">\n<p>La <strong>agenda la domin\u00f3 la oposici\u00f3n<\/strong>, que en los \u00faltimos meses aceler\u00f3 su ofensiva. A principio de mes el Senado convirti\u00f3 en ley los proyectos de suba de jubilaciones y la Emergencia en Discapacidad. Ahora se espera el veto del presidente Javier Milei y uno de sus desaf\u00edos m\u00e1s dif\u00edciles: blindarlos en el Congreso.<\/p>\n<\/div>\n<div id=\"element-body-6\">\n<p>A diferencia del a\u00f1o pasado, hoy el Gobierno no tiene asegurados a los &#8220;87 h\u00e9roes&#8221; en Diputados y debe buscarlos; una haza\u00f1a dif\u00edcil despu\u00e9s de que los gobernadores se pusieran en pie de de guerra por los fondos para sus provincias. Sin embargo, como cont\u00f3 Clar\u00edn, el jefe de Gabinete, Guillermo Francos se est\u00e1 encargando de aceitar relaciones . <strong>Ser\u00e1 clave c\u00f3mo cierren los armados electorales de las provincias.<\/strong><\/p>\n<\/div>\n<div id=\"element-body-7\">\n<p>Tambi\u00e9n ser\u00e1 decisivo c\u00f3mo repercuta la interna del PRO. Como cont\u00f3 Clar\u00edn, cuando se vot\u00f3 el proyecto de aumento jubilatorio hubo un voto a favor, del cordob\u00e9s Hector Baldassi del PRO, y 9 sugerentes abstenciones ligadas en la mayor\u00eda de los casos a diputados cercanos a Mauricio Macri. <\/p>\n<\/div>\n<div id=\"element-body-8\">\n<p>De acuerdo a un informe de la consultora La Sastrer\u00eda, el ex presidente Ra\u00fal Alfons\u00edn vet\u00f3 49 veces, y perdi\u00f3 s\u00f3lo 1 insistencia. Carlos Menem vet\u00f3 195 y perdi\u00f3 30. Fernando De la R\u00faa vet\u00f3 46, perdi\u00f3 5. N\u00e9stor Kirchner vet\u00f3 39, Cristina Fern\u00e1ndez de Kirchner vet\u00f3 21 y Mauricio Macri 8, pero ninguno de ellos perdi\u00f3 en las insistencias. Milei, hasta ahora vet\u00f3 dos veces, temas sensibles como Jubilados y Universidades pero consigui\u00f3 ratificar ambos.<\/p>\n<\/div>\n<div id=\"element-body-9\">\n<p>En la \u00faltima sesi\u00f3n , el Senado le dio media sanci\u00f3n a los dos proyectos motorizados en conjunto por todos los mandatarios provinciales: se trata del proyecto que busca automatizar el env\u00edo de ATN a los distritos y coparticipar lo recaudado por el Impuesto a los Combustibles.<\/p>\n<\/div>\n<div id=\"element-body-10\">\n<p>Ahora ambos textos est\u00e1n en Diputados. Mart\u00edn Menem los gir\u00f3 a las comisiones de Presupuesto y Energ\u00eda, presididas ambas por libertarios. Por eso en la pr\u00f3xima sesi\u00f3n la oposici\u00f3n pretende votar un emplazamiento para obligarlos a tratar el tema.<\/p>\n<\/div>\n<div id=\"element-body-11\">\n<p><strong>No son los \u00fanicos penales que La Libertad Avanza tiene que atajar<\/strong>. En Diputados dieron este mes dictamen a otros dos proyectos que intentar\u00e1n someter a votaci\u00f3n en el recinto cuanto antes<strong>: la emergencia en pediatr\u00eda y residencias y el financiamiento universitario.<\/strong><\/p>\n<\/div>\n<div id=\"element-body-12\">\n<p>Por si fuera poco, desde principio de a\u00f1o <strong>est\u00e1 latente la amenaza por la investigaci\u00f3n del caso $LIBRA<\/strong>. La oposici\u00f3n ya logr\u00f3 una interpelaci\u00f3n al jefe de gabinete Guillermo Francos y la creaci\u00f3n de la comisi\u00f3n investigadora, aunque el oficialismo con intervenci\u00f3n del presidente de la C\u00e1mara, Mart\u00edn Menem, mantiene frenada.<\/p>\n<\/div>\n<div id=\"element-body-14\">\n<p>El gran desaf\u00edo por delante del Gobierno ser\u00e1 el Presupuesto. Milei est\u00e1 gobernando con el Presupuesto de Sergio Massa dise\u00f1ado en 2022 para 2023. Desde ese momento se prorrog\u00f3 por decreto dos veces, la \u00faltima vez ni siquiera se lleg\u00f3 a discutir en el recinto. Ahora el oficialismo quiere -y ser\u00eda una buena se\u00f1al para el FMI- que el Congreso lo apruebe.<\/p>\n<\/div>\n<div id=\"element-body-15\">\n<p>El mes pasado el ministerio de Econom\u00eda envi\u00f3 al Congreso el adelanto del proyecto que plantea para lo que resta de este a\u00f1o, que el d\u00f3lar oficial cerrar\u00e1 en $1.229, que proyecta una inflaci\u00f3n interanual del 22,7% en diciembre y una mayor presi\u00f3n impositiva.<\/p>\n<\/div>\n<div id=\"element-body-16\">\n<p>El avance del Presupuesto tambi\u00e9n calcula que la econom\u00eda crecer\u00e1 un 5,5% en 2025, despu\u00e9s de registrar una ca\u00edda del 1,7% en 2024<\/p>\n<\/div>\n<div id=\"element-body-17\">\n<p>De acuerdo a un informe de Directorio Legislativo en lo que va del a\u00f1o, entre el 1 de enero y el 30 de junio, se presentaron en el Congreso de la Naci\u00f3n 1.422 proyectos de ley, entre los de los legisladores y los enviados por el Ejecutivo. Solo 57 llegaron a tener dictamen de comisi\u00f3n, 29 lograron media sanci\u00f3n y ocho se convirtieron en ley.<\/p>\n<\/div>\n<p><br \/>\n<br \/><a href=\"https:\/\/www.clarin.com\/politica\/milei-prepara-vetar-suba-jubilados-fondos-discapacidad-refrenar-desafio-opositor-congreso_0_pBXsstbBET.html\">Fuente Clarin.com <\/a><\/p>\n","protected":false},"excerpt":{"rendered":"<p>Con el avance del a\u00f1o electoral, el Gobierno perdi\u00f3 la agenda en el Congreso y enfrenta el desaf\u00edo de resistir la presi\u00f3n opositora hasta fin de a\u00f1o. Despu\u00e9s de los reveses que acumul\u00f3 en las \u00faltimas semanas, el presidente Javier Milei se alista para vetar en los pr\u00f3ximos d\u00edas los proyectos que dispusieron un aumento [&hellip;]<\/p>\n","protected":false},"author":1,"featured_media":45920,"comment_status":"open","ping_status":"open","sticky":false,"template":"","format":"standard","meta":{"footnotes":""},"categories":[2],"tags":[2010,559,9753,2452,2560,28,77,4612,16,142,4480,24758,778,18909],"class_list":["post-45919","post","type-post","status-publish","format-standard","has-post-thumbnail","hentry","category-ultimas-noticias","tag-congreso","tag-desafio","tag-discapacidad","tag-fondos","tag-jubilados","tag-los","tag-milei","tag-opositor","tag-para","tag-por","tag-prepara","tag-refrenar","tag-suba","tag-vetar"],"_links":{"self":[{"href":"https:\/\/13.com.ar\/index.php\/wp-json\/wp\/v2\/posts\/45919","targetHints":{"allow":["GET"]}}],"collection":[{"href":"https:\/\/13.com.ar\/index.php\/wp-json\/wp\/v2\/posts"}],"about":[{"href":"https:\/\/13.com.ar\/index.php\/wp-json\/wp\/v2\/types\/post"}],"author":[{"embeddable":true,"href":"https:\/\/13.com.ar\/index.php\/wp-json\/wp\/v2\/users\/1"}],"replies":[{"embeddable":true,"href":"https:\/\/13.com.ar\/index.php\/wp-json\/wp\/v2\/comments?post=45919"}],"version-history":[{"count":0,"href":"https:\/\/13.com.ar\/index.php\/wp-json\/wp\/v2\/posts\/45919\/revisions"}],"wp:featuredmedia":[{"embeddable":true,"href":"https:\/\/13.com.ar\/index.php\/wp-json\/wp\/v2\/media\/45920"}],"wp:attachment":[{"href":"https:\/\/13.com.ar\/index.php\/wp-json\/wp\/v2\/media?parent=45919"}],"wp:term":[{"taxonomy":"category","embeddable":true,"href":"https:\/\/13.com.ar\/index.php\/wp-json\/wp\/v2\/categories?post=45919"},{"taxonomy":"post_tag","embeddable":true,"href":"https:\/\/13.com.ar\/index.php\/wp-json\/wp\/v2\/tags?post=45919"}],"curies":[{"name":"wp","href":"https:\/\/api.w.org\/{rel}","templated":true}]}}