{"id":45913,"date":"2025-07-28T10:09:03","date_gmt":"2025-07-28T13:09:03","guid":{"rendered":"https:\/\/13.com.ar\/index.php\/de-cuanto-es-el-salario-minimo-en-santa-cruz-en-julio-2025\/"},"modified":"2025-07-28T10:09:03","modified_gmt":"2025-07-28T13:09:03","slug":"de-cuanto-es-el-salario-minimo-en-santa-cruz-en-julio-2025","status":"publish","type":"post","link":"https:\/\/13.com.ar\/index.php\/de-cuanto-es-el-salario-minimo-en-santa-cruz-en-julio-2025\/","title":{"rendered":"\u00bfDe cu\u00e1nto es el salario m\u00ednimo en Santa Cruz en julio 2025?"},"content":{"rendered":"<p> <br \/>\n<br \/><img decoding=\"async\" src=\"https:\/\/13.com.ar\/wp-content\/uploads\/2025\/07\/\u00bfDe-cuanto-es-el-salario-minimo-en-Santa-Cruz-en.jpg\" \/><\/p>\n<div id=\"element-body-0\">\n<p>En julio de 2025, el <strong>Salario M\u00ednimo, Vital y M\u00f3vil<\/strong> (SMVM) contin\u00faa con el esquema de aumentos escalonados definido a nivel nacional, en el marco del cronograma vigente desde abril. Esta actualizaci\u00f3n impacta en los ingresos de trabajadores registrados y en diversos programas sociales. \u00bfDe cu\u00e1nto es el SMVM en <strong>Santa Cruz<\/strong> en el s\u00e9ptimo mes del a\u00f1o?<\/p>\n<\/div>\n<div id=\"element-body-1\">\n<p>En julio, <strong>el haber m\u00ednimo qued\u00f3 establecido en $317.800 mensuales y $1.589 por hora.<\/strong> Para agosto, el piso salarial aumentar\u00e1 a $322.000 y $1.610 respectivamente. Estos valores, definidos a nivel nacional, alcanzan tanto a trabajadores del sector p\u00fablico como del privado.<\/p>\n<\/div>\n<div id=\"element-body-2\">\n<p>Este salario m\u00ednimo tambi\u00e9n sirve como par\u00e1metro para calcular beneficios sociales como el Potenciar Trabajo y las asignaciones familiares. Aunque las provincias pueden fijar montos mayores, el <strong>SMVM <\/strong>nacional act\u00faa como umbral obligatorio en todo el pa\u00eds.<\/p>\n<\/div>\n<div id=\"element-body-4\">\n<p>El esquema de aumentos comenz\u00f3 en abril, cuando el salario m\u00ednimo era de $302.600. Desde entonces, se aplican actualizaciones mensuales con el objetivo de sostener el poder de compra frente a un escenario econ\u00f3mico de inflaci\u00f3n moderada.<\/p>\n<\/div>\n<p><h2>Qu\u00e9 es el Consejo del Salario M\u00ednimo, Vital y M\u00f3vil, sus funciones, miembros y facultades<\/h2>\n<\/p>\n<div id=\"element-body-6\">\n<p>El <strong>Consejo Nacional del Empleo, la Productividad y el Salario M\u00ednimo, Vital y M\u00f3vil<\/strong> es un \u00e1mbito institucional permanente de di\u00e1logo entre representantes de los trabajadores, empleadores, el Estado Nacional y el Consejo Federal del Trabajo (gobiernos provinciales).<\/p>\n<\/div>\n<div id=\"element-body-7\">\n<p>El SMVM impacta en unos 6 millones de trabajadores formales, pero tambi\u00e9n tiene influencia en los valores de referencia del sector informal. En efecto, el Consejo establece no s\u00f3lo este dato, sino tambi\u00e9n los m\u00ednimos y los m\u00e1ximos de la prestaci\u00f3n por desempleo y analiza el valor de la canasta b\u00e1sica para las familias de todo el pa\u00eds.<\/p>\n<\/div>\n<div id=\"element-body-9\">\n<p>El presidente del Consejo emite las directivas para el mejor funcionamiento de las comisiones y distribuye las tareas entre ellas. Las comisiones deben recabar informaci\u00f3n para el cumplimiento de las funciones del Consejo, realizar estudios, estad\u00edsticas y consultas para elevar al plenario las recomendaciones que consideren pertinentes, las que deber\u00e1n adoptarse por unanimidad de sus integrantes.<\/p>\n<\/div>\n<div id=\"element-body-10\">\n<p>Entre sus principales funciones, determinan peri\u00f3dicamente el salario m\u00ednimo vital y m\u00f3vil, montos m\u00ednimos y m\u00e1ximos de la prestaci\u00f3n, aprueban los lineamientos, metodolog\u00eda, pautas y normas para definir una canasta b\u00e1sica de referencia para determinar <strong>SMVM <\/strong>y proponen medidas para incrementar la producci\u00f3n y la productividad.<\/p>\n<\/div>\n<div id=\"element-body-12\">\n<p>En julio de 2025, los estatales de <strong>Santa\u202fCruz <\/strong>siguen sin nuevos aumentos salariales. El Gobierno provincial no aplic\u00f3 ajustes m\u00e1s all\u00e1 de los ya vigentes en junio. Mientras tanto, los sueldos corrientes se mantienen, sin impacto por inflaci\u00f3n reciente ni incrementos extras este mes.<\/p>\n<\/div>\n<div id=\"element-body-13\">\n<p>Las negociaciones paritarias contin\u00faan abiertas. En la reuni\u00f3n del 26 de junio, los gremios <strong>APAP, ATE y UPCN<\/strong> exigieron paritarias reactivadas y propusieron aumentos escalonados del 20\u202f% al 30\u202f%, m\u00e1s mejoras por antig\u00fcedad y c\u00f3digos espec\u00edficos. El Gobierno prometi\u00f3 presentar una oferta el 3 de julio, aunque todav\u00eda no trascendieron las novedades del encuentro.<\/p>\n<\/div>\n<div id=\"element-body-15\">\n<p>En caso de no prosperar, los gremios anticiparon profundizar medidas de fuerza, incluso paro provincial. ATE ya anunci\u00f3 un paro de 72 horas a inicios de julio, exigiendo una recomposici\u00f3n salarial que tome en cuenta la inflaci\u00f3n acumulada y evite una brecha salarial creciente.<\/p>\n<\/div>\n<p><br \/>\n<br \/><a href=\"https:\/\/www.clarin.com\/informacion-general\/salario-minimo-santa-cruz-julio-2025_0_YJFH0k0Ohj.html\">Fuente Clarin.com <\/a><\/p>\n","protected":false},"excerpt":{"rendered":"<p>En julio de 2025, el Salario M\u00ednimo, Vital y M\u00f3vil (SMVM) contin\u00faa con el esquema de aumentos escalonados definido a nivel nacional, en el marco del cronograma vigente desde abril. Esta actualizaci\u00f3n impacta en los ingresos de trabajadores registrados y en diversos programas sociales. \u00bfDe cu\u00e1nto es el SMVM en Santa Cruz en el s\u00e9ptimo [&hellip;]<\/p>\n","protected":false},"author":1,"featured_media":45914,"comment_status":"open","ping_status":"open","sticky":false,"template":"","format":"standard","meta":{"footnotes":""},"categories":[2],"tags":[1469,448,2704,5951,10410,4311],"class_list":["post-45913","post","type-post","status-publish","format-standard","has-post-thumbnail","hentry","category-ultimas-noticias","tag-cruz","tag-cuanto","tag-julio","tag-minimo","tag-salario","tag-santa"],"_links":{"self":[{"href":"https:\/\/13.com.ar\/index.php\/wp-json\/wp\/v2\/posts\/45913","targetHints":{"allow":["GET"]}}],"collection":[{"href":"https:\/\/13.com.ar\/index.php\/wp-json\/wp\/v2\/posts"}],"about":[{"href":"https:\/\/13.com.ar\/index.php\/wp-json\/wp\/v2\/types\/post"}],"author":[{"embeddable":true,"href":"https:\/\/13.com.ar\/index.php\/wp-json\/wp\/v2\/users\/1"}],"replies":[{"embeddable":true,"href":"https:\/\/13.com.ar\/index.php\/wp-json\/wp\/v2\/comments?post=45913"}],"version-history":[{"count":0,"href":"https:\/\/13.com.ar\/index.php\/wp-json\/wp\/v2\/posts\/45913\/revisions"}],"wp:featuredmedia":[{"embeddable":true,"href":"https:\/\/13.com.ar\/index.php\/wp-json\/wp\/v2\/media\/45914"}],"wp:attachment":[{"href":"https:\/\/13.com.ar\/index.php\/wp-json\/wp\/v2\/media?parent=45913"}],"wp:term":[{"taxonomy":"category","embeddable":true,"href":"https:\/\/13.com.ar\/index.php\/wp-json\/wp\/v2\/categories?post=45913"},{"taxonomy":"post_tag","embeddable":true,"href":"https:\/\/13.com.ar\/index.php\/wp-json\/wp\/v2\/tags?post=45913"}],"curies":[{"name":"wp","href":"https:\/\/api.w.org\/{rel}","templated":true}]}}