{"id":45911,"date":"2025-07-28T10:00:12","date_gmt":"2025-07-28T13:00:12","guid":{"rendered":"https:\/\/13.com.ar\/index.php\/cumplio-100-anos-leica-una-maquina-fotografica-de-culto\/"},"modified":"2025-07-28T10:00:12","modified_gmt":"2025-07-28T13:00:12","slug":"cumplio-100-anos-leica-una-maquina-fotografica-de-culto","status":"publish","type":"post","link":"https:\/\/13.com.ar\/index.php\/cumplio-100-anos-leica-una-maquina-fotografica-de-culto\/","title":{"rendered":"Cumpli\u00f3 100 a\u00f1os Leica, una m\u00e1quina fotogr\u00e1fica de culto"},"content":{"rendered":"<p> <br \/>\n<br \/><img decoding=\"async\" src=\"https:\/\/13.com.ar\/wp-content\/uploads\/2025\/07\/Cumplio-100-anos-Leica-una-maquina-fotografica-de-culto.jpg\" \/><\/p>\n<div id=\"element-body-1\">\n<p><strong>El famoso rostro del Che Guevara<\/strong>, la ni\u00f1a desnuda y aterrorizada en la calle tras un bombardeo de napalm en Vietnam, el miliciano espa\u00f1ol asesinado a tiros, James Dean envuelto en un abrigo oscuro bajo la lluvia en Nueva York, la imagen borrosa de soldados estadounidenses en la playa del desembarco de Normand\u00eda, el pu\u00f1o de Cassius Clay en primer plano, <strong>soldados rusos izando su bandera sobre el Reichstag en el Berl\u00edn liberado<\/strong>,<strong> el marinero besando a la enfermera en Times Square<\/strong> como s\u00edmbolo del fin de la guerra.<\/p>\n<\/div>\n<div id=\"element-body-3\">\n<p>Estos son algunos de los momentos memorables de un siglo de historia capturados por <strong>Leica, la legendaria c\u00e1mara<\/strong> que revolucion\u00f3 la narrativa visual y acompa\u00f1\u00f3 la vida de grandes maestros de la fotograf\u00eda, desde Alberto Korda hasta Henri Cartier-Bresson, Robert Capa, Elliott Erwitt, Gianni Berengo Gardin, Sebastiao Salgado y Steve McCurry. <\/p>\n<\/div>\n<div id=\"element-body-4\">\n<p>La primera c\u00e1mara de 35 mm producida en serie, m\u00e1s pr\u00e1ctica y f\u00e1cil de manejar, se present\u00f3 hace exactamente un siglo en la Feria de Primavera de Leipzig.<\/p>\n<\/div>\n<div id=\"element-body-5\">\n<p>El ingeniero \u00f3ptico Oskar Barnack trabaj\u00f3 en ella durante a\u00f1os, perfeccion\u00e1ndola en la f\u00e1brica de Leitz en Wetzlar, a 60 kil\u00f3metros de Fr\u00e1ncfort. <\/p>\n<\/div>\n<div id=\"element-body-7\">\n<p>La ciudad alemana celebr\u00f3 el aniversario especial de Leica (bautizada en honor a Ernst Leitz, fundador de la empresa que posteriormente la produjo, y de Camera, c\u00e1mara) durante una semana a finales de junio pasado con tres grandes exposiciones abiertas hasta septiembre, eventos, un preestreno del documental &#8220;Leica, un siglo de visi\u00f3n&#8221;, con algunos de los fot\u00f3grafos m\u00e1s destacados de nuestro tiempo, y una subasta de una de las c\u00e1maras m\u00e1s raras de la historia, <strong>la Leica Serie 0 n\u00famero 112 de 1923, vendida por 7,2 millones de euros.<\/strong><\/p>\n<\/div>\n<div id=\"element-body-9\">\n<p>Bajo el lema &#8220;Cien a\u00f1os de Leica: Testigo de un siglo&#8221;, las celebraciones de la c\u00e1mara tambi\u00e9n incluyen eventos en Dub\u00e1i, Mil\u00e1n, Nueva York, Shangh\u00e1i y Tokio, con proyectos culturales y ediciones especiales del producto, como la Leica M11 100 a\u00f1os de Leica &#8220;Wetzlar Alemania&#8221;, <strong>limitada a cien unidades.<\/strong><\/p>\n<\/div>\n<div id=\"element-body-10\">\n<p>&#8220;La fotograf\u00eda, como medio, es una extensi\u00f3n tecnol\u00f3gica de la humanidad. Por ello, Leica fue fundamental en la evoluci\u00f3n de la expresi\u00f3n fotogr\u00e1fica en el siglo XX, teniendo un profundo impacto en el fotoperiodismo y la fotograf\u00eda de reportaje&#8221;, declar\u00f3 Giovanni Fiorentino, profesor de Sociolog\u00eda de los Procesos Culturales y de la Comunicaci\u00f3n en la Universidad de Tuscia y presidente de la Sociedad Italiana para el Estudio de la Fotograf\u00eda (SISF).<\/p>\n<\/div>\n<div id=\"element-body-11\">\n<p>Peque\u00f1a, f\u00e1cil de manejar y capaz de tomar fotos secuenciales con rapidez y precisi\u00f3n, &#8220;la Leica ayud\u00f3 a transformar la fotograf\u00eda en una forma de narraci\u00f3n visual inmediata y personal. Permiti\u00f3 una nueva libertad de expresi\u00f3n al situar el objetivo en el centro de la acci\u00f3n&#8221;, apunt\u00f3 el experto.<\/p>\n<\/div>\n<div id=\"element-body-14\">\n<p>Mucho antes de la era del fotoperiodismo \u00e9pico, observa el profesor, fot\u00f3grafos como Ilse Bing y Andr\u00e9 Kert\u00e9sz demostraron que esta c\u00e1mara pod\u00eda convertirse en una extensi\u00f3n de la mirada, ideal para explorar la modernidad urbana, la vida cotidiana y la experimentaci\u00f3n formal. <\/p>\n<\/div>\n<div id=\"element-body-15\">\n<p>&#8220;La Leica se usaba para ver de otra manera, incluso antes de usarse para documentar. La &#8216;mirada port\u00e1til&#8217; allan\u00f3 el camino para el fotoperiodismo y la fotograf\u00eda humanista de las d\u00e9cadas siguientes&#8221;, ampli\u00f3.<\/p>\n<\/div>\n<div id=\"element-body-16\">\n<p>Ilse Bing, recuerda Fiorentino, fue una de las primeras fot\u00f3grafas en usar sistem\u00e1ticamente la Leica para la fotograf\u00eda de arte, calle y moda; experiment\u00f3 con \u00e1ngulos inusuales, geometr\u00edas urbanas y fuertes contrastes. <\/p>\n<\/div>\n<div id=\"element-body-18\">\n<p>Su Autorretrato con Leica (1931) &#8220;representa una imagen poderosa y muy moderna para la \u00e9poca: la fot\u00f3grafa se refleja en el espejo apunt\u00e1ndose con la Leica, un gesto extraordinario de conciencia profesional para una mujer de la d\u00e9cada de 1930&#8221;.<\/p>\n<\/div>\n<div id=\"element-body-19\">\n<p>La Leica se adopt\u00f3 en contextos muy diversos, &#8220;para romper con la fotograf\u00eda est\u00e1tica del pasado y generar un lenguaje din\u00e1mico y moderno&#8221;, explica el profesor, citando a Alexander Rodchenko, figura clave del constructivismo ruso, y a Lucia Moholy, esposa de L\u00e1szl\u00f3 Moholy-Nagy, intelectual vinculado a la Bauhaus y una de las primeras mujeres en utilizar la fotograf\u00eda como documentaci\u00f3n activa del pensamiento arquitect\u00f3nico y art\u00edstico moderno. <\/p>\n<\/div>\n<p><br \/>\n<br \/><a href=\"https:\/\/www.clarin.com\/internacional\/cumplio-100-anos-leica-maquina-fotografica-culto_0_jkTi0aBLcl.html\">Fuente Clarin.com <\/a><\/p>\n","protected":false},"excerpt":{"rendered":"<p>El famoso rostro del Che Guevara, la ni\u00f1a desnuda y aterrorizada en la calle tras un bombardeo de napalm en Vietnam, el miliciano espa\u00f1ol asesinado a tiros, James Dean envuelto en un abrigo oscuro bajo la lluvia en Nueva York, la imagen borrosa de soldados estadounidenses en la playa del desembarco de Normand\u00eda, el pu\u00f1o [&hellip;]<\/p>\n","protected":false},"author":1,"featured_media":45912,"comment_status":"open","ping_status":"open","sticky":false,"template":"","format":"standard","meta":{"footnotes":""},"categories":[2],"tags":[636,9274,194,24756,24755,4261,73],"class_list":["post-45911","post","type-post","status-publish","format-standard","has-post-thumbnail","hentry","category-ultimas-noticias","tag-anos","tag-culto","tag-cumplio","tag-fotografica","tag-leica","tag-maquina","tag-una"],"_links":{"self":[{"href":"https:\/\/13.com.ar\/index.php\/wp-json\/wp\/v2\/posts\/45911","targetHints":{"allow":["GET"]}}],"collection":[{"href":"https:\/\/13.com.ar\/index.php\/wp-json\/wp\/v2\/posts"}],"about":[{"href":"https:\/\/13.com.ar\/index.php\/wp-json\/wp\/v2\/types\/post"}],"author":[{"embeddable":true,"href":"https:\/\/13.com.ar\/index.php\/wp-json\/wp\/v2\/users\/1"}],"replies":[{"embeddable":true,"href":"https:\/\/13.com.ar\/index.php\/wp-json\/wp\/v2\/comments?post=45911"}],"version-history":[{"count":0,"href":"https:\/\/13.com.ar\/index.php\/wp-json\/wp\/v2\/posts\/45911\/revisions"}],"wp:featuredmedia":[{"embeddable":true,"href":"https:\/\/13.com.ar\/index.php\/wp-json\/wp\/v2\/media\/45912"}],"wp:attachment":[{"href":"https:\/\/13.com.ar\/index.php\/wp-json\/wp\/v2\/media?parent=45911"}],"wp:term":[{"taxonomy":"category","embeddable":true,"href":"https:\/\/13.com.ar\/index.php\/wp-json\/wp\/v2\/categories?post=45911"},{"taxonomy":"post_tag","embeddable":true,"href":"https:\/\/13.com.ar\/index.php\/wp-json\/wp\/v2\/tags?post=45911"}],"curies":[{"name":"wp","href":"https:\/\/api.w.org\/{rel}","templated":true}]}}