{"id":45909,"date":"2025-07-28T09:57:07","date_gmt":"2025-07-28T12:57:07","guid":{"rendered":"https:\/\/13.com.ar\/index.php\/asesinaron-a-un-reconocido-historiador-en-una-entradera-a-su-casa-en-jose-c-paz\/"},"modified":"2025-07-28T09:57:07","modified_gmt":"2025-07-28T12:57:07","slug":"asesinaron-a-un-reconocido-historiador-en-una-entradera-a-su-casa-en-jose-c-paz","status":"publish","type":"post","link":"https:\/\/13.com.ar\/index.php\/asesinaron-a-un-reconocido-historiador-en-una-entradera-a-su-casa-en-jose-c-paz\/","title":{"rendered":"Asesinaron a un reconocido historiador en una entradera a su casa en Jos\u00e9 C. Paz"},"content":{"rendered":"<p> <br \/>\n<br \/><img decoding=\"async\" src=\"https:\/\/13.com.ar\/wp-content\/uploads\/2025\/07\/Asesinaron-a-un-reconocido-historiador-en-una-entradera-a-su.jpg\" \/><\/p>\n<div id=\"element-body-0\">\n<p>Una <strong>entradera <\/strong>a una casa en <strong>Jos\u00e9 C. Paz<\/strong> tuvo el peor de los desenlaces: fue encontrado un hombre de 75 a\u00f1os muerto por asfixia. El hecho policial tom\u00f3 transcendencia cuando se conoci\u00f3 el nombre de la v\u00edctima fatal: Alberto Julio Fern\u00e1ndez. Se trata de un reconocido historiador que fue director del Museo Hist\u00f3rico Municipal &#8220;Jos\u00e9 Altube&#8221;, en ese partido del oeste del Gran Buenos Aires.<\/p>\n<\/div>\n<div id=\"element-body-1\">\n<p>El violento hecho tuvo un impacto inmediato en el \u00e1mbito acad\u00e9mico, la cultura y tambi\u00e9n en las redes. El propio intendente pace\u00f1o, Mario Ishii, firm\u00f3 un comunicado oficial desde el municipio lamentando el suceso. &#8220;Mis respetuosas condolencias a familiares y amigos&#8221;, dice el comunicado oficial.<\/p>\n<\/div>\n<div id=\"element-body-2\">\n<p>Fern\u00e1ndez fue encontrado en el interior de su casa el domingo por la ma\u00f1ana, luego de que vecinos alertaran a la Polic\u00eda. Estaba ahorcado. La primera de las hip\u00f3tesis, tras el avance de la investigaci\u00f3n, es que se trat\u00f3 de un homicidio mientras ten\u00eda lugar el robo de su casa ubicada en la manzana 9 del barrio Alfonsina Storni. &#8220;Fue una entradera&#8221;, anticip\u00f3 una fuente policial a medios locales.<\/p>\n<\/div>\n<div id=\"element-body-4\">\n<p>Fern\u00e1ndez fue encontrado ahorcado con una bufanda y con su ropa baja. Present\u00f3 un hematoma en uno de sus ojos, aparentemente producto de un golpe.<\/p>\n<\/div>\n<p><br \/>\n<br \/><a href=\"https:\/\/www.clarin.com\/policiales\/asesinaron-reconocido-historiador-entradera-casa-jose-c-paz_0_aScvcoEIWv.html\">Fuente Clarin.com <\/a><\/p>\n","protected":false},"excerpt":{"rendered":"<p>Una entradera a una casa en Jos\u00e9 C. Paz tuvo el peor de los desenlaces: fue encontrado un hombre de 75 a\u00f1os muerto por asfixia. El hecho policial tom\u00f3 transcendencia cuando se conoci\u00f3 el nombre de la v\u00edctima fatal: Alberto Julio Fern\u00e1ndez. Se trata de un reconocido historiador que fue director del Museo Hist\u00f3rico Municipal [&hellip;]<\/p>\n","protected":false},"author":1,"featured_media":45910,"comment_status":"open","ping_status":"open","sticky":false,"template":"","format":"standard","meta":{"footnotes":""},"categories":[2],"tags":[1146,108,11292,17604,3473,1309,1315,73],"class_list":["post-45909","post","type-post","status-publish","format-standard","has-post-thumbnail","hentry","category-ultimas-noticias","tag-asesinaron","tag-casa","tag-entradera","tag-historiador","tag-jose","tag-paz","tag-reconocido","tag-una"],"_links":{"self":[{"href":"https:\/\/13.com.ar\/index.php\/wp-json\/wp\/v2\/posts\/45909","targetHints":{"allow":["GET"]}}],"collection":[{"href":"https:\/\/13.com.ar\/index.php\/wp-json\/wp\/v2\/posts"}],"about":[{"href":"https:\/\/13.com.ar\/index.php\/wp-json\/wp\/v2\/types\/post"}],"author":[{"embeddable":true,"href":"https:\/\/13.com.ar\/index.php\/wp-json\/wp\/v2\/users\/1"}],"replies":[{"embeddable":true,"href":"https:\/\/13.com.ar\/index.php\/wp-json\/wp\/v2\/comments?post=45909"}],"version-history":[{"count":0,"href":"https:\/\/13.com.ar\/index.php\/wp-json\/wp\/v2\/posts\/45909\/revisions"}],"wp:featuredmedia":[{"embeddable":true,"href":"https:\/\/13.com.ar\/index.php\/wp-json\/wp\/v2\/media\/45910"}],"wp:attachment":[{"href":"https:\/\/13.com.ar\/index.php\/wp-json\/wp\/v2\/media?parent=45909"}],"wp:term":[{"taxonomy":"category","embeddable":true,"href":"https:\/\/13.com.ar\/index.php\/wp-json\/wp\/v2\/categories?post=45909"},{"taxonomy":"post_tag","embeddable":true,"href":"https:\/\/13.com.ar\/index.php\/wp-json\/wp\/v2\/tags?post=45909"}],"curies":[{"name":"wp","href":"https:\/\/api.w.org\/{rel}","templated":true}]}}