{"id":45905,"date":"2025-07-28T09:50:55","date_gmt":"2025-07-28T12:50:55","guid":{"rendered":"https:\/\/13.com.ar\/index.php\/filmaron-a-un-elefante-armado-y-con-casco-en-una-marcha\/"},"modified":"2025-07-28T09:50:55","modified_gmt":"2025-07-28T12:50:55","slug":"filmaron-a-un-elefante-armado-y-con-casco-en-una-marcha","status":"publish","type":"post","link":"https:\/\/13.com.ar\/index.php\/filmaron-a-un-elefante-armado-y-con-casco-en-una-marcha\/","title":{"rendered":"Filmaron a un elefante armado y con casco en una marcha"},"content":{"rendered":"<p> <br \/>\n<br \/><img decoding=\"async\" src=\"https:\/\/13.com.ar\/wp-content\/uploads\/2025\/07\/Filmaron-a-un-elefante-armado-y-con-casco-en-una.jpg\" \/><\/p>\n<div id=\"element-body-0\">\n<p>En redes sociales se ha viralizado un video que muestra a un elefante desfilando por una calle en Tailandia, <strong>portando un casco, un arma autom\u00e1tica y con un jinete montado.<\/strong><\/p>\n<\/div>\n<div id=\"element-body-1\">\n<p>El animal luce un uniforme decorado con la bandera del pa\u00eds y la inscripci\u00f3n <strong>\u201cSoldado tailand\u00e9s\u201d<\/strong> en un costado, lo que ha despertado gran sorpresa entre los usuarios por lo inusual de la imagen, informa <em>Canal2tv.<\/em><\/p>\n<\/div>\n<div id=\"element-body-2\">\n<blockquote class=\"twitter-tweet\" data-media-max-width=\"560\">\n<p lang=\"en\" dir=\"ltr\">Thai elephant troops brave the rain to support the front line <a rel=\"nofollow\" target=\"_blank\" href=\"https:\/\/t.co\/DFJT1TFMhI\">pic.twitter.com\/DFJT1TFMhI<\/a><\/p>\n<p>\u2014 Jason Lim (@jas0nsg) <a rel=\"nofollow\" target=\"_blank\" href=\"https:\/\/twitter.com\/jas0nsg\/status\/1948722730406477949?ref_src=twsrc%5Etfw\">July 25, 2025<\/a><\/p><\/blockquote><\/div>\n<div id=\"element-body-3\">\n<p>La escena no solo muestra al elefante principal, sino que tambi\u00e9n est\u00e1 acompa\u00f1ado por otros elefantes, todos en una formaci\u00f3n que parece corresponder a una marcha organizada.<\/p>\n<\/div>\n<div id=\"element-body-4\">\n<p>El video ha generado diversas reacciones en redes sociales, desde admiraci\u00f3n por la coordinaci\u00f3n y disciplina. Por ahora, las autoridades no han emitido un pronunciamiento oficial sobre el motivo o contexto exacto del desfile.<\/p>\n<\/div>\n<p><script async src=\"\/\/platform.twitter.com\/widgets.js\" charset=\"utf-8\"><\/script><br \/>\n<br \/><br \/>\n<br \/><a href=\"https:\/\/www.clarin.com\/internacional\/filmaron-elefante-armado-casco-marcha_0_G3IDDMsJus.html\">Fuente Clarin.com <\/a><\/p>\n","protected":false},"excerpt":{"rendered":"<p>En redes sociales se ha viralizado un video que muestra a un elefante desfilando por una calle en Tailandia, portando un casco, un arma autom\u00e1tica y con un jinete montado. El animal luce un uniforme decorado con la bandera del pa\u00eds y la inscripci\u00f3n \u201cSoldado tailand\u00e9s\u201d en un costado, lo que ha despertado gran sorpresa [&hellip;]<\/p>\n","protected":false},"author":1,"featured_media":45906,"comment_status":"open","ping_status":"open","sticky":false,"template":"","format":"standard","meta":{"footnotes":""},"categories":[2],"tags":[4410,7903,18,16163,845,1126,73],"class_list":["post-45905","post","type-post","status-publish","format-standard","has-post-thumbnail","hentry","category-ultimas-noticias","tag-armado","tag-casco","tag-con","tag-elefante","tag-filmaron","tag-marcha","tag-una"],"_links":{"self":[{"href":"https:\/\/13.com.ar\/index.php\/wp-json\/wp\/v2\/posts\/45905","targetHints":{"allow":["GET"]}}],"collection":[{"href":"https:\/\/13.com.ar\/index.php\/wp-json\/wp\/v2\/posts"}],"about":[{"href":"https:\/\/13.com.ar\/index.php\/wp-json\/wp\/v2\/types\/post"}],"author":[{"embeddable":true,"href":"https:\/\/13.com.ar\/index.php\/wp-json\/wp\/v2\/users\/1"}],"replies":[{"embeddable":true,"href":"https:\/\/13.com.ar\/index.php\/wp-json\/wp\/v2\/comments?post=45905"}],"version-history":[{"count":0,"href":"https:\/\/13.com.ar\/index.php\/wp-json\/wp\/v2\/posts\/45905\/revisions"}],"wp:featuredmedia":[{"embeddable":true,"href":"https:\/\/13.com.ar\/index.php\/wp-json\/wp\/v2\/media\/45906"}],"wp:attachment":[{"href":"https:\/\/13.com.ar\/index.php\/wp-json\/wp\/v2\/media?parent=45905"}],"wp:term":[{"taxonomy":"category","embeddable":true,"href":"https:\/\/13.com.ar\/index.php\/wp-json\/wp\/v2\/categories?post=45905"},{"taxonomy":"post_tag","embeddable":true,"href":"https:\/\/13.com.ar\/index.php\/wp-json\/wp\/v2\/tags?post=45905"}],"curies":[{"name":"wp","href":"https:\/\/api.w.org\/{rel}","templated":true}]}}