{"id":45903,"date":"2025-07-28T09:47:55","date_gmt":"2025-07-28T12:47:55","guid":{"rendered":"https:\/\/13.com.ar\/index.php\/por-que-todo-sale-mal-y-como-cambiar-esa-realidad\/"},"modified":"2025-07-28T09:47:55","modified_gmt":"2025-07-28T12:47:55","slug":"por-que-todo-sale-mal-y-como-cambiar-esa-realidad","status":"publish","type":"post","link":"https:\/\/13.com.ar\/index.php\/por-que-todo-sale-mal-y-como-cambiar-esa-realidad\/","title":{"rendered":"Por qu\u00e9 todo sale mal y c\u00f3mo cambiar esa realidad"},"content":{"rendered":"<p> <br \/>\n<br \/><img decoding=\"async\" src=\"https:\/\/13.com.ar\/wp-content\/uploads\/2025\/07\/Por-que-todo-sale-mal-y-como-cambiar-esa-realidad.jpg\" \/><\/p>\n<div id=\"element-body-0\">\n<p>Seg\u00fan la <em>Organizaci\u00f3n Mundial de la Salud<\/em>, millones de personas en el mundo viven con ansiedad o depresi\u00f3n. En la Argentina, uno de cada cinco adultos ha sentido s\u00edntomas relacionados con la salud mental en el \u00faltimo a\u00f1o. En muchos casos, <strong>esa sensaci\u00f3n de \u201ctodo va mal\u201d<\/strong> es una forma en la que nuestra mente nos est\u00e1 pidiendo ayuda.<\/p>\n<\/div>\n<div id=\"element-body-1\">\n<p>No siempre se trata de hechos concretos. Muchas veces, <strong>lo que sentimos viene de c\u00f3mo interpretamos lo que nos pasa<\/strong>. Experiencias de la infancia, el estr\u00e9s diario o, incluso, la costumbre de querer tener todo bajo control, pueden hacer que veamos los problemas m\u00e1s grandes de lo que realmente son. As\u00ed, un mal d\u00eda puede parecer una mala racha interminable.<\/p>\n<\/div>\n<div id=\"element-body-2\">\n<p>Seg\u00fan estudios recientes, arrastrar este tipo de pensamientos de forma constante puede afectar no solo el \u00e1nimo, sino tambi\u00e9n nuestras relaciones, el trabajo y la calidad de vida.<\/p>\n<\/div>\n<div id=\"element-body-3\">\n<p>La buena noticia es que hay formas de salir de esa sensaci\u00f3n y cambiar la mirada. <strong>Entender por qu\u00e9 sentimos que todo sale mal <\/strong>es el primer paso. En esta nota, cu\u00e1les son las causas m\u00e1s comunes de este pensamiento y qu\u00e9 hacer para empezar a revertirlo.<\/p>\n<\/div>\n<div id=\"element-body-5\">\n<p>Seg\u00fan el sitio <em>Mundo Psic\u00f3logos<\/em>, cuando sentimos que todo va mal, solemos pensar que estamos<strong> en una mala racha<\/strong>. Pero muchas veces, esta sensaci\u00f3n responde a factores m\u00e1s profundos que tienen que ver con nuestra historia personal, nuestras emociones y la forma en que interpretamos lo que nos ocurre.<\/p>\n<\/div>\n<div id=\"element-body-6\">\n<p>Comprender por qu\u00e9 llegamos a sentir que todo sale mal es el primer paso para revertir esa percepci\u00f3n.<\/p>\n<\/div>\n<div id=\"element-body-7\">\n<p>A continuaci\u00f3n, te contamos<strong> cinco posibles causas detr\u00e1s de esta sensaci\u00f3n<\/strong> y diez herramientas concretas para empezar a cambiar la mirada y recuperar el equilibrio.<\/p>\n<\/div>\n<div id=\"element-body-9\">\n<p><strong>5 razones por las que sentimos que todo nos sale mal:<\/strong><\/p>\n<\/div>\n<div id=\"element-body-10\">\n<p><strong>1.\tHaber atravesado situaciones traum\u00e1ticas.<\/strong> Experiencias dolorosas no resueltas, especialmente durante la infancia, pueden generar una visi\u00f3n pesimista de la vida, activando pensamientos catastr\u00f3ficos y una tendencia a esperar lo peor.<\/p>\n<\/div>\n<div id=\"element-body-11\">\n<p><strong>2.\tEntornos inestables en la ni\u00f1ez. <\/strong>Crecimientos marcados por la incertidumbre o con cuidadores emocionalmente inaccesibles pueden derivar en una necesidad excesiva de control, dificultando la adaptaci\u00f3n a los cambios naturales de la vida adulta.<\/p>\n<\/div>\n<div id=\"element-body-12\">\n<p><strong>3.\tTrastornos de ansiedad o TOC. <\/strong>Quienes conviven con trastornos de ansiedad generalizada o con s\u00edntomas obsesivo-compulsivos suelen tener una baja tolerancia a la incertidumbre, lo que refuerza la idea de que &#8220;todo sale mal&#8221; ante cualquier imprevisto.<\/p>\n<\/div>\n<div id=\"element-body-13\">\n<p><strong>4.\tTrastornos de personalidad.<\/strong> Algunas condiciones psicol\u00f3gicas, como el trastorno l\u00edmite de la personalidad (TLP), pueden provocar reacciones extremas ante el miedo al rechazo o al abandono, generando un estado emocional inestable y autocr\u00edtico.<\/p>\n<\/div>\n<div id=\"element-body-14\">\n<p><strong>5.\tPatrones de comportamiento aprendidos<\/strong>. En algunos casos, no existe un trastorno subyacente, pero s\u00ed una forma de pensar adquirida. La repetici\u00f3n de ciertos discursos negativos durante a\u00f1os puede moldear nuestra manera de interpretar la realidad.<\/p>\n<\/div>\n<div id=\"element-body-17\">\n<p><strong>1.\tRecord\u00e1 que todo es transitorio. <\/strong>Pensar que los malos momentos son eternos solo refuerza la negatividad. Reconocer que toda situaci\u00f3n, por dif\u00edcil que sea, tambi\u00e9n pasar\u00e1, ayuda a reducir el peso emocional.<\/p>\n<\/div>\n<div id=\"element-body-18\">\n<p><strong>2.\tEnfocate en lo que pod\u00e9s controlar. <\/strong>Intentar controlar lo incontrolable solo incrementa la frustraci\u00f3n. Lo m\u00e1s eficaz es centrarte en las decisiones, h\u00e1bitos o acciones que s\u00ed est\u00e1n en tus manos.<\/p>\n<\/div>\n<div id=\"element-body-19\">\n<p><strong>3.\tRevis\u00e1 tu actitud frente a los problemas.<\/strong> Aunque no puedas cambiar lo que sucede, siempre pod\u00e9s elegir c\u00f3mo responder. Ajustar tu actitud es una forma concreta de tomar las riendas.<\/p>\n<\/div>\n<div id=\"element-body-20\">\n<p><strong>4.\tModific\u00e1 tu perspectiva. <\/strong>Lo que hoy parece un obst\u00e1culo inmenso puede perder importancia con el tiempo. Pensar a mediano y largo plazo ayuda a relativizar las situaciones presentes.<\/p>\n<\/div>\n<div id=\"element-body-21\">\n<p><strong>5.\tConfianza en tus recursos internos. <\/strong>Creer en tu capacidad de afrontar momentos dif\u00edciles te brinda mayor fortaleza emocional y resiliencia.<\/p>\n<\/div>\n<div id=\"element-body-23\">\n<p><strong>6.\tBusc\u00e1 aprendizajes en la adversidad. <\/strong>Toda experiencia, incluso la m\u00e1s inc\u00f3moda, puede dejar una ense\u00f1anza. Identificarla transforma el dolor en crecimiento.<\/p>\n<\/div>\n<div id=\"element-body-24\">\n<p><strong>7.\tAcept\u00e1 la incertidumbre como parte de la vida. <\/strong>No todo puede planificarse o anticiparse. Aceptar esto puede resultar liberador y clave para reducir el estr\u00e9s.<\/p>\n<\/div>\n<div id=\"element-body-25\">\n<p><strong>8.\tReforz\u00e1 tu memoria emocional positiva. <\/strong>Traer a la mente situaciones del pasado en las que superaste momentos complicados fortalece tu autoestima y te recuerda que s\u00ed pod\u00e9s salir adelante.<\/p>\n<\/div>\n<div id=\"element-body-26\">\n<p><strong>9.\tCuidate m\u00e1s y mejor.<\/strong> Dorm\u00ed bien, alimentate saludablemente, realiz\u00e1 actividad f\u00edsica y dedic\u00e1 tiempo a vos. El bienestar f\u00edsico tiene impacto directo en tu estado an\u00edmico.<\/p>\n<\/div>\n<div id=\"element-body-27\">\n<p><strong>10.\tPed\u00ed ayuda sin verg\u00fcenza.<\/strong> Buscar apoyo en tu entorno o iniciar un proceso con un psic\u00f3logo no es un signo de debilidad, sino un acto de valent\u00eda y compromiso con tu salud mental.<\/p>\n<\/div>\n<p><br \/>\n<br \/><a href=\"https:\/\/www.clarin.com\/internacional\/sale-mal-cambiar-realidad_0_ldbpwS3G6B.html\">Fuente Clarin.com <\/a><\/p>\n","protected":false},"excerpt":{"rendered":"<p>Seg\u00fan la Organizaci\u00f3n Mundial de la Salud, millones de personas en el mundo viven con ansiedad o depresi\u00f3n. En la Argentina, uno de cada cinco adultos ha sentido s\u00edntomas relacionados con la salud mental en el \u00faltimo a\u00f1o. En muchos casos, esa sensaci\u00f3n de \u201ctodo va mal\u201d es una forma en la que nuestra mente [&hellip;]<\/p>\n","protected":false},"author":1,"featured_media":45904,"comment_status":"open","ping_status":"open","sticky":false,"template":"","format":"standard","meta":{"footnotes":""},"categories":[2],"tags":[1150,66,1020,628,142,286,4389,449,24],"class_list":["post-45903","post","type-post","status-publish","format-standard","has-post-thumbnail","hentry","category-ultimas-noticias","tag-cambiar","tag-como","tag-esa","tag-mal","tag-por","tag-que","tag-realidad","tag-sale","tag-todo"],"_links":{"self":[{"href":"https:\/\/13.com.ar\/index.php\/wp-json\/wp\/v2\/posts\/45903","targetHints":{"allow":["GET"]}}],"collection":[{"href":"https:\/\/13.com.ar\/index.php\/wp-json\/wp\/v2\/posts"}],"about":[{"href":"https:\/\/13.com.ar\/index.php\/wp-json\/wp\/v2\/types\/post"}],"author":[{"embeddable":true,"href":"https:\/\/13.com.ar\/index.php\/wp-json\/wp\/v2\/users\/1"}],"replies":[{"embeddable":true,"href":"https:\/\/13.com.ar\/index.php\/wp-json\/wp\/v2\/comments?post=45903"}],"version-history":[{"count":0,"href":"https:\/\/13.com.ar\/index.php\/wp-json\/wp\/v2\/posts\/45903\/revisions"}],"wp:featuredmedia":[{"embeddable":true,"href":"https:\/\/13.com.ar\/index.php\/wp-json\/wp\/v2\/media\/45904"}],"wp:attachment":[{"href":"https:\/\/13.com.ar\/index.php\/wp-json\/wp\/v2\/media?parent=45903"}],"wp:term":[{"taxonomy":"category","embeddable":true,"href":"https:\/\/13.com.ar\/index.php\/wp-json\/wp\/v2\/categories?post=45903"},{"taxonomy":"post_tag","embeddable":true,"href":"https:\/\/13.com.ar\/index.php\/wp-json\/wp\/v2\/tags?post=45903"}],"curies":[{"name":"wp","href":"https:\/\/api.w.org\/{rel}","templated":true}]}}