{"id":45891,"date":"2025-07-28T08:23:57","date_gmt":"2025-07-28T11:23:57","guid":{"rendered":"https:\/\/13.com.ar\/index.php\/que-dice-el-pronostico-del-servicio-meteorologico-este-lunes-28-de-julio\/"},"modified":"2025-07-28T08:23:57","modified_gmt":"2025-07-28T11:23:57","slug":"que-dice-el-pronostico-del-servicio-meteorologico-este-lunes-28-de-julio","status":"publish","type":"post","link":"https:\/\/13.com.ar\/index.php\/que-dice-el-pronostico-del-servicio-meteorologico-este-lunes-28-de-julio\/","title":{"rendered":"qu\u00e9 dice el pron\u00f3stico del Servicio Meteorol\u00f3gico este lunes 28 de julio"},"content":{"rendered":"<p> <br \/>\n<br \/><img decoding=\"async\" src=\"https:\/\/13.com.ar\/wp-content\/uploads\/2025\/07\/que-dice-el-pronostico-del-Servicio-Meteorologico-este-lunes-28.jpg\" \/><\/p>\n<div id=\"element-body-0\">\n<p>La \u00faltima semana de julio comenz\u00f3 con fr\u00edo. Y se espera que la m\u00ednima en CABA y el Gran Buenos Aires se mantenga algunos d\u00edas por debajo de los 10 grados. Pero la tendencia se revertir\u00e1 pronto. Otra buena noticia: en la Ciudad y el Conurbano <strong>no hay agua a la vista<\/strong>.<\/p>\n<\/div>\n<div id=\"element-body-1\">\n<p>Este lunes amaneci\u00f3 mayormente nublado, con viento desde el R\u00edo de la Plata que se hac\u00eda sentir y obligaba a llevar campera. Se mantendr\u00e1 de esa manera hasta que, a la noche, se descubra un poco el cielo y pase a estar parcialmente nublado. La temperatura m\u00ednima es de 8 grados y la m\u00e1xima llegar\u00e1 a 14, seg\u00fan el pron\u00f3stico del Servicio Meteorol\u00f3gico Nacional (SMN).<\/p>\n<\/div>\n<div id=\"element-body-2\">\n<p>El martes, el term\u00f3metro se mover\u00e1 entre los mismos valores, aunque con una invitada que ya anduvo de visita en el AMBA: la neblina por la ma\u00f1ana. Un d\u00eda despu\u00e9s comenzar\u00e1 a moverse la temperatura. La m\u00ednima subir\u00e1 a 9 grados y la m\u00e1xima llegar\u00e1 a 17.<\/p>\n<\/div>\n<div id=\"element-body-3\">\n<p>Ese ser\u00e1 el anuncio de la tendencia para el resto de los d\u00edas. Es que el jueves el term\u00f3metro ir\u00e1 desde los 12 grados a los 16, el viernes se ubicar\u00e1 entre 13 y 17 grados y el s\u00e1bado la oscilar\u00e1 entre 14 y 18 grados. El viento seguir\u00e1 sinti\u00e9ndose a lo largo de esos d\u00edas, aunque soplar\u00e1 desde el norte.<\/p>\n<\/div>\n<div id=\"element-body-4\">\n<p>Dos noticias, una mala y una buena. La mala es que el cielo estar\u00e1 nublado desde el mi\u00e9rcoles a la tarde y el sol reci\u00e9n se asomar\u00e1 el s\u00e1bado. La buena: no hay pron\u00f3stico de lluvias, apenas una probabilidad de precipitaciones de 10% el viernes. <\/p>\n<\/div>\n<div id=\"element-body-5\">\n<p>El domingo volver\u00e1 a estar nublado, aunque la m\u00ednima seguir\u00e1 por encima de los 10 grados y la m\u00e1xima llegar\u00e1 a 17 grados.<\/p>\n<\/div>\n<div id=\"element-body-7\">\n<p>A diferencia del domingo, cuando hubo 13 provincias bajo alerta, este lunes son apenas tres las que mantienen vigente avisos del SMN. <\/p>\n<\/div>\n<div id=\"element-body-9\">\n<p>Se trata de de la zona cordillerana del sur de Neuqu\u00e9n, el oeste de R\u00edo Negro y el oeste de Chubut. En todas ellas rige un alerta amarillo por lluvia. Se esperan &#8220;posibles fen\u00f3menos meteorol\u00f3gicos con capacidad de da\u00f1o y riesgo de interrupci\u00f3n moment\u00e1nea de actividades cotidianas&#8221;.<\/p>\n<\/div>\n<div id=\"element-body-10\">\n<p>Con el correr de las horas, la situaci\u00f3n podr\u00eda pasar a naranja, especialmente en R\u00edo Negro. En ese caso, podr\u00edan registrarse &#8220;fen\u00f3menos meteorol\u00f3gicos peligrosos para la sociedad, la vida, los bienes y el medio ambiente&#8221;.<\/p>\n<\/div>\n<p><br \/>\n<br \/><a href=\"https:\/\/www.clarin.com\/ciudades\/semana-lluvias-vista-temperatura-ascenso-dice-pronostico-servicio-meteorologico-lunes-28-julio_0_j76VFSS4XS.html\">Fuente Clarin.com <\/a><\/p>\n","protected":false},"excerpt":{"rendered":"<p>La \u00faltima semana de julio comenz\u00f3 con fr\u00edo. Y se espera que la m\u00ednima en CABA y el Gran Buenos Aires se mantenga algunos d\u00edas por debajo de los 10 grados. Pero la tendencia se revertir\u00e1 pronto. Otra buena noticia: en la Ciudad y el Conurbano no hay agua a la vista. Este lunes amaneci\u00f3 [&hellip;]<\/p>\n","protected":false},"author":1,"featured_media":45892,"comment_status":"open","ping_status":"open","sticky":false,"template":"","format":"standard","meta":{"footnotes":""},"categories":[2],"tags":[100,655,139,2704,2928,19772,9376,286,654],"class_list":["post-45891","post","type-post","status-publish","format-standard","has-post-thumbnail","hentry","category-ultimas-noticias","tag-del","tag-dice","tag-este","tag-julio","tag-lunes","tag-meteorologico","tag-pronostico","tag-que","tag-servicio"],"_links":{"self":[{"href":"https:\/\/13.com.ar\/index.php\/wp-json\/wp\/v2\/posts\/45891","targetHints":{"allow":["GET"]}}],"collection":[{"href":"https:\/\/13.com.ar\/index.php\/wp-json\/wp\/v2\/posts"}],"about":[{"href":"https:\/\/13.com.ar\/index.php\/wp-json\/wp\/v2\/types\/post"}],"author":[{"embeddable":true,"href":"https:\/\/13.com.ar\/index.php\/wp-json\/wp\/v2\/users\/1"}],"replies":[{"embeddable":true,"href":"https:\/\/13.com.ar\/index.php\/wp-json\/wp\/v2\/comments?post=45891"}],"version-history":[{"count":0,"href":"https:\/\/13.com.ar\/index.php\/wp-json\/wp\/v2\/posts\/45891\/revisions"}],"wp:featuredmedia":[{"embeddable":true,"href":"https:\/\/13.com.ar\/index.php\/wp-json\/wp\/v2\/media\/45892"}],"wp:attachment":[{"href":"https:\/\/13.com.ar\/index.php\/wp-json\/wp\/v2\/media?parent=45891"}],"wp:term":[{"taxonomy":"category","embeddable":true,"href":"https:\/\/13.com.ar\/index.php\/wp-json\/wp\/v2\/categories?post=45891"},{"taxonomy":"post_tag","embeddable":true,"href":"https:\/\/13.com.ar\/index.php\/wp-json\/wp\/v2\/tags?post=45891"}],"curies":[{"name":"wp","href":"https:\/\/api.w.org\/{rel}","templated":true}]}}