{"id":45889,"date":"2025-07-28T08:21:07","date_gmt":"2025-07-28T11:21:07","guid":{"rendered":"https:\/\/13.com.ar\/index.php\/camboya-y-tailandia-acuerda-un-alto-el-fuego-inmediato-e-incondicional-tras-cuatro-dias-de-enfrentamientos\/"},"modified":"2025-07-28T08:21:07","modified_gmt":"2025-07-28T11:21:07","slug":"camboya-y-tailandia-acuerda-un-alto-el-fuego-inmediato-e-incondicional-tras-cuatro-dias-de-enfrentamientos","status":"publish","type":"post","link":"https:\/\/13.com.ar\/index.php\/camboya-y-tailandia-acuerda-un-alto-el-fuego-inmediato-e-incondicional-tras-cuatro-dias-de-enfrentamientos\/","title":{"rendered":"Camboya y Tailandia acuerda un alto el fuego &#8220;inmediato e incondicional&#8221; tras cuatro d\u00edas de enfrentamientos"},"content":{"rendered":"<p> <br \/>\n<br \/><img decoding=\"async\" src=\"https:\/\/13.com.ar\/wp-content\/uploads\/2025\/07\/Camboya-y-Tailandia-acuerda-un-alto-el-fuego-inmediato-e.jpg\" \/><\/p>\n<div id=\"element-body-0\">\n<p><strong>Camboya y Tailandia acordaron un alto el fuego<\/strong> inmediato e incondicional tras las conversaciones de paz llevadas a cabo este lunes en Malasia.<\/p>\n<\/div>\n<div id=\"element-body-1\">\n<p>El l\u00edder de Malasia, Anwar Ibrahim, afirm\u00f3 que el alto el fuego entrar\u00eda en vigor a partir de la medianoche de este lunes, hora local, y a\u00f1adi\u00f3: &#8220;Este es un primer paso vital para la desescalada y el restablecimiento de la paz y la seguridad&#8221;.<\/p>\n<\/div>\n<div id=\"element-body-3\">\n<p>Al menos 33 personas han muerto y miles han sido desplazadas desde el 24 de julio, cuando se intensificaron los combates tras meses de tensi\u00f3n.<\/p>\n<\/div>\n<div id=\"element-body-4\">\n<p>Las conversaciones se celebraron despu\u00e9s de que el presidente estadounidense, Donald Trump, solicitara a ambas naciones que acordaran un alto el fuego como condici\u00f3n previa a sus respectivas negociaciones comerciales con Washington.<\/p>\n<\/div>\n<div id=\"element-body-6\">\n<p>La disputa entre los dos pa\u00edses del sudeste asi\u00e1tico se remonta a m\u00e1s de un siglo, cuando se trazaron sus fronteras tras la ocupaci\u00f3n francesa de Camboya.<\/p>\n<\/div>\n<p><br \/>\n<br \/><a href=\"https:\/\/www.clarin.com\/mundo\/camboya-tailandia-acuerda-alto-fuego-inmediato-incondicional-dias-enfrentamientos_0_OI2PX7HGQj.html\">Fuente Clarin.com <\/a><\/p>\n","protected":false},"excerpt":{"rendered":"<p>Camboya y Tailandia acordaron un alto el fuego inmediato e incondicional tras las conversaciones de paz llevadas a cabo este lunes en Malasia. El l\u00edder de Malasia, Anwar Ibrahim, afirm\u00f3 que el alto el fuego entrar\u00eda en vigor a partir de la medianoche de este lunes, hora local, y a\u00f1adi\u00f3: &#8220;Este es un primer paso [&hellip;]<\/p>\n","protected":false},"author":1,"featured_media":45890,"comment_status":"open","ping_status":"open","sticky":false,"template":"","format":"standard","meta":{"footnotes":""},"categories":[2],"tags":[12854,4195,24565,1932,500,10619,853,24752,8912,5842,312],"class_list":["post-45889","post","type-post","status-publish","format-standard","has-post-thumbnail","hentry","category-ultimas-noticias","tag-acuerda","tag-alto","tag-camboya","tag-cuatro","tag-dias","tag-enfrentamientos","tag-fuego","tag-incondicional","tag-inmediato","tag-tailandia","tag-tras"],"_links":{"self":[{"href":"https:\/\/13.com.ar\/index.php\/wp-json\/wp\/v2\/posts\/45889","targetHints":{"allow":["GET"]}}],"collection":[{"href":"https:\/\/13.com.ar\/index.php\/wp-json\/wp\/v2\/posts"}],"about":[{"href":"https:\/\/13.com.ar\/index.php\/wp-json\/wp\/v2\/types\/post"}],"author":[{"embeddable":true,"href":"https:\/\/13.com.ar\/index.php\/wp-json\/wp\/v2\/users\/1"}],"replies":[{"embeddable":true,"href":"https:\/\/13.com.ar\/index.php\/wp-json\/wp\/v2\/comments?post=45889"}],"version-history":[{"count":0,"href":"https:\/\/13.com.ar\/index.php\/wp-json\/wp\/v2\/posts\/45889\/revisions"}],"wp:featuredmedia":[{"embeddable":true,"href":"https:\/\/13.com.ar\/index.php\/wp-json\/wp\/v2\/media\/45890"}],"wp:attachment":[{"href":"https:\/\/13.com.ar\/index.php\/wp-json\/wp\/v2\/media?parent=45889"}],"wp:term":[{"taxonomy":"category","embeddable":true,"href":"https:\/\/13.com.ar\/index.php\/wp-json\/wp\/v2\/categories?post=45889"},{"taxonomy":"post_tag","embeddable":true,"href":"https:\/\/13.com.ar\/index.php\/wp-json\/wp\/v2\/tags?post=45889"}],"curies":[{"name":"wp","href":"https:\/\/api.w.org\/{rel}","templated":true}]}}