{"id":45887,"date":"2025-07-28T08:14:58","date_gmt":"2025-07-28T11:14:58","guid":{"rendered":"https:\/\/13.com.ar\/index.php\/prendas-clave-para-ir-abrigada-canchera-y-sin-exagerar\/"},"modified":"2025-07-28T08:14:58","modified_gmt":"2025-07-28T11:14:58","slug":"prendas-clave-para-ir-abrigada-canchera-y-sin-exagerar","status":"publish","type":"post","link":"https:\/\/13.com.ar\/index.php\/prendas-clave-para-ir-abrigada-canchera-y-sin-exagerar\/","title":{"rendered":"prendas clave para ir abrigada, canchera y sin exagerar"},"content":{"rendered":"<p> <br \/>\n<br \/><img decoding=\"async\" src=\"https:\/\/13.com.ar\/wp-content\/uploads\/2025\/07\/prendas-clave-para-ir-abrigada-canchera-y-sin-exagerar.jpg\" \/><\/p>\n<div id=\"element-body-0\">\n<p>Los <strong>looks para un d\u00eda de campo<\/strong> no son fijos. Elegir<strong> c\u00f3mo vestirse<\/strong> para la ocasi\u00f3n<strong> no se trata \u00fanicamente de comodidad<\/strong>, sino tambi\u00e9n de <strong>encontrar prendas que reflejen el estilo personal<\/strong> de cada uno. La clave es estar <strong>abrigada y canchera<\/strong>, sin caer en excesos.<\/p>\n<\/div>\n<div id=\"element-body-1\">\n<p>El objetivo es armar un <strong>outfit funcional<\/strong>,<strong> adaptado a las condiciones del d\u00eda<\/strong>, sin renunciar a tu estilo. Con estas pautas, vas a poder disfrutar del campo sinti\u00e9ndote c\u00f3moda y a la moda.<\/p>\n<\/div>\n<div id=\"element-body-3\">\n<p>El primer paso para elegir el atuendo adecuado es<strong> pensar en la comodidad<\/strong>. Los d\u00edas de campo<strong> suelen ser impredecibles en cuanto a clima<\/strong>, por lo que la versatilidad en las prendas es esencial.<\/p>\n<\/div>\n<div id=\"element-body-10\">\n<p>Para los <strong>d\u00edas m\u00e1s fr\u00edos<\/strong>, es fundamental<strong> contar con prendas adicionales <\/strong>para abrigarte, sin perder tu estilo personal. Si tu d\u00eda de campo cae en una temporada m\u00e1s fr\u00eda, considera agregar estas opciones a tu look:<\/p>\n<\/div>\n<div id=\"element-body-15\">\n<p>Este tipo de elecci\u00f3n no solo te mantendr\u00e1 c\u00f3moda y abrigada, sino que tambi\u00e9n<strong> permitir\u00e1 que tu estilo se luzca sin perder de vista la funcionalidad<\/strong>.<\/p>\n<\/div>\n<p><br \/>\n<br \/><a href=\"https:\/\/www.clarin.com\/informacion-general\/vestir-dia-campo-prendas-clave-ir-abrigada-canchera-exagerar_0_bcJgutySfp.html\">Fuente Clarin.com <\/a><\/p>\n","protected":false},"excerpt":{"rendered":"<p>Los looks para un d\u00eda de campo no son fijos. Elegir c\u00f3mo vestirse para la ocasi\u00f3n no se trata \u00fanicamente de comodidad, sino tambi\u00e9n de encontrar prendas que reflejen el estilo personal de cada uno. La clave es estar abrigada y canchera, sin caer en excesos. El objetivo es armar un outfit funcional, adaptado a [&hellip;]<\/p>\n","protected":false},"author":1,"featured_media":45888,"comment_status":"open","ping_status":"open","sticky":false,"template":"","format":"standard","meta":{"footnotes":""},"categories":[2],"tags":[24749,24750,272,24751,16,16736,882],"class_list":["post-45887","post","type-post","status-publish","format-standard","has-post-thumbnail","hentry","category-ultimas-noticias","tag-abrigada","tag-canchera","tag-clave","tag-exagerar","tag-para","tag-prendas","tag-sin"],"_links":{"self":[{"href":"https:\/\/13.com.ar\/index.php\/wp-json\/wp\/v2\/posts\/45887","targetHints":{"allow":["GET"]}}],"collection":[{"href":"https:\/\/13.com.ar\/index.php\/wp-json\/wp\/v2\/posts"}],"about":[{"href":"https:\/\/13.com.ar\/index.php\/wp-json\/wp\/v2\/types\/post"}],"author":[{"embeddable":true,"href":"https:\/\/13.com.ar\/index.php\/wp-json\/wp\/v2\/users\/1"}],"replies":[{"embeddable":true,"href":"https:\/\/13.com.ar\/index.php\/wp-json\/wp\/v2\/comments?post=45887"}],"version-history":[{"count":0,"href":"https:\/\/13.com.ar\/index.php\/wp-json\/wp\/v2\/posts\/45887\/revisions"}],"wp:featuredmedia":[{"embeddable":true,"href":"https:\/\/13.com.ar\/index.php\/wp-json\/wp\/v2\/media\/45888"}],"wp:attachment":[{"href":"https:\/\/13.com.ar\/index.php\/wp-json\/wp\/v2\/media?parent=45887"}],"wp:term":[{"taxonomy":"category","embeddable":true,"href":"https:\/\/13.com.ar\/index.php\/wp-json\/wp\/v2\/categories?post=45887"},{"taxonomy":"post_tag","embeddable":true,"href":"https:\/\/13.com.ar\/index.php\/wp-json\/wp\/v2\/tags?post=45887"}],"curies":[{"name":"wp","href":"https:\/\/api.w.org\/{rel}","templated":true}]}}