{"id":4587,"date":"2025-02-13T12:53:00","date_gmt":"2025-02-13T15:53:00","guid":{"rendered":"https:\/\/13.com.ar\/index.php\/imputan-al-presidente-del-psg-y-desde-qatar-amenazan-con-retirar-sus-inversiones-en-francia-incluidas-las-del-club-donde-jugo-messi\/"},"modified":"2025-02-13T12:53:00","modified_gmt":"2025-02-13T15:53:00","slug":"imputan-al-presidente-del-psg-y-desde-qatar-amenazan-con-retirar-sus-inversiones-en-francia-incluidas-las-del-club-donde-jugo-messi","status":"publish","type":"post","link":"https:\/\/13.com.ar\/index.php\/imputan-al-presidente-del-psg-y-desde-qatar-amenazan-con-retirar-sus-inversiones-en-francia-incluidas-las-del-club-donde-jugo-messi\/","title":{"rendered":"Imputan al presidente del PSG y desde Qatar amenazan con retirar sus inversiones en Francia, incluidas las del club donde jug\u00f3 Messi"},"content":{"rendered":"<p> <br \/>\n<\/p>\n<div id=\"cuerpo\">\n<div class=\"sc-80531b6b-0 chRIGJ container-text text-embed\">\n<p>La justicia francesa imput\u00f3 al presidente de <strong>Paris-Saint Germain (PSG)<\/strong>, <strong>Nasser Al-Khela\u00effi,<\/strong> por complicidad en abuso de poder en relaci\u00f3n con las votaciones de los accionistas de una empresa, inform\u00f3 este jueves una fuente cercana al caso.<\/p>\n<\/div>\n<div class=\"sc-80531b6b-0 chRIGJ container-text text-embed\">\n<p>Al-Khela\u00effi fue imputado el 5 de febrero por <strong>complicidad <\/strong>en la presunta <strong>compra de votos<\/strong> y violaciones contra la libertad de sufragio por un cambio en la votaci\u00f3n de<strong> un fondo de inversi\u00f3n catar\u00ed<\/strong> en el consejo del grupo Lagard\u00e8re en 2018, agreg\u00f3 una fuente judicial.<\/p>\n<\/div>\n<div class=\"sc-80531b6b-0 chRIGJ container-text text-embed\">\n<p>El CEO de PSG, que dirige el club desde su adquisici\u00f3n en 2011 por <strong>Qatar Sports Investments<\/strong> con el sue\u00f1o de convertirlo en el mejor de Europa, se ha enfrentado a varios casos judiciales en los \u00faltimos a\u00f1os, pero siempre ha negado cualquier irregularidad.<\/p>\n<\/div>\n<div class=\"sc-80531b6b-0 chRIGJ container-text text-embed\">\n<p>Su nombre se hizo particularmente familiar para los seguidores de Argentina tras la llegada de Lionel Messi al conjunto parisino para compartir ataque con <strong>Kylian Mbapp\u00e9 <\/strong>y <strong>Neymar Jr<\/strong>. Aquel &#8220;dream team&#8221; finalmente no cumpli\u00f3 las expectativas, el 10 argentino vivi\u00f3 momentos de tensi\u00f3n con sus propietarios y termin\u00f3 y\u00e9ndose por la puerta de atr\u00e1s, insultado por los hinchas.<\/p>\n<\/div>\n<div class=\"sc-198be8ec-0 cynXbu image-embed  image-embed \"><picture class=\"sc-198be8ec-1 kOjRiQ\"><source media=\"(min-width: 975px)\" width=\"720\" height=\"480\" \/><img alt=\"Nasser Al-Khelaifi junto a Lionel Messi, en tiempos de amor franc\u00e9s para el 10. Foto: STEPHANE DE SAKUTIN \/ AFP.\" loading=\"lazy\" width=\"720\" height=\"480\" decoding=\"async\" data-nimg=\"1\" style=\"color:transparent\" src=\"https:\/\/13.com.ar\/wp-content\/uploads\/2025\/02\/Imputan-al-presidente-del-PSG-y-desde-Qatar-amenazan-con.jpg\"\/><span class=\"epigraphe\">Nasser Al-Khelaifi junto a Lionel Messi, en tiempos de amor franc\u00e9s para el 10. Foto: STEPHANE DE SAKUTIN \/ AFP.<\/span><span class=\"bkg\"\/><span class=\"picture-open\"><button class=\"open-image\" aria-label=\"Open Image\"\/><\/span><\/picture><\/div>\n<div class=\"sc-80531b6b-0 chRIGJ container-text text-embed\">\n<p>Este caso judicial de Al-Khelaifi no tiene nada que ver con sus operaciones vinculadas al \u00e1mbito deportivo pero puede tener consecuencias directas en \u00e9l: seg\u00fan medios franceses, <strong>desde Qatar amenazan con retirar todas sus inversiones en el pa\u00eds galo <\/strong>por considerar que el empresario es v\u00edctima de hostigamiento.<\/p>\n<\/div>\n<div class=\"sc-80531b6b-0 chRIGJ container-text text-embed\">\n<p>&#8220;Este expediente no tiene absoluta y rotundamente nada que ver con Nasser Al-Khela\u00effi, pero como de costumbre se ver\u00e1 arrastrado (&#8230;) hasta que todo desaparezca tranquilamente sin fundamento alguno en unos a\u00f1os&#8221;, dijo una fuente cercana al magnate qatar\u00ed.<\/p>\n<\/div>\n<div class=\"sc-80531b6b-0 chRIGJ container-text text-embed\">\n<p>El jefe del grupo Lagard\u00e8re, <strong>Arnaud Lagard\u00e8re<\/strong>, es sospechado de haber usado fraudulentamente unos 129 millones de d\u00f3lares de fondos del grupo durante varios a\u00f1os para financiar sus gastos personales.<\/p>\n<\/div>\n<div class=\"sc-80531b6b-0 chRIGJ container-text text-embed\">\n<p>El caso contra Al-Khela\u00effi se centra en un momento de lucha de poder en 2018 en el consejo de administraci\u00f3n, entre el magnate conservador <strong>Vincent Bollor\u00e9<\/strong>, aliado al fondo de inversi\u00f3n Amber Capital, y el hombre m\u00e1s rico de Francia, <strong>Bernard Arnault<\/strong>, que apoyaba a Lagard\u00e8re.<\/p>\n<\/div>\n<div class=\"sc-80531b6b-0 chRIGJ container-text text-embed\">\n<p>El 24 de abril de 2018, <strong>Qatar Holding LLC<\/strong>, filial del fondo soberano <strong>Qatar Investment Authority (QIA) <\/strong>y principal accionista del grupo Lagard\u00e8re, se hab\u00eda posicionado a favor de las resoluciones de Amber Capital.<\/p>\n<\/div>\n<div class=\"sc-198be8ec-0 cynXbu image-embed  image-embed \"><picture class=\"sc-198be8ec-1 kOjRiQ\"><source media=\"(min-width: 975px)\" width=\"720\" height=\"480\" \/><img alt=\"Nasser Al-Khelaifi, el hombre de la pol\u00e9mica. Foto: AP Photo\/Christophe Ena.\" loading=\"lazy\" width=\"720\" height=\"480\" decoding=\"async\" data-nimg=\"1\" style=\"color:transparent\" src=\"https:\/\/13.com.ar\/wp-content\/uploads\/2025\/02\/1739461980_234_Imputan-al-presidente-del-PSG-y-desde-Qatar-amenazan-con.jpg\"\/><span class=\"epigraphe\">Nasser Al-Khelaifi, el hombre de la pol\u00e9mica. Foto: AP Photo\/Christophe Ena.<\/span><span class=\"bkg\"\/><span class=\"picture-open\"><button class=\"open-image\" aria-label=\"Open Image\"\/><\/span><\/picture><\/div>\n<div class=\"sc-80531b6b-0 chRIGJ container-text text-embed\">\n<p>Pero cinco d\u00edas despu\u00e9s de la primera votaci\u00f3n, <strong>QIA cambi\u00f3 de postura y vot\u00f3 a favor<\/strong> de las resoluciones de Arnaud Lagard\u00e8re. Este \u00faltimo y sus ayudantes est\u00e1n acusados de llamar a sus contactos, entre ellos Al-Khela\u00effi, en calidad de director del fondo soberano catar\u00ed.<\/p>\n<\/div>\n<div class=\"sc-80531b6b-0 chRIGJ container-text text-embed\">\n<p>A finales de noviembre de 2023, el gigante de los medios de comunicaci\u00f3n y de la edici\u00f3n <strong>Vivendi<\/strong>, controlado por la familia <strong>Bollor\u00e9<\/strong>, compr\u00f3 el grupo Lagard\u00e8re, tras una dura batalla.<\/p>\n<\/div>\n<div class=\"sc-80531b6b-0 chRIGJ container-text text-embed\">\n<p>El presidente de PSG, conocido como <strong>&#8220;NAK&#8221;<\/strong>, tiene otros casos abiertos en Francia: dos exempleados lo acusan de trabajo no declarado, y la justicia tambi\u00e9n intenta esclarecer el secuestro denunciado por un lobista franco-argelino, que apunta al empresario catar\u00ed.<\/p>\n<\/div>\n<div class=\"sc-80531b6b-0 chRIGJ container-text text-embed\">\n<p>Esta acusaci\u00f3n tuvo una r\u00e1pida repercusi\u00f3n en <strong>Doha<\/strong>, donde Al-Khelaifi se encuentra desde el mi\u00e9rcoles por la noche, luego de ver la goleada 3-0 de su equipo frente al Brest, en el arranque de los playoffs para clasificar a los octavos de final de la Champions Leage. <\/p>\n<\/div>\n<div class=\"sc-198be8ec-0 cynXbu image-embed  image-embed \"><picture class=\"sc-198be8ec-1 kOjRiQ\"><source media=\"(min-width: 975px)\" width=\"720\" height=\"480\" \/><img alt=\"Nasser Al-Khelaifi, hombre del f\u00fatbol y las finanzas. Foto: REUTERS\/Benoit Tessier.\" loading=\"lazy\" width=\"720\" height=\"480\" decoding=\"async\" data-nimg=\"1\" style=\"color:transparent\" src=\"https:\/\/13.com.ar\/wp-content\/uploads\/2025\/02\/1739461980_948_Imputan-al-presidente-del-PSG-y-desde-Qatar-amenazan-con.jpg\"\/><span class=\"epigraphe\">Nasser Al-Khelaifi, hombre del f\u00fatbol y las finanzas. Foto: REUTERS\/Benoit Tessier.<\/span><span class=\"bkg\"\/><span class=\"picture-open\"><button class=\"open-image\" aria-label=\"Open Image\"\/><\/span><\/picture><\/div>\n<div class=\"sc-80531b6b-0 chRIGJ container-text text-embed\">\n<p>Seg\u00fan medios franceses como <strong>RMC Sport<\/strong>, la noticia de la imputaci\u00f3n gener\u00f3 &#8220;irritaci\u00f3n&#8221; en Medio Oriente, &#8220;al punto de amenazar con retirarse de sus inversiones en Francia&#8221;, incluidas BeIN Sports y el propio Paris Saint-Germain. <\/p>\n<\/div>\n<div class=\"sc-80531b6b-0 chRIGJ container-text text-embed\">\n<p>&#8220;Los qatar\u00edes est\u00e1n hartos de todos estos abusos. Persecuciones falsas, chantajes, cr\u00edticas diarias, culpar a otros de su total incompetencia. Todos los problemas en Francia son culpa suya. Cada vez que intentan ayudar es aparentemente por &#8216;poder blando&#8217;. Es puro abuso y todo el mundo est\u00e1 harto&#8221;, destac\u00f3 RMC Sport de acuerdo a sus fuentes en Qatar.<\/p>\n<\/div>\n<div class=\"sc-80531b6b-0 chRIGJ container-text text-embed\">\n<p>De acuerdo a las rese\u00f1as en Francia, el empresario se declar\u00f3 sorprendido por las acusaciones: &#8220;No he tenido ninguna influencia en este caso. Me encuentro en medio de este caso en el que no tengo ninguna relaci\u00f3n simplemente por una \u00fanica comunicaci\u00f3n telef\u00f3nica sobre un problema con Qatar, una cuesti\u00f3n que transmit\u00ed y mi papel se limit\u00f3 a eso&#8221;, fue la defensa de Nasser Al-Khela\u00effi ante los investigadores, seg\u00fan RMC Sport. Y agreg\u00f3: &#8220;Dicen &#8216;Nasser esto, Nasser aquello&#8217;. Para defenderse, citan mi nombre&#8221;. <\/p>\n<\/div>\n<div class=\"sc-80531b6b-0 chRIGJ container-text text-embed\">\n<p><em>Con informaci\u00f3n de Agencias<\/em><\/p>\n<\/div>\n<\/div>\n<p><br \/>\n<br \/><a href=\"https:\/\/www.clarin.com\/deportes\/imputan-presidente-psg-qatar-amenazan-retirar-inversiones-francia-incluidas-club-jugo-messi_0_haWEFbr0yB.html\">Fuente Clarin.com <\/a><\/p>\n","protected":false},"excerpt":{"rendered":"<p>La justicia francesa imput\u00f3 al presidente de Paris-Saint Germain (PSG), Nasser Al-Khela\u00effi, por complicidad en abuso de poder en relaci\u00f3n con las votaciones de los accionistas de una empresa, inform\u00f3 este jueves una fuente cercana al caso. Al-Khela\u00effi fue imputado el 5 de febrero por complicidad en la presunta compra de votos y violaciones contra [&hellip;]<\/p>\n","protected":false},"author":1,"featured_media":4588,"comment_status":"open","ping_status":"open","sticky":false,"template":"","format":"standard","meta":{"footnotes":""},"categories":[2],"tags":[6615,221,18,100,2184,743,2281,6614,6616,2574,1991,48,708,135,6035,1083,4070,40],"class_list":["post-4587","post","type-post","status-publish","format-standard","has-post-thumbnail","hentry","category-ultimas-noticias","tag-amenazan","tag-club","tag-con","tag-del","tag-desde","tag-donde","tag-francia","tag-imputan","tag-incluidas","tag-inversiones","tag-jugo","tag-las","tag-messi","tag-presidente","tag-psg","tag-qatar","tag-retirar","tag-sus"],"_links":{"self":[{"href":"https:\/\/13.com.ar\/index.php\/wp-json\/wp\/v2\/posts\/4587","targetHints":{"allow":["GET"]}}],"collection":[{"href":"https:\/\/13.com.ar\/index.php\/wp-json\/wp\/v2\/posts"}],"about":[{"href":"https:\/\/13.com.ar\/index.php\/wp-json\/wp\/v2\/types\/post"}],"author":[{"embeddable":true,"href":"https:\/\/13.com.ar\/index.php\/wp-json\/wp\/v2\/users\/1"}],"replies":[{"embeddable":true,"href":"https:\/\/13.com.ar\/index.php\/wp-json\/wp\/v2\/comments?post=4587"}],"version-history":[{"count":0,"href":"https:\/\/13.com.ar\/index.php\/wp-json\/wp\/v2\/posts\/4587\/revisions"}],"wp:featuredmedia":[{"embeddable":true,"href":"https:\/\/13.com.ar\/index.php\/wp-json\/wp\/v2\/media\/4588"}],"wp:attachment":[{"href":"https:\/\/13.com.ar\/index.php\/wp-json\/wp\/v2\/media?parent=4587"}],"wp:term":[{"taxonomy":"category","embeddable":true,"href":"https:\/\/13.com.ar\/index.php\/wp-json\/wp\/v2\/categories?post=4587"},{"taxonomy":"post_tag","embeddable":true,"href":"https:\/\/13.com.ar\/index.php\/wp-json\/wp\/v2\/tags?post=4587"}],"curies":[{"name":"wp","href":"https:\/\/api.w.org\/{rel}","templated":true}]}}