{"id":45852,"date":"2025-07-28T05:11:58","date_gmt":"2025-07-28T08:11:58","guid":{"rendered":"https:\/\/13.com.ar\/index.php\/preocupa-la-aparicion-mas-temprana-vinculada-al-sexo-oral\/"},"modified":"2025-07-28T05:11:58","modified_gmt":"2025-07-28T08:11:58","slug":"preocupa-la-aparicion-mas-temprana-vinculada-al-sexo-oral","status":"publish","type":"post","link":"https:\/\/13.com.ar\/index.php\/preocupa-la-aparicion-mas-temprana-vinculada-al-sexo-oral\/","title":{"rendered":"preocupa la aparici\u00f3n m\u00e1s temprana vinculada al sexo oral"},"content":{"rendered":"<p> <br \/>\n<\/p>\n<div id=\"cuerpo\">\n<div class=\"sc-45461e9c-0 eqiBeF container-text text-embed \" id=\"element-body-0\">\n<p>Cada a\u00f1o, en el D\u00eda del C\u00e1ncer de Cabeza y Cuello \u2014que se conmemor\u00f3 ayer\u2014, los especialistas aprovechan para darle visibilidad a este conjunto de <strong>tumores de &#8220;bajo perfil&#8221;, pero con alto impacto<\/strong> en la calidad de vida de quienes los sufren. Y ponen especial \u00e9nfasis en que, si bien son m\u00e1s frecuentes despu\u00e9s de los 50 a\u00f1os, se viene registrando un aumento en la incidencia en poblaciones m\u00e1s j\u00f3venes, principalmente asociado a infecciones por VPH vinculadas a la pr\u00e1ctica de sexo oral sin protecci\u00f3n.<\/p>\n<\/div>\n<div class=\"sc-45461e9c-0 eqiBeF container-text text-embed \" id=\"element-body-1\">\n<p>El c\u00e1ncer de cabeza y cuello incluye a los tumores en cualquier sitio de la boca (en la lengua, enc\u00edas, carrillos, paladar, en el piso, en los labios), en laringe, faringe, senos paranasales, cavidad nasal y las gl\u00e1ndulas salivales. Tambi\u00e9n a los de tiroides. Los cerebrales, en cambio, no forman parte de este grupo.<\/p>\n<\/div>\n<div class=\"sc-45461e9c-0 eqiBeF container-text text-embed \" id=\"element-body-2\">\n<p>&#8220;Estos tumores<strong> pueden ser muy agresivos<\/strong> si no se diagnostican y tratan a tiempo. Presentan una alta tasa de recurrencia local y pueden comprometer funciones vitales como la <strong>degluci\u00f3n, el habla y la respiraci\u00f3n<\/strong>. Sin embargo, cuando se detectan precozmente, las tasas de curaci\u00f3n son elevadas y los tratamientos pueden ser menos invasivos&#8221;, afirma B\u00e1rbara Berenstein, cirujana de Cabeza y Cuello del Instituto Alexander Fleming (IAF).<\/p>\n<\/div>\n<div class=\"sc-45461e9c-0 eqiBeF container-text text-embed \" id=\"element-body-3\">\n<p>Todos comparten factores de riesgo \u2014la mayor\u00eda modificables\u2014, por lo que se estima que hasta el 90% de los casos<strong> podr\u00edan prevenirse<\/strong>. De hecho, 3 de cada 4 tumores aparecen como consecuencia de la <strong>combinaci\u00f3n de fumar y la ingesta elevada de alcohol<\/strong>, los dos grandes responsables detr\u00e1s de este grupo de tumores.<\/p>\n<\/div>\n<p><h3>C\u00e1ncer de orofaringe, sexo oral y VPH<\/h3>\n<\/p>\n<div class=\"sc-45461e9c-0 eqiBeF container-text text-embed \" id=\"element-body-5\">\n<p>Por la falta de concientizaci\u00f3n acerca de los tumores de cabeza y cuello, suelen ser detectados en estadios avanzados, cuando las probabilidades de cura son m\u00e1s bajas, advierten desde el IAF y llaman la atenci\u00f3n especialmente sobre el <strong>&#8220;fuerte aumento&#8221; <\/strong>en los situados en la orofaringe, que hoy representan el 15% del total, asociados a la infecci\u00f3n por VPH.<\/p>\n<\/div>\n<div class=\"sc-45461e9c-0 eqiBeF container-text text-embed \" id=\"element-body-6\">\n<p>&#8220;Cada vez sabemos m\u00e1s del c\u00e1ncer de cabeza y cuello. Y justamente entre los avances m\u00e1s importantes figura el <strong>reconocimiento del VPH como el causal de los tumores de orofaringe<\/strong>, que son los que m\u00e1s han incrementado su frecuencia en el \u00faltimo tiempo, fundamentalmente en pacientes m\u00e1s j\u00f3venes&#8221;, afirma Agust\u00edn Falco, onc\u00f3logo cl\u00ednico especialista en Tumores de Cabeza y Cuello\/Tiroides del IAF. Algunos, incluso, se presentan en personas sin antecedentes de consumo de alcohol o tabaquismo.<\/p>\n<\/div>\n<div class=\"sc-45461e9c-0 eqiBeF container-text text-embed \" id=\"element-body-7\">\n<p>La infecci\u00f3n por el virus del papiloma humano (VPH) causa la mayor\u00eda de los casos de c\u00e1ncer de cuello de \u00fatero. Pero su riesgo oncol\u00f3gico no se reduce a ese tumor. Provoca tambi\u00e9n c\u00e1ncer de pene, vagina y ano.<\/p>\n<\/div>\n<div class=\"sc-45461e9c-0 eqiBeF container-text text-embed \" id=\"element-body-8\">\n<p>Y estudios realizados en las \u00faltimas tres d\u00e9cadas muestran que la <strong>pr\u00e1ctica de sexo oral sin protecci\u00f3n<\/strong> (preservativo o campo de l\u00e1tex) es un factor de riesgo importante tambi\u00e9n para el c\u00e1ncer orofar\u00edngeo. Esos trabajos sugieren que entre el 70% y el 90% de los nuevos casos presentan evidencia de infecci\u00f3n por VPH. (La orofaringe comienza justo donde termina la cavidad oral: es la parte de la garganta ubicada detr\u00e1s de la boca.)<\/p>\n<\/div>\n<div class=\"sc-45461e9c-0 eqiBeF container-text text-embed \" id=\"element-body-9\">\n<p>Un trabajo publicado en 2021 en la revista Cancer (de la Sociedad Estadounidense del C\u00e1ncer), del que participaron m\u00e1s de 500 personas -casi un tercio con infecci\u00f3n por VPH y diagn\u00f3stico de c\u00e1ncer de orofaringe-, concluy\u00f3 que tener sexo oral a una edad m\u00e1s temprana y con m\u00e1s parejas en un per\u00edodo m\u00e1s corto de tiempo se asociaba con mayores probabilidades de desarrollar la enfermedad vinculada al virus de transmisi\u00f3n sexual.<\/p>\n<\/div>\n<p><h3>Un estudio argentino<\/h3>\n<\/p>\n<div class=\"sc-45461e9c-0 eqiBeF container-text text-embed \" id=\"element-body-11\">\n<p>&#8220;El <strong>aumento de casos en pacientes j\u00f3venes<\/strong> y la persistencia de diagn\u00f3sticos tard\u00edos subrayan la necesidad de reforzar la prevenci\u00f3n y la detecci\u00f3n temprana&#8221;, sostiene Laura Werner, especialista en Estomatolog\u00eda del Departamento de Odontolog\u00eda y Cirug\u00eda Buco-Maxilo-Facial del Hospital Alem\u00e1n.<\/p>\n<\/div>\n<div class=\"sc-45461e9c-0 eqiBeF container-text text-embed \" id=\"element-body-12\">\n<p>Werner es coautora de un estudio multic\u00e9ntrico realizado en nueve instituciones de todo el pa\u00eds, que describi\u00f3 las caracter\u00edsticas y los factores de riesgo del carcinoma oral de c\u00e9lulas escamosas (es decir, en la boca) en menores de 45 a\u00f1os.<\/p>\n<\/div>\n<div class=\"sc-45461e9c-0 eqiBeF container-text text-embed \" id=\"element-body-13\">\n<p>Se incluyeron 124 participantes, con una edad media de 36 a\u00f1os; un 60% eran varones. &#8220;Se pudo observar que el c\u00e1ncer ulcerado ubicado en el borde de la lengua es la presentaci\u00f3n cl\u00ednica m\u00e1s frecuente en menores de 45 a\u00f1os, lo que subraya la importancia de la identificaci\u00f3n temprana y la vigilancia de las heridas cr\u00f3nicas que no cicatrizan en j\u00f3venes&#8221;, sostuvo la m\u00e9dica.<\/p>\n<\/div>\n<div class=\"sc-45461e9c-0 eqiBeF container-text text-embed \" id=\"element-body-14\">\n<p>Los factores de riesgo identificados en el trabajo publicado el mes pasado en la revista<em> Oral Surgery, Oral Medicine, Oral Pathology, Oral Radiology <\/em>incluyeron el consumo de tabaco, alcohol y cannabis. El estado de infecci\u00f3n por VPH estaba disponible en poco m\u00e1s de un tercio (36%) de los casos analizados. De los casos con datos disponibles, 14 (13% del total) dieron positivo para VPH, mientras que 24 (19%) dieron negativo.<\/p>\n<\/div>\n<div class=\"sc-45461e9c-0 eqiBeF container-text text-embed \" id=\"element-body-15\">\n<p>A pesar de estos hallazgos, los autores advierten que las limitaciones metodol\u00f3gicas y la heterogeneidad en las t\u00e9cnicas de diagn\u00f3stico dificultan una interpretaci\u00f3n definitiva de la frecuencia del VPH en la poblaci\u00f3n estudiada y sugieren que la infecci\u00f3n podr\u00eda interactuar con otros factores, como la <strong>irritaci\u00f3n mec\u00e1nica cr\u00f3nica<\/strong>, es decir, lesiones generadas por pr\u00f3tesis en mal estado, por piezas dentarias en mala posici\u00f3n, o que tengan bordes filosos y que lastiman o rozan durante mucho tiempo las mucosas de la boca. Ese trauma previo es es el que podr\u00eda facilitar el <strong>acceso del virus a las c\u00e9lulas basales<\/strong> y propiciar la infecci\u00f3n.<\/p>\n<\/div>\n<div class=\"sc-45461e9c-0 eqiBeF container-text text-embed \" id=\"element-body-16\">\n<p>Otros estudios, mencionan los autores, han demostrado una <strong>asociaci\u00f3n entre el VPH y el consumo de marihuana<\/strong> en adultos j\u00f3venes, dadas las caracter\u00edsticas inmunosupresoras de los tetrahidrocannabinoides.<\/p>\n<\/div>\n<p><h3>S\u00edntomas de alarma<\/h3>\n<\/p>\n<div class=\"sc-45461e9c-0 eqiBeF container-text text-embed \" id=\"element-body-18\">\n<p>Si bien los tumores de cabeza y cuello no se cuentan entre los de mayor prevalencia, la preocupaci\u00f3n est\u00e1 centrada en que no solo se falla en la prevenci\u00f3n, sino que tambi\u00e9n se llega tarde al diagn\u00f3stico porque se subestiman o pasan por alto las se\u00f1ales de alarma.<\/p>\n<\/div>\n<div class=\"sc-45461e9c-0 eqiBeF container-text text-embed \" id=\"element-body-19\">\n<p>&#8220;Uno de los grandes desaf\u00edos de estos tumores es el diagn\u00f3stico temprano&#8221;, dice Juan Manuel Fern\u00e1ndez Vila, jefe del sector de cirug\u00eda de cabeza y cuello del Hospital Alem\u00e1n.<\/p>\n<\/div>\n<div class=\"sc-45461e9c-0 eqiBeF container-text text-embed \" id=\"element-body-20\">\n<p>&#8220;En muchas ocasiones -precisa-, los s\u00edntomas iniciales, como cambios en la voz, dificultad para tragar, <strong>llagas que no cicatrizan, sangrados o bultos persistentes<\/strong>, son subestimados o atribuidos a causas menores.&#8221;<\/p>\n<\/div>\n<div class=\"sc-106e49c0-0 dcVumd freeHtml-embed undefined\" id=\"element-body-21\"><picture><source media=\"(min-width: 720px)\" \/><img decoding=\"async\" src=\"https:\/\/13.com.ar\/wp-content\/uploads\/2025\/07\/preocupa-la-aparicion-mas-temprana-vinculada-al-sexo-oral.svg.svg+xml\" alt=\"cancer-cabeza\" loading=\"lazy\"\/>\n    <\/picture><\/div>\n<div class=\"sc-45461e9c-0 eqiBeF container-text text-embed \" id=\"element-body-22\">\n<p>&#8220;Los signos de alarma son muy variados, dependiendo de la localizaci\u00f3n de cada tumor, pero hay dos que son importantes: uno es la presencia de un <strong>bulto en el cuello<\/strong>, como un n\u00f3dulo que se puede palpar y que no desaparece con el correr del tiempo&#8221;, dice Falco. &#8220;Otro es la presencia de <strong>alguna lesi\u00f3n en la boca<\/strong>, como una \u00falcera que, pasadas algunas semanas, no cura bien.&#8221;<\/p>\n<\/div>\n<div class=\"sc-45461e9c-0 eqiBeF container-text text-embed \" id=\"element-body-23\">\n<p>Tambi\u00e9n hay que prestar atenci\u00f3n ante cualquier <strong>dolor persistente en boca o garganta<\/strong>, una disfon\u00eda extendida (cambios en la voz que duran m\u00e1s de dos semanas), dificultad para tragar y un sangrado inexplicable por nariz o boca.<\/p>\n<\/div>\n<p><h3>Prevenci\u00f3n<\/h3>\n<\/p>\n<div class=\"sc-45461e9c-0 eqiBeF container-text text-embed \" id=\"element-body-25\">\n<p>&#8220;Un alt\u00edsimo porcentaje de casos puede prevenirse evitando el tabaco, el alcohol y la contaminaci\u00f3n, vacun\u00e1ndose contra el VPH, cuidando la salud bucodental y protegi\u00e9ndose de la exposici\u00f3n prolongada al sol. Adem\u00e1s, es recomendable concurrir con frecuencia al odont\u00f3logo y al dermat\u00f3logo&#8221;, resumi\u00f3 Marcelo Figari, rector honorario de la Universidad Hospital Italiano y referente en cirug\u00eda de cabeza y cuello.<\/p>\n<\/div>\n<div class=\"sc-45461e9c-0 eqiBeF container-text text-embed \" id=\"element-body-26\">\n<p>Las <strong>lesiones visibles<\/strong> -que suelen ser las de la cavidad oral y tambi\u00e9n las m\u00e1s frecuentes- son f\u00e1cilmente reconocibles por los odont\u00f3logos, quienes, con solo revisar la boca, pueden detectarlas e indicar estudios para confirmar o descartar las sospechas.<\/p>\n<\/div>\n<div class=\"sc-45461e9c-0 eqiBeF container-text text-embed \" id=\"element-body-27\">\n<p>En el pa\u00eds, la <strong>vacuna contra el VPH <\/strong>est\u00e1 incluida en el calendario nacional de vacunaci\u00f3n y es gratuita y obligatoria para todos los chicos y chicas al cumplir 11 a\u00f1os.<\/p>\n<\/div>\n<div class=\"sc-45461e9c-0 eqiBeF container-text text-embed \" id=\"element-body-28\">\n<p><strong><em>\u27aaAGENDA. <\/em><\/strong><em>En el marco de la campa\u00f1a de prevenci\u00f3n del c\u00e1ncer de cabeza y cuello, el servicio de odontolog\u00eda del Hospital Alem\u00e1n (Av. Pueyrred\u00f3n 1640, CABA) realizar\u00e1 ex\u00e1menes estomatol\u00f3gicos gratuitos entre del lunes 4 al jueves 7 de agosto. Consultas sin cargo con turno previo destinadas al p\u00fablico en general, llamando al 4827-7062 de 08.00 a 20.00<\/em><\/p>\n<\/div>\n<div class=\"sc-45461e9c-0 eqiBeF container-text text-embed \" id=\"element-body-30\">\n<p>\u27aa\u00bfTen\u00e9s alguna duda sobre salud y bienestar que te gustar\u00eda que abordemos en notas de la secci\u00f3n? Escribinos tu consulta a <strong>buenavida@clarin.com<\/strong>.<\/p>\n<\/div>\n<\/div>\n<p><br \/>\n<br \/><a href=\"https:\/\/www.clarin.com\/buena-vida\/cancer-cabeza-cuello-preocupa-aparicion-temprana-vinculada-sexo-oral_0_UOrqaPmehO.html\">Fuente Clarin.com <\/a><\/p>\n","protected":false},"excerpt":{"rendered":"<p>Cada a\u00f1o, en el D\u00eda del C\u00e1ncer de Cabeza y Cuello \u2014que se conmemor\u00f3 ayer\u2014, los especialistas aprovechan para darle visibilidad a este conjunto de tumores de &#8220;bajo perfil&#8221;, pero con alto impacto en la calidad de vida de quienes los sufren. Y ponen especial \u00e9nfasis en que, si bien son m\u00e1s frecuentes despu\u00e9s de [&hellip;]<\/p>\n","protected":false},"author":1,"featured_media":45853,"comment_status":"open","ping_status":"open","sticky":false,"template":"","format":"standard","meta":{"footnotes":""},"categories":[2],"tags":[5707,155,11689,1380,4295,24735,5618],"class_list":["post-45852","post","type-post","status-publish","format-standard","has-post-thumbnail","hentry","category-ultimas-noticias","tag-aparicion","tag-mas","tag-oral","tag-preocupa","tag-sexo","tag-temprana","tag-vinculada"],"_links":{"self":[{"href":"https:\/\/13.com.ar\/index.php\/wp-json\/wp\/v2\/posts\/45852","targetHints":{"allow":["GET"]}}],"collection":[{"href":"https:\/\/13.com.ar\/index.php\/wp-json\/wp\/v2\/posts"}],"about":[{"href":"https:\/\/13.com.ar\/index.php\/wp-json\/wp\/v2\/types\/post"}],"author":[{"embeddable":true,"href":"https:\/\/13.com.ar\/index.php\/wp-json\/wp\/v2\/users\/1"}],"replies":[{"embeddable":true,"href":"https:\/\/13.com.ar\/index.php\/wp-json\/wp\/v2\/comments?post=45852"}],"version-history":[{"count":0,"href":"https:\/\/13.com.ar\/index.php\/wp-json\/wp\/v2\/posts\/45852\/revisions"}],"wp:featuredmedia":[{"embeddable":true,"href":"https:\/\/13.com.ar\/index.php\/wp-json\/wp\/v2\/media\/45853"}],"wp:attachment":[{"href":"https:\/\/13.com.ar\/index.php\/wp-json\/wp\/v2\/media?parent=45852"}],"wp:term":[{"taxonomy":"category","embeddable":true,"href":"https:\/\/13.com.ar\/index.php\/wp-json\/wp\/v2\/categories?post=45852"},{"taxonomy":"post_tag","embeddable":true,"href":"https:\/\/13.com.ar\/index.php\/wp-json\/wp\/v2\/tags?post=45852"}],"curies":[{"name":"wp","href":"https:\/\/api.w.org\/{rel}","templated":true}]}}