{"id":45850,"date":"2025-07-28T04:47:58","date_gmt":"2025-07-28T07:47:58","guid":{"rendered":"https:\/\/13.com.ar\/index.php\/por-que-da-miedo-quedarse-solo-en-casa-y-como-afrontarlo-segun-la-psicologia\/"},"modified":"2025-07-28T04:47:58","modified_gmt":"2025-07-28T07:47:58","slug":"por-que-da-miedo-quedarse-solo-en-casa-y-como-afrontarlo-segun-la-psicologia","status":"publish","type":"post","link":"https:\/\/13.com.ar\/index.php\/por-que-da-miedo-quedarse-solo-en-casa-y-como-afrontarlo-segun-la-psicologia\/","title":{"rendered":"Por qu\u00e9 da miedo quedarse solo en casa y c\u00f3mo afrontarlo seg\u00fan la psicolog\u00eda"},"content":{"rendered":"<p> <br \/>\n<br \/><img decoding=\"async\" src=\"https:\/\/13.com.ar\/wp-content\/uploads\/2025\/07\/Por-que-da-miedo-quedarse-solo-en-casa-y-como.jpg\" \/><\/p>\n<div id=\"element-body-0\">\n<p><strong>Quedarse solo en casa <\/strong>puede parecer una situaci\u00f3n cotidiana, incluso deseable para quienes disfrutan de la tranquilidad. Sin embargo, para muchas personas, ese momento puede convertirse en una fuente de <strong>angustia<\/strong> dif\u00edcil de explicar.<\/p>\n<\/div>\n<div id=\"element-body-1\">\n<p>No se trata solo del silencio o la falta de compa\u00f1\u00eda, sino de lo que ese escenario activa internamente: pensamientos intensos, emociones que emergen sin filtro y una <strong>sensaci\u00f3n de vulnerabilidad<\/strong> que cuesta poner en palabras.<\/p>\n<\/div>\n<div id=\"element-body-2\">\n<p>A lo largo de la vida, vamos construyendo nuestra forma de relacionarnos con el entorno, con los dem\u00e1s y con nosotros mismos. En ese camino, tambi\u00e9n<strong> se moldean <\/strong>nuestras respuestas frente a la soledad.<\/p>\n<\/div>\n<div id=\"element-body-3\">\n<p>Las experiencias pasadas, los mandatos familiares o sociales, e incluso los modelos afectivos que tuvimos, pueden <strong>influir profundamente <\/strong>en c\u00f3mo vivimos esos momentos a solas. No siempre somos conscientes de estas influencias, pero muchas veces explican por qu\u00e9 el miedo aparece, incluso cuando todo est\u00e1 aparentemente bien.<\/p>\n<\/div>\n<div id=\"element-body-4\">\n<p>La <strong>psicolog\u00eda <\/strong>actual pone el foco en entender este miedo no como una debilidad, sino como <strong>una se\u00f1al<\/strong>: un llamado a revisar ciertos aspectos internos que quiz\u00e1s venimos evitando. Pero, \u00bfpor qu\u00e9 da miedo quedarse solo en casa y <strong>como afrontarlo<\/strong>?<\/p>\n<\/div>\n<div id=\"element-body-7\">\n<p>Seg\u00fan el sitio <em>ABC<\/em> de Espa\u00f1a, el <strong>miedo a la soledad<\/strong> es una experiencia com\u00fan que puede provocar desde una leve incomodidad hasta ansiedad intensa. Aunque muchas personas disfrutan de ciertos momentos de soledad \u2014como leer un libro, escuchar m\u00fasica o descansar\u2014, para otras, quedarse solas en casa puede generar una sensaci\u00f3n de vac\u00edo, inquietud o incluso p\u00e1nico.<\/p>\n<\/div>\n<div id=\"element-body-8\">\n<p>Especialistas en salud mental se\u00f1alan que el temor a quedarse solo tiene <strong>m\u00faltiples or\u00edgenes<\/strong> y son motivo frecuente de consulta. La manera en la que fuimos educados es uno de los principales factores que puede predisponer al miedo a la soledad. Crecer con la creencia de que alcanzar cierta edad sin pareja, hijos o v\u00ednculos cercanos es un fracaso, puede alimentar la inseguridad o el sentimiento de insuficiencia personal.<\/p>\n<\/div>\n<div id=\"element-body-9\">\n<p>Otro punto clave es el <strong>contexto social<\/strong>. La hiperconectividad y la sobreestimulaci\u00f3n constante hacen que estemos poco habituados a estar realmente solos. La falta de est\u00edmulos externos puede generar ansiedad, ya que nos enfrenta a pensamientos o emociones que evitamos.<\/p>\n<\/div>\n<div id=\"element-body-10\">\n<p>El temor a quedarse solo tambi\u00e9n se manifiesta con fuerza en el plano de las relaciones de pareja. Muchas personas tienen m\u00e1s <strong>miedo a no encontrar (o perder) una pareja<\/strong> que a cualquier otra forma de soledad. Esto puede llevar a mantener v\u00ednculos t\u00f3xicos.<\/p>\n<\/div>\n<div id=\"element-body-11\">\n<p>Si bien sentir miedo a quedarse solo en algunas ocasiones es algo natural, cuando esta sensaci\u00f3n se vuelve <strong>persistente<\/strong> y comienza a interferir en el bienestar diario, es recomendable consultar con un profesional. La soledad puede convertirse en el disparador de otras emociones como <strong>ansiedad o tristeza cr\u00f3nica<\/strong>.<\/p>\n<\/div>\n<div id=\"element-body-14\">\n<p>Disfrutar de momentos a solas no solo es posible, sino tambi\u00e9n <strong>saludable<\/strong>. De hecho, la psic\u00f3loga Laura Cruz Navarro, psicoterapeuta de la plataforma especializada <em>ifeel<\/em> destaca que muchas personas encuentran en la soledad una oportunidad para reconectarse con sus propias necesidades y revisar objetivos o prioridades personales.<\/p>\n<\/div>\n<div id=\"element-body-15\">\n<p>El primer paso para afrontar el miedo a quedarse solo es <strong>cuestionar ciertas creencias que hemos incorporado<\/strong>: que estar sin pareja es un fracaso, que vivir solo es se\u00f1al de tristeza o que no se puede ser feliz sin compa\u00f1\u00eda. Estas ideas, muchas veces heredadas culturalmente, limitan nuestra capacidad de disfrutar del propio espacio.<\/p>\n<\/div>\n<div id=\"element-body-16\">\n<p>Otra herramienta fundamental es el <strong>autocuidado<\/strong>: generar rutinas que fortalezcan la autoestima, practicar actividades placenteras, sostener v\u00ednculos saludables y aprender a estar con uno mismo sin juzgarse ni exigirse.<\/p>\n<\/div>\n<p><br \/>\n<br \/><a href=\"https:\/\/www.clarin.com\/internacional\/da-miedo-quedarse-solo-casa-afrontarlo-psicologia_0_jjfg2dNnyY.html\">Fuente Clarin.com <\/a><\/p>\n","protected":false},"excerpt":{"rendered":"<p>Quedarse solo en casa puede parecer una situaci\u00f3n cotidiana, incluso deseable para quienes disfrutan de la tranquilidad. Sin embargo, para muchas personas, ese momento puede convertirse en una fuente de angustia dif\u00edcil de explicar. No se trata solo del silencio o la falta de compa\u00f1\u00eda, sino de lo que ese escenario activa internamente: pensamientos intensos, [&hellip;]<\/p>\n","protected":false},"author":1,"featured_media":45851,"comment_status":"open","ping_status":"open","sticky":false,"template":"","format":"standard","meta":{"footnotes":""},"categories":[2],"tags":[24734,108,66,2924,142,594,286,98,227,166],"class_list":["post-45850","post","type-post","status-publish","format-standard","has-post-thumbnail","hentry","category-ultimas-noticias","tag-afrontarlo","tag-casa","tag-como","tag-miedo","tag-por","tag-psicologia","tag-que","tag-quedarse","tag-segun","tag-solo"],"_links":{"self":[{"href":"https:\/\/13.com.ar\/index.php\/wp-json\/wp\/v2\/posts\/45850","targetHints":{"allow":["GET"]}}],"collection":[{"href":"https:\/\/13.com.ar\/index.php\/wp-json\/wp\/v2\/posts"}],"about":[{"href":"https:\/\/13.com.ar\/index.php\/wp-json\/wp\/v2\/types\/post"}],"author":[{"embeddable":true,"href":"https:\/\/13.com.ar\/index.php\/wp-json\/wp\/v2\/users\/1"}],"replies":[{"embeddable":true,"href":"https:\/\/13.com.ar\/index.php\/wp-json\/wp\/v2\/comments?post=45850"}],"version-history":[{"count":0,"href":"https:\/\/13.com.ar\/index.php\/wp-json\/wp\/v2\/posts\/45850\/revisions"}],"wp:featuredmedia":[{"embeddable":true,"href":"https:\/\/13.com.ar\/index.php\/wp-json\/wp\/v2\/media\/45851"}],"wp:attachment":[{"href":"https:\/\/13.com.ar\/index.php\/wp-json\/wp\/v2\/media?parent=45850"}],"wp:term":[{"taxonomy":"category","embeddable":true,"href":"https:\/\/13.com.ar\/index.php\/wp-json\/wp\/v2\/categories?post=45850"},{"taxonomy":"post_tag","embeddable":true,"href":"https:\/\/13.com.ar\/index.php\/wp-json\/wp\/v2\/tags?post=45850"}],"curies":[{"name":"wp","href":"https:\/\/api.w.org\/{rel}","templated":true}]}}