{"id":4583,"date":"2025-02-13T12:43:01","date_gmt":"2025-02-13T15:43:01","guid":{"rendered":"https:\/\/13.com.ar\/index.php\/el-kayakista-al-que-se-lo-trago-una-ballena-cuenta-como-sobrevivio\/"},"modified":"2025-02-13T12:43:01","modified_gmt":"2025-02-13T15:43:01","slug":"el-kayakista-al-que-se-lo-trago-una-ballena-cuenta-como-sobrevivio","status":"publish","type":"post","link":"https:\/\/13.com.ar\/index.php\/el-kayakista-al-que-se-lo-trago-una-ballena-cuenta-como-sobrevivio\/","title":{"rendered":"el kayakista al que se lo trag\u00f3 una ballena cuenta c\u00f3mo sobrevivi\u00f3"},"content":{"rendered":"<p> <br \/>\n<br \/><img decoding=\"async\" src=\"https:\/\/13.com.ar\/wp-content\/uploads\/2025\/02\/el-kayakista-al-que-se-lo-trago-una-ballena-cuenta.jpg\" \/><\/p>\n<div>\n<p>\u201c<strong>Estuve dentro de su boca<\/strong>. Fue un momento de mucha confusi\u00f3n. En un principio dudaba, pero al ver el video lo entend\u00ed. Desde el momento en que vi algo que se estaba acercando r\u00e1pidamente, cerr\u00e9 los ojos. Despu\u00e9s, sent\u00ed como si estuviera dentro de un remolino. <strong>Fue algo inolvidable, po\u00e9tico y revitalizante<\/strong>&#8220;. <\/p>\n<\/div>\n<div>\n<p>Adri\u00e1n Simancas se volvi\u00f3 viral despu\u00e9s de que el s\u00e1bado fuera sorprendido por una ballena jorobada que sali\u00f3 a la superficie con la boca abierta y lo engull\u00f3 en Punta Arenas, en Chile. En di\u00e1logo con <strong>Clar\u00edn<\/strong>, el joven de 23 a\u00f1os cuenta que todo sucedi\u00f3 mientras realizaba una pr\u00e1ctica h\u00edbrida de trekking y packrafting junto a su padre, Dell Simancas (49), en las aguas del Estrecho de Magallanes.<\/p>\n<\/div>\n<div>\n<p>Recuerda que iba remando detr\u00e1s de su pap\u00e1. Estaban charlando hasta que <strong>sinti\u00f3 un golpe en la parte de atr\u00e1s<\/strong>. <\/p>\n<\/div>\n<div>\n<p>\u201cPens\u00e9 que era una ola, pero la fuerza era demasiada. En medio de la confusi\u00f3n, <strong>vi algo entre azul y blanco que se cerraba sobre m\u00ed<\/strong>. Cre\u00ed que hab\u00eda muerto porque un animal me hab\u00eda comido y, pensando en la posibilidad de estar atrapado y sobrevivir dentro de una ballena, <strong>se me cruz\u00f3 por la cabeza el cuento de Pinocho<\/strong>. Cre\u00ed que ya no hab\u00eda nada por hacer hasta que el chaleco me impuls\u00f3 hacia arriba\u201d, confiesa.<\/p>\n<\/div>\n<div>\n<p><strong>&#8211;\u00bfC\u00f3mo mantuviste la calma?<\/strong> &#8211;le pregunt\u00f3 este diario.<\/p>\n<\/div>\n<div>\n<p>&#8211;Hab\u00edamos hecho <strong>pr\u00e1cticas de hipot\u00e9ticas situaciones de rescate<\/strong>. Esta experiencia en entornos naturales, lejos de personas que puedan socorrerte, me mantuvo en estado de alerta e impidi\u00f3 que me dejara llevar por las emociones para poder reaccionar y apreciar mi alrededor. Tambi\u00e9n fue importante la comunicaci\u00f3n.<\/p>\n<\/div>\n<div>\n<p>Para Adri\u00e1n, el episodio vivido representa ahora una invitaci\u00f3n a replantearse cu\u00e1les son las cosas por las cuales valen la pena salir de una zona de confort.<\/p>\n<\/div>\n<p><br \/>\n<br \/><a href=\"https:\/\/www.clarin.com\/sociedad\/adentro-boca-kayakista-trago-ballena-cuenta-sobrevivio_0_JsIvcZCPut.html\">Fuente Clarin.com <\/a><\/p>\n","protected":false},"excerpt":{"rendered":"<p>\u201cEstuve dentro de su boca. Fue un momento de mucha confusi\u00f3n. En un principio dudaba, pero al ver el video lo entend\u00ed. Desde el momento en que vi algo que se estaba acercando r\u00e1pidamente, cerr\u00e9 los ojos. Despu\u00e9s, sent\u00ed como si estuviera dentro de un remolino. Fue algo inolvidable, po\u00e9tico y revitalizante&#8220;. Adri\u00e1n Simancas se [&hellip;]<\/p>\n","protected":false},"author":1,"featured_media":4584,"comment_status":"open","ping_status":"open","sticky":false,"template":"","format":"standard","meta":{"footnotes":""},"categories":[2],"tags":[6572,66,2912,6609,6611,6610,73],"class_list":["post-4583","post","type-post","status-publish","format-standard","has-post-thumbnail","hentry","category-ultimas-noticias","tag-ballena","tag-como","tag-cuenta","tag-kayakista","tag-sobrevivio","tag-trago","tag-una"],"_links":{"self":[{"href":"https:\/\/13.com.ar\/index.php\/wp-json\/wp\/v2\/posts\/4583","targetHints":{"allow":["GET"]}}],"collection":[{"href":"https:\/\/13.com.ar\/index.php\/wp-json\/wp\/v2\/posts"}],"about":[{"href":"https:\/\/13.com.ar\/index.php\/wp-json\/wp\/v2\/types\/post"}],"author":[{"embeddable":true,"href":"https:\/\/13.com.ar\/index.php\/wp-json\/wp\/v2\/users\/1"}],"replies":[{"embeddable":true,"href":"https:\/\/13.com.ar\/index.php\/wp-json\/wp\/v2\/comments?post=4583"}],"version-history":[{"count":0,"href":"https:\/\/13.com.ar\/index.php\/wp-json\/wp\/v2\/posts\/4583\/revisions"}],"wp:featuredmedia":[{"embeddable":true,"href":"https:\/\/13.com.ar\/index.php\/wp-json\/wp\/v2\/media\/4584"}],"wp:attachment":[{"href":"https:\/\/13.com.ar\/index.php\/wp-json\/wp\/v2\/media?parent=4583"}],"wp:term":[{"taxonomy":"category","embeddable":true,"href":"https:\/\/13.com.ar\/index.php\/wp-json\/wp\/v2\/categories?post=4583"},{"taxonomy":"post_tag","embeddable":true,"href":"https:\/\/13.com.ar\/index.php\/wp-json\/wp\/v2\/tags?post=4583"}],"curies":[{"name":"wp","href":"https:\/\/api.w.org\/{rel}","templated":true}]}}