{"id":4581,"date":"2025-02-13T12:40:06","date_gmt":"2025-02-13T15:40:06","guid":{"rendered":"https:\/\/13.com.ar\/index.php\/el-gobierno-cito-a-300-mil-beneficiarios-de-pensiones-por-invalidez-para-auditar-si-realmente-las-necesitan\/"},"modified":"2025-02-13T12:40:06","modified_gmt":"2025-02-13T15:40:06","slug":"el-gobierno-cito-a-300-mil-beneficiarios-de-pensiones-por-invalidez-para-auditar-si-realmente-las-necesitan","status":"publish","type":"post","link":"https:\/\/13.com.ar\/index.php\/el-gobierno-cito-a-300-mil-beneficiarios-de-pensiones-por-invalidez-para-auditar-si-realmente-las-necesitan\/","title":{"rendered":"El Gobierno cit\u00f3 a 300 mil beneficiarios de pensiones por invalidez para auditar si realmente las necesitan"},"content":{"rendered":"<p> <br \/>\n<br \/><img decoding=\"async\" src=\"https:\/\/13.com.ar\/wp-content\/uploads\/2025\/02\/El-Gobierno-cito-a-300-mil-beneficiarios-de-pensiones-por.jpg\" \/><\/p>\n<div id=\"cuerpo\">\n<div class=\"sc-80531b6b-0 chRIGJ container-text text-embed\">\n<p>El Gobierno de <strong>Javier Milei<\/strong> dio un nuevo paso en la auditor\u00eda de las Pensiones No Contributivas por Invalidez Laboral (PNCIL), en el marco de un proceso que va a analizar a m\u00e1s de un mill\u00f3n de casos. El Ministerio de Salud de la Naci\u00f3n envi\u00f3 el mi\u00e9rcoles las primeras <strong>300.000 cartas documento a beneficiarios<\/strong> de las provincias de Chaco, Buenos Aires, Tucum\u00e1n, Mendoza, San Luis y Santa Fe.<\/p>\n<\/div>\n<div class=\"sc-80531b6b-0 chRIGJ container-text text-embed\">\n<p>La medida busca garantizar el <strong>cumplimiento de los requisitos legales <\/strong>y asegurar que el beneficio llegue exclusivamente a quienes lo necesitan.<\/p>\n<\/div>\n<div class=\"sc-80531b6b-0 chRIGJ container-text text-embed\">\n<p>&#8220;No hay perfil espec\u00edfico. Solo provincias por las que se inicia y que hayan sido adjudicadas entre 2020 y 2023&#8221;, dicen a <strong>Clar\u00edn <\/strong>desde la cartera nacional de Salud. Se prestar\u00e1 especial atenci\u00f3n, entonces, en las <strong>pensiones otorgadas durante el gobierno de Alberto Fern\u00e1ndez.<\/strong><\/p>\n<\/div>\n<div class=\"sc-80531b6b-0 chRIGJ container-text text-embed\">\n<p>A ra\u00edz de las <strong>irregularidades<\/strong> encontradas en los procesos de entrega de estas pensiones, &#8220;se va a auditar al universo de pensionados&#8221;, aclaran. Se prev\u00e9 que el an\u00e1lisis de la totalidad de pensiones activas concluya en la primera mitad de 2025.<\/p>\n<\/div>\n<div class=\"sc-80531b6b-0 chRIGJ container-text text-embed\">\n<p>Se auditar\u00e1n ahora a beneficiarios <strong>&#8220;para verificar el cumplimiento de requisitos<\/strong> y asegurar que el beneficio llegue exclusivamente a quienes lo necesitan&#8221;, excluyendo menores y quienes ya fueron auditados en 2024.<\/p>\n<\/div>\n<div class=\"sc-80531b6b-0 chRIGJ container-text text-embed\">\n<p>Las citaciones ocurrir\u00e1n a partir de marzo y los detalles del turno se explicitaron en las cartas documento. Despu\u00e9s de la cita, los beneficiarios tendr\u00e1n <strong>30 d\u00edas para enviar la documentaci\u00f3n m\u00e9dica <\/strong>relacionada con la incapacidad laboral, actual y escaneada (no la original).<\/p>\n<\/div>\n<div class=\"sc-80531b6b-0 chRIGJ container-text text-embed\">\n<p>Pueden subirla a trav\u00e9s de la Plataforma Tr\u00e1mites a Distancia (TAD) &#8211;  en &#8220;Tramite Presentaci\u00f3n de Documentaci\u00f3n para Pensi\u00f3n Invalidez &#8211; Auditoria Andis&#8221;, o de forma presencial en <strong>oficinas de ANSES<\/strong> (siempre con turno previo y constancia de atenci\u00f3n de m\u00e9dico asignado).<\/p>\n<\/div>\n<div class=\"sc-80531b6b-0 chRIGJ container-text text-embed\">\n<p>Tambi\u00e9n se pueden entregar esos documentos en un centro de atenci\u00f3n de la Agencia Nacional de Discapacidad m\u00e1s cercano y por correo, a la direcci\u00f3n Hip\u00f3lito Yrigoyen N\u00ba 1447, C1089AAA, Ciudad de Buenos Aires.<\/p>\n<\/div>\n<div class=\"sc-80531b6b-0 chRIGJ container-text text-embed\">\n<p>As\u00ed como es <strong>obligatorio asistir a la citaci\u00f3n;<\/strong> la inasistencia puede llevar a la suspensi\u00f3n de la PNC. Si no se puede concurrir, se debe justificar mediante un correo a inasistenciapnc@andis.gob.ar hasta 24 horas antes, con documentaci\u00f3n que justifique la ausencia y copia del DNI. O por whatsapp a trav\u00e9s del chatbot de TINA (54 11 3910-1010).<\/p>\n<\/div>\n<div class=\"sc-80531b6b-0 chRIGJ container-text text-embed\">\n<p>Los beneficiarios tambi\u00e9n pueden <strong>renunciar voluntariamente a la pensi\u00f3n<\/strong>, enviando una nota firmada y copia del DNI a ANSES, al correo renuncia@andis.gob.ar, o mediante el chatbot TINA.<\/p>\n<\/div>\n<p><h2>Las auditor\u00edas<\/h2>\n<\/p>\n<div class=\"sc-80531b6b-0 chRIGJ container-text text-embed\">\n<p>El control sobre las pensiones por invalidez<strong> ser\u00e1 sobre el 100% del padr\u00f3n de beneficiarios.<\/strong> Comenz\u00f3 en 2024 tras detectarse irregularidades en la asignaci\u00f3n de pensiones.<\/p>\n<\/div>\n<div class=\"sc-80531b6b-0 chRIGJ container-text text-embed\">\n<p>Se arranc\u00f3 por la Ciudad y la Provincia de Buenos Aires, donde en septiembre, en las primeras 10.900 pensiones relevadas entre m\u00e1s de 330.000 otorgadas en ambos distritos, se detect\u00f3 que la mayor\u00eda de los destinatarios no vive donde hab\u00eda declarado y <strong>menos de la mitad cumple con los requisitos para acceder a la pensi\u00f3n<\/strong> que el Estado otorga por alg\u00fan grado de discapacidad para trabajar.<\/p>\n<\/div>\n<\/div>\n<p><br \/>\n<br \/><a href=\"https:\/\/www.clarin.com\/sociedad\/gobierno-cito-300-mil-beneficiarios-pensiones-invalidez-auditar-realmente-necesitan_0_pPN0K5OStz.html\">Fuente Clarin.com <\/a><\/p>\n","protected":false},"excerpt":{"rendered":"<p>El Gobierno de Javier Milei dio un nuevo paso en la auditor\u00eda de las Pensiones No Contributivas por Invalidez Laboral (PNCIL), en el marco de un proceso que va a analizar a m\u00e1s de un mill\u00f3n de casos. El Ministerio de Salud de la Naci\u00f3n envi\u00f3 el mi\u00e9rcoles las primeras 300.000 cartas documento a beneficiarios [&hellip;]<\/p>\n","protected":false},"author":1,"featured_media":4582,"comment_status":"open","ping_status":"open","sticky":false,"template":"","format":"standard","meta":{"footnotes":""},"categories":[2],"tags":[6608,6605,6336,71,6607,48,2116,5995,16,6606,142,3484],"class_list":["post-4581","post","type-post","status-publish","format-standard","has-post-thumbnail","hentry","category-ultimas-noticias","tag-auditar","tag-beneficiarios","tag-cito","tag-gobierno","tag-invalidez","tag-las","tag-mil","tag-necesitan","tag-para","tag-pensiones","tag-por","tag-realmente"],"_links":{"self":[{"href":"https:\/\/13.com.ar\/index.php\/wp-json\/wp\/v2\/posts\/4581","targetHints":{"allow":["GET"]}}],"collection":[{"href":"https:\/\/13.com.ar\/index.php\/wp-json\/wp\/v2\/posts"}],"about":[{"href":"https:\/\/13.com.ar\/index.php\/wp-json\/wp\/v2\/types\/post"}],"author":[{"embeddable":true,"href":"https:\/\/13.com.ar\/index.php\/wp-json\/wp\/v2\/users\/1"}],"replies":[{"embeddable":true,"href":"https:\/\/13.com.ar\/index.php\/wp-json\/wp\/v2\/comments?post=4581"}],"version-history":[{"count":0,"href":"https:\/\/13.com.ar\/index.php\/wp-json\/wp\/v2\/posts\/4581\/revisions"}],"wp:featuredmedia":[{"embeddable":true,"href":"https:\/\/13.com.ar\/index.php\/wp-json\/wp\/v2\/media\/4582"}],"wp:attachment":[{"href":"https:\/\/13.com.ar\/index.php\/wp-json\/wp\/v2\/media?parent=4581"}],"wp:term":[{"taxonomy":"category","embeddable":true,"href":"https:\/\/13.com.ar\/index.php\/wp-json\/wp\/v2\/categories?post=4581"},{"taxonomy":"post_tag","embeddable":true,"href":"https:\/\/13.com.ar\/index.php\/wp-json\/wp\/v2\/tags?post=4581"}],"curies":[{"name":"wp","href":"https:\/\/api.w.org\/{rel}","templated":true}]}}