{"id":4580,"date":"2025-02-13T12:34:39","date_gmt":"2025-02-13T15:34:39","guid":{"rendered":"https:\/\/13.com.ar\/index.php\/como-llega-cada-signo-del-zodiaco-al-14-de-febrero\/"},"modified":"2025-02-13T12:34:39","modified_gmt":"2025-02-13T15:34:39","slug":"como-llega-cada-signo-del-zodiaco-al-14-de-febrero","status":"publish","type":"post","link":"https:\/\/13.com.ar\/index.php\/como-llega-cada-signo-del-zodiaco-al-14-de-febrero\/","title":{"rendered":"c\u00f3mo llega cada signo del zodiaco al 14 de febrero"},"content":{"rendered":"<p> <br \/>\n<br \/><img decoding=\"async\" src=\"https:\/\/13.com.ar\/wp-content\/uploads\/2025\/02\/Como-estara-el-clima-el-viernes-para-celebrar-el-Dia.jpg\" \/><\/p>\n<div>\n<p>El <strong>D\u00eda de los enamorados<\/strong> est\u00e1 cada vez m\u00e1s cerca, y muchas personas buscan conocer qu\u00e9 les depara esta fecha especial seg\u00fan su <strong>signo del zodiaco<\/strong>. El <strong>14 de febrero<\/strong> es una jornada cargada de emociones, y la astrolog\u00eda puede brindar pistas sobre c\u00f3mo transitar este d\u00eda seg\u00fan las energ\u00edas que influyen en cada signo.<\/p>\n<\/div>\n<div>\n<p>Algunos vivir\u00e1n un <strong>San Valent\u00edn<\/strong> con romanticismo y sorpresas, mientras que otros podr\u00edan enfrentar desaf\u00edos o replanteos en el <strong>amor<\/strong>. Si quer\u00e9s saber c\u00f3mo llega cada <strong>signo<\/strong> a esta fecha y qu\u00e9 pod\u00e9s esperar en el terreno sentimental, te contamos lo que revela el <strong><span>zodiaco<\/span><\/strong>.<\/p>\n<\/div>\n<div>\n<p>Seg\u00fan los <strong>an\u00e1lisis astrol\u00f3gicos<\/strong> de <strong>Jimena La Torre<\/strong>, cada signo experimentar\u00e1 el <strong>14 de febrero<\/strong> de manera diferente, dependiendo de su energ\u00eda y de los <strong>tr\u00e1nsitos planetarios<\/strong>. Mientras algunos estar\u00e1n abiertos al romance y la conquista, otros podr\u00edan tomarse este d\u00eda como una oportunidad para reflexionar sobre su vida amorosa.<\/p>\n<\/div>\n<p><br \/>\n<br \/><a href=\"https:\/\/www.clarin.com\/informacion-general\/dia-enamorados-llega-signo-zodiaco-14-febrero_0_Zxn8S5R5Cf.html\">Fuente Clarin.com <\/a><\/p>\n","protected":false},"excerpt":{"rendered":"<p>El D\u00eda de los enamorados est\u00e1 cada vez m\u00e1s cerca, y muchas personas buscan conocer qu\u00e9 les depara esta fecha especial seg\u00fan su signo del zodiaco. El 14 de febrero es una jornada cargada de emociones, y la astrolog\u00eda puede brindar pistas sobre c\u00f3mo transitar este d\u00eda seg\u00fan las energ\u00edas que influyen en cada signo. [&hellip;]<\/p>\n","protected":false},"author":1,"featured_media":4579,"comment_status":"open","ping_status":"open","sticky":false,"template":"","format":"standard","meta":{"footnotes":""},"categories":[2],"tags":[1153,66,100,1823,2041,400,402],"class_list":["post-4580","post","type-post","status-publish","format-standard","has-post-thumbnail","hentry","category-ultimas-noticias","tag-cada","tag-como","tag-del","tag-febrero","tag-llega","tag-signo","tag-zodiaco"],"_links":{"self":[{"href":"https:\/\/13.com.ar\/index.php\/wp-json\/wp\/v2\/posts\/4580","targetHints":{"allow":["GET"]}}],"collection":[{"href":"https:\/\/13.com.ar\/index.php\/wp-json\/wp\/v2\/posts"}],"about":[{"href":"https:\/\/13.com.ar\/index.php\/wp-json\/wp\/v2\/types\/post"}],"author":[{"embeddable":true,"href":"https:\/\/13.com.ar\/index.php\/wp-json\/wp\/v2\/users\/1"}],"replies":[{"embeddable":true,"href":"https:\/\/13.com.ar\/index.php\/wp-json\/wp\/v2\/comments?post=4580"}],"version-history":[{"count":0,"href":"https:\/\/13.com.ar\/index.php\/wp-json\/wp\/v2\/posts\/4580\/revisions"}],"wp:featuredmedia":[{"embeddable":true,"href":"https:\/\/13.com.ar\/index.php\/wp-json\/wp\/v2\/media\/4579"}],"wp:attachment":[{"href":"https:\/\/13.com.ar\/index.php\/wp-json\/wp\/v2\/media?parent=4580"}],"wp:term":[{"taxonomy":"category","embeddable":true,"href":"https:\/\/13.com.ar\/index.php\/wp-json\/wp\/v2\/categories?post=4580"},{"taxonomy":"post_tag","embeddable":true,"href":"https:\/\/13.com.ar\/index.php\/wp-json\/wp\/v2\/tags?post=4580"}],"curies":[{"name":"wp","href":"https:\/\/api.w.org\/{rel}","templated":true}]}}