{"id":4578,"date":"2025-02-13T12:31:33","date_gmt":"2025-02-13T15:31:33","guid":{"rendered":"https:\/\/13.com.ar\/index.php\/como-estara-el-clima-el-viernes-para-celebrar-el-dia-de-san-valentin\/"},"modified":"2025-02-13T12:31:33","modified_gmt":"2025-02-13T15:31:33","slug":"como-estara-el-clima-el-viernes-para-celebrar-el-dia-de-san-valentin","status":"publish","type":"post","link":"https:\/\/13.com.ar\/index.php\/como-estara-el-clima-el-viernes-para-celebrar-el-dia-de-san-valentin\/","title":{"rendered":"C\u00f3mo estar\u00e1 el clima el viernes para celebrar el D\u00eda de San Valent\u00edn"},"content":{"rendered":"<p> <br \/>\n<br \/><img decoding=\"async\" src=\"https:\/\/13.com.ar\/wp-content\/uploads\/2025\/02\/Como-estara-el-clima-el-viernes-para-celebrar-el-Dia.jpg\" \/><\/p>\n<div>\n<p>Debido a que la fecha suele incluir planes durante todo el d\u00eda, como ir a comer, ver pel\u00edculas o series, realizar alguna escapada o simplemente compartir momentos en pareja, <strong>muchos se preguntan por el pron\u00f3stico del tiempo para saber<\/strong> qu\u00e9 organizar.<\/p>\n<\/div>\n<div>\n<p>Seg\u00fan el Servicio Meteorol\u00f3gico Nacional, en el D\u00eda de los Enamorados <strong>el cielo estar\u00e1 parcialmente nublado y la temperatura m\u00ednima ser\u00e1 de 22 grados, mientras que la m\u00e1xima no superar\u00e1 los 27\u00b0.<\/strong><\/p>\n<\/div>\n<div>\n<p>Sin embargo, <strong>por la noche habr\u00e1 un desmejoramiento con la posible llegada de lluvias y tormentas <\/strong>nuevamente sobre la Ciudad de Buenos Aires y alrededores, por lo que habr\u00e1 que tener precauciones a la hora de organizar una salida para San Valent\u00edn.<\/p>\n<\/div>\n<div>\n<p>La festividad de San Valent\u00edn <strong>tiene un origen cat\u00f3lico<\/strong> que naci\u00f3 como contrapeso de las festividades paganas que se realizaban en el Imperio romano.<\/p>\n<\/div>\n<div>\n<p>En ese tiempo, <strong>gobernaba el emperador Claudio II el G\u00f3tico, que promulg\u00f3 una ley por la cual prohib\u00eda casarse<\/strong> a los j\u00f3venes para que pudieran prepararse para el ej\u00e9rcito.<\/p>\n<\/div>\n<div>\n<p>Sin embargo, un joven sacerdote llamado <strong>Valent\u00edn<\/strong> decidi\u00f3 desafiar esta prohibici\u00f3n del emperador, ya que no estaba de acuerdo, y <strong>comenz\u00f3 a celebrar matrimonios en secreto entre j\u00f3venes enamorados.<\/strong><\/p>\n<\/div>\n<div>\n<p>Al enterarse de esto, <strong>el emperador orden\u00f3 capturarlo y decapitarlo.<\/strong> Seg\u00fan la tradici\u00f3n cat\u00f3lica, en ese d\u00eda Valent\u00edn se enter\u00f3 de que la hija del juez de la prisi\u00f3n era ciega y, por esa raz\u00f3n, le entreg\u00f3 un papel para que lo leyera. Ella, sin comprender el motivo, abri\u00f3 el papel y por primera vez logr\u00f3 ver. Lo primero que vio fue una frase que dec\u00eda \u201cTu Valent\u00edn\u201d, como forma de despedida. Este hecho le dio un simbolismo a\u00fan mayor como santo del amor.<\/p>\n<\/div>\n<div>\n<p>En el a\u00f1o 496, el Papa Gelasio determin\u00f3 que <strong>cada 14 de febrero se celebrara a San Valent\u00edn\u200b en el aniversario de su martirio. <\/strong>Sus reliquias se encuentran en diversas iglesias del mundo.<\/p>\n<\/div>\n<div>\n<p>Adem\u00e1s, seg\u00fan la leyenda de esta festividad,<strong> San Valent\u00edn se basa en gestos rom\u00e1nticos y acciones heroicas.<\/strong><\/p>\n<\/div>\n<div>\n<p>Con el paso de los a\u00f1os <strong>el D\u00eda de San Valent\u00edn fue modific\u00e1ndose.<\/strong> Pas\u00f3 de ser una celebraci\u00f3n religiosa a un d\u00eda para festejar el amor en pareja. En 1960 la Iglesia Cat\u00f3lica elimin\u00f3 a San Valent\u00edn del calendario lit\u00fargico, pero esta fecha perdura y se celebra el amor de distintas formas.<\/p>\n<\/div>\n<p><br \/>\n<br \/><a href=\"https:\/\/www.clarin.com\/informacion-general\/clima-viernes-celebrar-dia-san-valentin_0_PWZtODojRA.html\">Fuente Clarin.com <\/a><\/p>\n","protected":false},"excerpt":{"rendered":"<p>Debido a que la fecha suele incluir planes durante todo el d\u00eda, como ir a comer, ver pel\u00edculas o series, realizar alguna escapada o simplemente compartir momentos en pareja, muchos se preguntan por el pron\u00f3stico del tiempo para saber qu\u00e9 organizar. Seg\u00fan el Servicio Meteorol\u00f3gico Nacional, en el D\u00eda de los Enamorados el cielo estar\u00e1 [&hellip;]<\/p>\n","protected":false},"author":1,"featured_media":4579,"comment_status":"open","ping_status":"open","sticky":false,"template":"","format":"standard","meta":{"footnotes":""},"categories":[2],"tags":[681,1511,66,1154,2061,16,451,5350,2122],"class_list":["post-4578","post","type-post","status-publish","format-standard","has-post-thumbnail","hentry","category-ultimas-noticias","tag-celebrar","tag-clima","tag-como","tag-dia","tag-estara","tag-para","tag-san","tag-valentin","tag-viernes"],"_links":{"self":[{"href":"https:\/\/13.com.ar\/index.php\/wp-json\/wp\/v2\/posts\/4578","targetHints":{"allow":["GET"]}}],"collection":[{"href":"https:\/\/13.com.ar\/index.php\/wp-json\/wp\/v2\/posts"}],"about":[{"href":"https:\/\/13.com.ar\/index.php\/wp-json\/wp\/v2\/types\/post"}],"author":[{"embeddable":true,"href":"https:\/\/13.com.ar\/index.php\/wp-json\/wp\/v2\/users\/1"}],"replies":[{"embeddable":true,"href":"https:\/\/13.com.ar\/index.php\/wp-json\/wp\/v2\/comments?post=4578"}],"version-history":[{"count":0,"href":"https:\/\/13.com.ar\/index.php\/wp-json\/wp\/v2\/posts\/4578\/revisions"}],"wp:featuredmedia":[{"embeddable":true,"href":"https:\/\/13.com.ar\/index.php\/wp-json\/wp\/v2\/media\/4579"}],"wp:attachment":[{"href":"https:\/\/13.com.ar\/index.php\/wp-json\/wp\/v2\/media?parent=4578"}],"wp:term":[{"taxonomy":"category","embeddable":true,"href":"https:\/\/13.com.ar\/index.php\/wp-json\/wp\/v2\/categories?post=4578"},{"taxonomy":"post_tag","embeddable":true,"href":"https:\/\/13.com.ar\/index.php\/wp-json\/wp\/v2\/tags?post=4578"}],"curies":[{"name":"wp","href":"https:\/\/api.w.org\/{rel}","templated":true}]}}