{"id":4576,"date":"2025-02-13T12:28:45","date_gmt":"2025-02-13T15:28:45","guid":{"rendered":"https:\/\/13.com.ar\/index.php\/todos-los-detalles-de-como-celebro-la-noticia-desde-la-carcel\/"},"modified":"2025-02-13T12:28:45","modified_gmt":"2025-02-13T15:28:45","slug":"todos-los-detalles-de-como-celebro-la-noticia-desde-la-carcel","status":"publish","type":"post","link":"https:\/\/13.com.ar\/index.php\/todos-los-detalles-de-como-celebro-la-noticia-desde-la-carcel\/","title":{"rendered":"todos los detalles de c\u00f3mo celebr\u00f3 la noticia desde la c\u00e1rcel"},"content":{"rendered":"<p> <br \/>\n<\/p>\n<div id=\"cuerpo\">\n<div class=\"sc-80531b6b-0 chRIGJ container-text text-embed\">\n<p><strong>Morena Rial<\/strong> recibi\u00f3 el beneficio de la excarcelaci\u00f3n extraordinaria, tras pasar m\u00e1s de una semana detenida por presunto robo a una vivienda. La <strong>hija de Jorge Rial<\/strong> celebr\u00f3 la noticia con pedidos especiales desde la c\u00e1rcel. <\/p>\n<\/div>\n<div class=\"sc-80531b6b-0 chRIGJ container-text text-embed\">\n<p>Primero, la hija de Jorge Rial estuvo alojada en una comisar\u00eda de San Telmo, para luego ser trasladada a una c\u00e1rcel en San Isidro, provincia de Buenos Aires, ya que el <strong>robo a una vivienda<\/strong> en modalidad de &#8220;escruche&#8221; se habr\u00eda cometido en zona norte, m\u00e1s espec\u00edficamente en Villa Adelina.<\/p>\n<\/div>\n<div class=\"sc-80531b6b-0 chRIGJ container-text text-embed\">\n<p>Luego de cambiar de abogado, pas\u00f3 de ser representada por <strong>Alejandro Cipolla a Fernando Burlando<\/strong>, finalmente se supo que More recibir\u00eda este jueves el <strong>beneficio de la excarcelaci\u00f3n extraordinaria.<\/strong><\/p>\n<\/div>\n<div class=\"sc-80531b6b-0 chRIGJ container-text text-embed\">\n<p>El mi\u00e9rcoles por la noche en <em>LAM<\/em> (Am\u00e9rica TV) revelaron c\u00f3mo recibi\u00f3 la <em>influencer<\/em> la noticia de que recuperar\u00eda su libertad, tras pasar m\u00e1s de una semana detenida.<\/p>\n<\/div>\n<div class=\"sc-80531b6b-0 chRIGJ container-text text-embed\">\n<p>Con un m\u00f3vil desde la c\u00e1rcel donde a\u00fan se encuentra detenida, <strong>Santiago Riva Roy <\/strong>mostr\u00f3 que hab\u00eda llegado al lugar un pedido de <strong>una famosa cadena de comida r\u00e1pida<\/strong> a nombre de la joven de parte de Alejandro Cipolla. <\/p>\n<\/div>\n<div class=\"sc-80531b6b-0 chRIGJ container-text text-embed\">\n<p>El periodista tambi\u00e9n asegur\u00f3 en c\u00e1mara que por la ventana se pod\u00eda escuchar que tanto Morena como <strong>quienes la acompa\u00f1aban estaban viendo <em>LAM <\/em>en la televisi\u00f3n. <\/strong><\/p>\n<\/div>\n<div class=\"sc-80531b6b-0 chRIGJ container-text text-embed\">\n<p>&#8220;Data menor, <strong>est\u00e1 llegando ahora un pedido de comida para Morena<\/strong> y donde va a comer su cena est\u00e1n escuchando <em>LAM<\/em>&#8220;, explic\u00f3 en vivo el notero.<\/p>\n<\/div>\n<div class=\"sc-198be8ec-0 cynXbu image-embed  image-embed \"><picture class=\"sc-198be8ec-1 kOjRiQ\"><source media=\"(min-width: 975px)\" width=\"720\" height=\"480\" \/><img alt=\"Morena Rial podr\u00eda recuperar su libertad este jueves. Captura TV\" loading=\"lazy\" width=\"720\" height=\"480\" decoding=\"async\" data-nimg=\"1\" style=\"color:transparent\" src=\"https:\/\/13.com.ar\/wp-content\/uploads\/2025\/02\/todos-los-detalles-de-como-celebro-la-noticia-desde-la.jpg\"\/><span class=\"epigraphe\">Morena Rial podr\u00eda recuperar su libertad este jueves. Captura TV<\/span><span class=\"bkg\"\/><span class=\"picture-open\"><button class=\"open-image\" aria-label=\"Open Image\"\/><\/span><\/picture><\/div>\n<div class=\"sc-80531b6b-0 chRIGJ container-text text-embed\">\n<p>Sobre el estado de salud de la joven, Santiago detall\u00f3: &#8220;Le duele la muela, la familia brilla por su ausencia, es <strong>Cipolla quien le mand\u00f3 la comida y mediaci\u00f3n<\/strong>&#8220;.<\/p>\n<\/div>\n<div class=\"sc-80531b6b-0 chRIGJ container-text text-embed\">\n<p>&#8220;<em>Morena confes\u00f3 todo y por eso va a salir<\/em>&#8220;, explic\u00f3 el notero. <\/p>\n<\/div>\n<div class=\"sc-80531b6b-0 chRIGJ container-text text-embed\">\n<p>Acto seguido, Santiago revel\u00f3 la amenaza bajo la cual la joven le habr\u00eda pedido a su padre que le consiga su liberaci\u00f3n: &#8220;<strong>Morena habr\u00eda apurado al padre para que la ayude a salir<\/strong> y si no, obrar\u00eda de la misma forma que hizo muchas veces, que es hablar mal de \u00e9l&#8221;. <\/p>\n<\/div>\n<div class=\"sc-80531b6b-0 chRIGJ container-text text-embed\">\n<p>&#8220;<strong>Morena habr\u00eda aceptado su culpabilidad y entregar a toda la banda <\/strong>a cambio de recuperar su libertad, tambi\u00e9n amenaz\u00f3 a Jorge y Burlando con hablar mal de ellos, si no sale&#8221;, agreg\u00f3 el cronista.<\/p>\n<\/div>\n<div class=\"sc-198be8ec-0 cynXbu image-embed  image-embed \"><picture class=\"sc-198be8ec-1 kOjRiQ\"><source media=\"(min-width: 975px)\" width=\"720\" height=\"480\" \/><img alt=\"Morena Rial se pidi\u00f3 comida a domicilio para celebrar su pronta libertad. Captura TV\" loading=\"lazy\" width=\"720\" height=\"480\" decoding=\"async\" data-nimg=\"1\" style=\"color:transparent\" src=\"https:\/\/13.com.ar\/wp-content\/uploads\/2025\/02\/1739460525_57_todos-los-detalles-de-como-celebro-la-noticia-desde-la.jpg\"\/><span class=\"epigraphe\">Morena Rial se pidi\u00f3 comida a domicilio para celebrar su pronta libertad. Captura TV<\/span><span class=\"bkg\"\/><span class=\"picture-open\"><button class=\"open-image\" aria-label=\"Open Image\"\/><\/span><\/picture><\/div>\n<div class=\"sc-80531b6b-0 chRIGJ container-text text-embed\">\n<p>Seg\u00fan Laura Ubfal, J<strong>orge Rial le habr\u00eda alquilado a su hija un departamento en Palermo<\/strong> para que viva ah\u00ed con su beb\u00e9 Amadeo, que tiene menos de seis meses. Tambi\u00e9n habr\u00eda contratado a una ni\u00f1era para que la ayude con el cuidado del peque\u00f1o.<\/p>\n<\/div>\n<div class=\"sc-80531b6b-0 chRIGJ container-text text-embed\">\n<p><strong>&#8220;El fiscal tiene hasta cinco d\u00edas para decir si le parece justo lo que dictamin\u00f3 el Juez <\/strong>o quiere apelar la decisi\u00f3n&#8221;, adelant\u00f3 Riva Roy respecto a c\u00f3mo puede evolucionar la situaci\u00f3n judicial de la joven.<\/p>\n<\/div>\n<p><h2>Las palabras de Alejandro Cipolla sobre la libertad de Morena Rial<\/h2>\n<\/p>\n<div class=\"sc-80531b6b-0 chRIGJ container-text text-embed\">\n<p>A pesar de haberse apartado de la causa, el letrado celebr\u00f3 las buenas noticias respecto a su representada y amiga, a trav\u00e9s de su cuenta de Instagram.<\/p>\n<\/div>\n<div class=\"sc-80531b6b-0 chRIGJ container-text text-embed\">\n<p>En una de sus historias, Alejandro public\u00f3 en su perfil: &#8220;\u00a1Feliz por la resoluci\u00f3n emitida por el Sr. Juez de garant\u00edas, que otorga la excarcelaci\u00f3n extraordinaria de @moreerial!&#8221;. <\/p>\n<\/div>\n<div class=\"sc-198be8ec-0 cynXbu image-embed  image-embed \"><picture class=\"sc-198be8ec-1 kOjRiQ\"><source media=\"(min-width: 975px)\" width=\"720\" height=\"480\" \/><img alt=\"El mensaje de Alejandro Cipolla en apoyo a Morena Rial. Foto: Instagram\" loading=\"lazy\" width=\"720\" height=\"480\" decoding=\"async\" data-nimg=\"1\" style=\"color:transparent\" src=\"https:\/\/13.com.ar\/wp-content\/uploads\/2025\/02\/1739460525_440_todos-los-detalles-de-como-celebro-la-noticia-desde-la.jpg\"\/><span class=\"epigraphe\">El mensaje de Alejandro Cipolla en apoyo a Morena Rial. Foto: Instagram<\/span><span class=\"bkg\"\/><span class=\"picture-open\"><button class=\"open-image\" aria-label=\"Open Image\"\/><\/span><\/picture><\/div>\n<div class=\"sc-80531b6b-0 chRIGJ container-text text-embed\">\n<p>En ese sentido, el abogado felicit\u00f3 a su colega Fernando Burlando que es quien lo reemplaz\u00f3 en esta causa:<strong> &#8220;Excelente el trabajo del Dr. Burlando, como siempre digno de mi admiraci\u00f3n&#8221;. <\/strong><\/p>\n<\/div>\n<div class=\"sc-80531b6b-0 chRIGJ container-text text-embed\">\n<p>Luego, Cipolla destac\u00f3: &#8220;Ahora bien, <strong>para todos los que dudaban de mi labor, ya pueden cerrar la boca,<\/strong> cuando puedan leer la resoluci\u00f3n&#8221;. <\/p>\n<\/div>\n<div class=\"sc-80531b6b-0 chRIGJ container-text text-embed\">\n<p>Para cerrar, el letrado adelant\u00f3 que, a pesar de no ser m\u00e1s el representante legal de Morena Rial en esta causa, seguir\u00e1 acompa\u00f1\u00e1ndola:<strong> &#8220;Morena siempre va contar con mi apoyo, en las buenas y las malas&#8221;. <\/strong><\/p>\n<\/div>\n<\/div>\n<p><br \/>\n<br \/><a href=\"https:\/\/www.clarin.com\/fama\/liberaron-morena-rial-detalles-celebro-noticia-carcel_0_FbHuv7cJVA.html\">Fuente Clarin.com <\/a><\/p>\n","protected":false},"excerpt":{"rendered":"<p>Morena Rial recibi\u00f3 el beneficio de la excarcelaci\u00f3n extraordinaria, tras pasar m\u00e1s de una semana detenida por presunto robo a una vivienda. La hija de Jorge Rial celebr\u00f3 la noticia con pedidos especiales desde la c\u00e1rcel. Primero, la hija de Jorge Rial estuvo alojada en una comisar\u00eda de San Telmo, para luego ser trasladada a [&hellip;]<\/p>\n","protected":false},"author":1,"featured_media":4577,"comment_status":"open","ping_status":"open","sticky":false,"template":"","format":"standard","meta":{"footnotes":""},"categories":[2],"tags":[1411,198,66,2184,924,28,210,923],"class_list":["post-4576","post","type-post","status-publish","format-standard","has-post-thumbnail","hentry","category-ultimas-noticias","tag-carcel","tag-celebro","tag-como","tag-desde","tag-detalles","tag-los","tag-noticia","tag-todos"],"_links":{"self":[{"href":"https:\/\/13.com.ar\/index.php\/wp-json\/wp\/v2\/posts\/4576","targetHints":{"allow":["GET"]}}],"collection":[{"href":"https:\/\/13.com.ar\/index.php\/wp-json\/wp\/v2\/posts"}],"about":[{"href":"https:\/\/13.com.ar\/index.php\/wp-json\/wp\/v2\/types\/post"}],"author":[{"embeddable":true,"href":"https:\/\/13.com.ar\/index.php\/wp-json\/wp\/v2\/users\/1"}],"replies":[{"embeddable":true,"href":"https:\/\/13.com.ar\/index.php\/wp-json\/wp\/v2\/comments?post=4576"}],"version-history":[{"count":0,"href":"https:\/\/13.com.ar\/index.php\/wp-json\/wp\/v2\/posts\/4576\/revisions"}],"wp:featuredmedia":[{"embeddable":true,"href":"https:\/\/13.com.ar\/index.php\/wp-json\/wp\/v2\/media\/4577"}],"wp:attachment":[{"href":"https:\/\/13.com.ar\/index.php\/wp-json\/wp\/v2\/media?parent=4576"}],"wp:term":[{"taxonomy":"category","embeddable":true,"href":"https:\/\/13.com.ar\/index.php\/wp-json\/wp\/v2\/categories?post=4576"},{"taxonomy":"post_tag","embeddable":true,"href":"https:\/\/13.com.ar\/index.php\/wp-json\/wp\/v2\/tags?post=4576"}],"curies":[{"name":"wp","href":"https:\/\/api.w.org\/{rel}","templated":true}]}}